{"id":105855,"date":"2018-12-20T09:52:09","date_gmt":"2018-12-20T14:52:09","guid":{"rendered":"http:\/\/www.bibula.com\/?p=105855"},"modified":"2018-12-20T09:52:09","modified_gmt":"2018-12-20T14:52:09","slug":"skandal-z-holokaustem-w-tle-w-szwajcarskiej-gazecie-pojawil-sie-klamliwy-tekst-odmowiono-publikacji-polemiki-polskiego-ambasadora","status":"publish","type":"post","link":"https:\/\/www.bibula.com\/?p=105855","title":{"rendered":"Skandal z holokaustem w tle! W szwajcarskiej gazecie pojawi\u0142 si\u0119 k\u0142amliwy tekst. Odm\u00f3wiono publikacji polemiki polskiego ambasadora"},"content":{"rendered":"<p><strong>Jakub Kumoch, polski ambasador w Szwajcarii napisa\u0142 polemik\u0119 do artyku\u0142u na temat holokaustu, kt\u00f3ry ukaza\u0142 si\u0119 w szwajcarskim dzienniku \u201eNeue Zuercher Zeitung\u201d. Gazeta zarzuca\u0142a wsp\u00f3\u0142udzia\u0142 w holokau\u015bcie pa\u0144stwom Europy wschodniej.<\/strong><\/p>\r\n<p>12 grudnia w NZZ opublikowano tekst <strong>Simona Geissbuehlera<\/strong> pt. \u201eHolocaust by\u0142 nie tylko niemiecki &#8211; w Europie Wschodniej wielu nie chce tego dostrzec\u201d. &#8211; <em>Powstawanie gett, \u201edzia\u0142ania\u201d Einsatzgruppen, masowe egzekucje, masowe deportacje, a tak\u017ce dzia\u0142ania oboz\u00f3w koncentracyjnych i oboz\u00f3w zag\u0142ady nie odbywa\u0142yby si\u0119 tak g\u0142adko, gdyby Niemcy nie mogli liczy\u0107 na wsparcie lokalnych mieszka\u0144c\u00f3w<\/em> &#8211; pisa\u0142 autor.<\/p>\r\n<p>Jakub Kumoch, polski ambasador w Szwajcarii napisa\u0142 polemik\u0119 do tego tekstu. &#8211; <em>Autorem tego zdania jest historyk i dyplomata (tak, autor jest dyplomat\u0105 kraju neutralnego), kt\u00f3ry powinien w\u0142ada\u0107 metodologi\u0105 badawcz\u0105, aby nie napisa\u0107 czego\u015b takiego &#8211; napisa\u0142. &#8211; Cytowane s\u0142owa s\u0105 aktem oskar\u017cenia, kt\u00f3ry w przesz\u0142o\u015bci podwa\u017cali ju\u017c historycy i badacze. To niemiecka administracja zak\u0142ada\u0142a getta w latach 1940-1941 i nakazywa\u0142a \u017bydom przenie\u015b\u0107 si\u0119 tam pod kar\u0105 \u015bmierci. W tym samym czasie wprowadzono kar\u0119 \u015bmierci za ukrywanie \u017byd\u00f3w, a nast\u0119pnie stosowano j\u0105 z ca\u0142\u0105 surowo\u015bci\u0105 wobec ca\u0142ych rodzin<\/em> &#8211; zauwa\u017ca Kumoch.<\/p>\r\n<p>&#8211; <em>Wed\u0142ug naukowc\u00f3w z Muzeum Auschwitz-Birkenau, oko\u0142o 1200 mieszka\u0144c\u00f3w O\u015bwi\u0119cimia (pomimo terroru) w spos\u00f3b udokumentowany ryzykowa\u0142o \u017cycie, by wspiera\u0107 uciekinier\u00f3w z tej najwi\u0119kszej fabryki \u015bmierci. Ale nie mogli zrobi\u0107 nic przeciwko funkcjonowaniu obozu zag\u0142ady<\/em> &#8211; zaznaczy\u0142.<\/p>\r\n<p>Przypomnia\u0142 tak\u017ce ciemn\u0105 kart\u0119 historii Szwajcarii z tego okresu. &#8211; <em>Dzia\u0142alno\u015b\u0107 polskiego rz\u0105du na uchod\u017astwie jest dobrze znana w Szwajcarii. Ambasada Rzeczypospolitej Polskiej w Bernie sfa\u0142szowa\u0142a w czasie wojny kilka tysi\u0119cy dokument\u00f3w latynoameryka\u0144skich, by ratowa\u0107 \u017byd\u00f3w. By\u0142a r\u00f3wnie\u017c jednym z najwa\u017cniejszych \u017ar\u00f3de\u0142 wiedzy o Holokau\u015bcie dla rz\u0105du szwajcarskiego. Protok\u00f3\u0142 z rozmowy szefa policji Heinricha Rothmunda i polskiego dyplomaty Stefana Ryniewicza z 1943 r. jest prawdopodobnie pierwszym dokumentem, w kt\u00f3rym zachodni polityk u\u017cy\u0142 s\u0142owa \u201eob\u00f3z zag\u0142ady\u201d. Odmawiaj\u0105c przyj\u0119cia \u017cydowskich uchod\u017ac\u00f3w, Rothmund i jego wsp\u00f3\u0142pracownicy (i ci, kt\u00f3rzy przemilczeli t\u0119 spraw\u0119) s\u0105 odpowiedzialni za los prawdopodobnie wi\u0119kszej liczby ludzi ni\u017c mia\u0142o to miejsce w przypadku wi\u0119kszo\u015b\u0107 indywidualnych wsp\u00f3\u0142pracownik\u00f3w i zdrajc\u00f3w w okupowanej Polsce<\/em> &#8211; napisa\u0142 ambasador Kumoch.<\/p>\r\n<p>Szwajcarski dziennik odm\u00f3wi\u0142 publikacji polemiki. Tekst pojawi\u0142 si\u0119 na stronie polskiej ambasady w Szwajcarii.<\/p>\r\n<p><em>\u0179r\u00f3d\u0142o: berno.msz.gov.pl<\/em><\/p>\r\n<p class=\"zrodlo\">Za: <a href=\"https:\/\/nczas.com\/2018\/12\/20\/skandal-z-holokaustem-w-tle-w-szwajcarskiej-gazecie-pojawil-sie-klamliwy-tekst-odmowiono-publikacji-polemiki-polskiego-ambasadora\/\">Najwy\u017cszy Czas! (20\/12\/2018) <\/a><\/p>\r\n<h4>&nbsp;<\/h4>\r\n<hr style=\"background-color: #000000; border-width: 0; color: #000000; height: 2px; line-height: 0; text-align: center; width: 100%;\">\r\n<h4>&nbsp;<\/h4>","protected":false},"excerpt":{"rendered":"Jakub Kumoch, polski ambasador w Szwajcarii napisa\u0142 polemik\u0119 do artyku\u0142u na temat holokaustu, kt\u00f3ry ukaza\u0142 si\u0119 w szwajcarskim dzienniku \u201eNeue Zuercher Zeitung\u201d. Gazeta zarzuca\u0142a wsp\u00f3\u0142udzia\u0142 w holokau\u015bcie pa\u0144stwom Europy wschodniej. 12 grudnia w NZZ opublikowano tekst Simona Geissbuehlera pt. \u201eHolocaust by\u0142 nie tylko niemiecki &#8211; w Europie Wschodniej wielu nie chce tego dostrzec\u201d. &#8211; Powstawanie [&hellip;]","protected":false},"author":1,"featured_media":0,"comment_status":"closed","ping_status":"closed","sticky":false,"template":"","format":"standard","meta":{"_acf_changed":false,"_monsterinsights_skip_tracking":false,"_monsterinsights_sitenote_active":false,"_monsterinsights_sitenote_note":"","_monsterinsights_sitenote_category":0,"ngg_post_thumbnail":0,"footnotes":"","_wp_rev_ctl_limit":""},"categories":[6],"tags":[65,16,22,159,20,239],"acf":[],"_links":{"self":[{"href":"https:\/\/www.bibula.com\/index.php?rest_route=\/wp\/v2\/posts\/105855"}],"collection":[{"href":"https:\/\/www.bibula.com\/index.php?rest_route=\/wp\/v2\/posts"}],"about":[{"href":"https:\/\/www.bibula.com\/index.php?rest_route=\/wp\/v2\/types\/post"}],"author":[{"embeddable":true,"href":"https:\/\/www.bibula.com\/index.php?rest_route=\/wp\/v2\/users\/1"}],"replies":[{"embeddable":true,"href":"https:\/\/www.bibula.com\/index.php?rest_route=%2Fwp%2Fv2%2Fcomments&post=105855"}],"version-history":[{"count":0,"href":"https:\/\/www.bibula.com\/index.php?rest_route=\/wp\/v2\/posts\/105855\/revisions"}],"wp:attachment":[{"href":"https:\/\/www.bibula.com\/index.php?rest_route=%2Fwp%2Fv2%2Fmedia&parent=105855"}],"wp:term":[{"taxonomy":"category","embeddable":true,"href":"https:\/\/www.bibula.com\/index.php?rest_route=%2Fwp%2Fv2%2Fcategories&post=105855"},{"taxonomy":"post_tag","embeddable":true,"href":"https:\/\/www.bibula.com\/index.php?rest_route=%2Fwp%2Fv2%2Ftags&post=105855"}],"curies":[{"name":"wp","href":"https:\/\/api.w.org\/{rel}","templated":true}]}}