{"id":105782,"date":"2018-12-13T10:40:07","date_gmt":"2018-12-13T15:40:07","guid":{"rendered":"http:\/\/www.bibula.com\/?p=105782"},"modified":"2018-12-13T10:41:09","modified_gmt":"2018-12-13T15:41:09","slug":"w-konstytutkach-przeciw-smogowi-stanislaw-michalkiewicz","status":"publish","type":"post","link":"https:\/\/www.bibula.com\/?p=105782","title":{"rendered":"W konstytutkach przeciw smogowi &#8211; <em>Stanis\u0142aw Michalkiewicz<\/em>"},"content":{"rendered":"<p>Szanowni Pa\u0144stwo!<\/p>\r\n<p>We Francji &#8211; a s\u0142ycha\u0107, \u017ce r\u00f3wnie\u017c w Belgii i Szwecji &#8211; powt\u00f3rk\u0119 z rewolucji francuskiej, a mo\u017ce bardziej &#8211; z drugiego ukrai\u0144skiego \u201e<i>Majdanu<\/i>\u201d, robi\u0105 tak zwane \u201e<i>\u017c\u00f3\u0142te kamizelki<\/i>\u201d. U nas \u017cadnych \u201e<i>\u017c\u00f3\u0142tych kamizelek<\/i>\u201d nie ma &#8211; to znaczy oczywi\u015bcie s\u0105, bo rz\u0105d surowo przykaza\u0142, by ka\u017cdy kierowca zaopatrzy\u0142 si\u0119 w tak\u0105 kamizelk\u0119, podobnie jak ka\u017cdy \u017co\u0142nierz musi nosi\u0107 w tornistrze bu\u0142aw\u0119 marsza\u0142kowsk\u0105 &#8211; ale na ulice nikt w nich nie wychodzi, je\u015bli ju\u017c &#8211; to nie w \u017c\u00f3\u0142tych kamizelkach, tylko w konstytutkach, w jakiej na pogrzebie prezydenta Busha zaprezentowa\u0142 si\u0119 by\u0142y prezydent naszego i tak ju\u017c przecie\u017c wystarczaj\u0105co nieszcz\u0119\u015bliwego kraju, Lech Wa\u0142\u0119sa. Taka konstytutka dowodzi, \u017ce jej nosicielowi na sercu i na w\u0105trobie le\u017cy demokracja, a zw\u0142aszcza &#8211; praworz\u0105dno\u015b\u0107, o kt\u00f3r\u0105 trzeba walczy\u0107 w dzie\u0144 i w nocy. Taki jest rozkaz, wi\u0119c konstytutek nie powinno si\u0119 zdejmowa\u0107 ani do spania, ani nawet &#8211; do prania &#8211; tote\u017c nic dziwnego, \u017ce na pogrzebie prezydenta Busha Lech Wa\u0142\u0119sa wzbudza\u0142 powszechne zainteresowanie, chocia\u017c wida\u0107 by\u0142o, \u017ce pozostali \u017ca\u0142obnicy trzymali si\u0119 od niego w pewnej odleg\u0142o\u015bci. Do tej sprawy za chwil\u0119 wr\u00f3cimy, bo warto zwr\u00f3ci\u0107 uwag\u0119 na jeszcze jedn\u0105 przyczyn\u0119, dla kt\u00f3rej na ulice polskich miast \u017cadne \u201e<i>\u017c\u00f3\u0142te kamizelki<\/i>\u201d nie wychodz\u0105. Jak bowiem wiadomo, naszym nieszcz\u0119\u015bliwym krajem wstrz\u0105saj\u0105 rozmaite afery; jak nie Amber Gold, to wy\u0142udzenia VAT-u, jak nie wy\u0142udzenia VAT-u &#8211; to afera reprywatyzacyjna, jak nie reprywatyzacyjna &#8211; to finansowa, ja nie finansowa, to z kolei &#8211; SKOK Wo\u0142omin i tak dalej i tak dalej. Wszystkie te afery maj\u0105 &#8211; jak si\u0119 wydaje &#8211; jeden wsp\u00f3lny mianownik. Ten mianowicie, \u017ce \u017cadna z nich nie by\u0142aby mo\u017cliwa ani na tak\u0105 skal\u0119, ani nie trwa\u0142aby tak d\u0142ugo, bez parasola ochronnego, jaki nad ka\u017cd\u0105 z nich otwiera\u0142y stare kiejkuty. Paso\u017cytuj\u0105c na Polsce od 74 lat, stworzy\u0142y tu sobie gospodarcze imperium, rozkradaj\u0105c nie tylko maj\u0105tek pa\u0144stwowy, ale i mienie obywateli. To wyja\u015bnia, dlaczego nie wyprowadzaj\u0105 swoich konfident\u00f3w na ulice w \u017c\u00f3\u0142tych kamizelkach, tylko we wspomnianych konstytutkach &#8211; bo konstytutki dla imperium starych kiejkut\u00f3w nie stwarzaj\u0105 \u017cadnego zagro\u017cenia, podczas gdy \u017c\u00f3\u0142te kamizelki &#8211; kto wie? Wi\u0119c je\u015bli sejmowe komisje, czy niezawis\u0142e s\u0105dy jakie\u015b tam p\u0142otki zdemaskuj\u0105, czy nawet aresztuj\u0105, to g\u0142\u00f3wni kapitanowie tego wielkiego przemys\u0142u nie tylko pozostaj\u0105 bezkarni, ale r\u00f3wnie\u017c &#8211; nieznani &#8211; bo ka\u017cdy nieub\u0142agany palec, kt\u00f3ry by na nich wskaza\u0142, zosta\u0142by natychmiast odr\u0105bany przez czujnych i zdyscyplinowanych konfident\u00f3w w niezale\u017cnych mediach g\u0142\u00f3wnego nurtu, w organach \u015bcigania, niezawis\u0142ych s\u0105dach i wreszcie &#8211; w konstytucyjnych organach naszego bantustanu. Za to konstytutek mo\u017cna u\u017cywa\u0107, ile dusza zapragnie, tote\u017c i konfidenci i gromady po\u017cytecznych idiot\u00f3w skwapliwie z tego pozwolenia korzystaj\u0105 w dodatku w przekonaniu, \u017ce naszemu nieszcz\u0119\u015bliwemu krajowi oddaj\u0105 wielk\u0105 przys\u0142ug\u0119. Jak wspomnia\u0142em, na dow\u00f3d przywi\u0105zania do praworz\u0105dno\u015bci, takich konstytutek nie powinno si\u0119 zdejmowa\u0107 nawet do prania &#8211; i z tego powodu zrodzi\u0142 si\u0119 dodatkowy problem.<\/p>\r\n<p>Jak wiadomo, w Katowicach, zwanych w swoim czasie Stalinogrodem, odbywa si\u0119 szczyt klimatyczny, na kt\u00f3rym proletariusze wszystkich kraj\u00f3w radz\u0105, jak by tu walczy\u0107 z klimatem. Wcze\u015bniej te\u017c walczyli\u015bmy &#8211; a to z \u201e<i>reakcj\u0105<\/i>\u201d, a to ze stonk\u0105, a to z \u201e<i>chocho\u0142ami i kolesiami<\/i>\u201d, a to z \u201e<i>syjonistami<\/i>\u201d, co to wyp\u0119dzali si\u0119 do \u201e<i>Syjamu<\/i>\u201d, a to z odwetowcami i rewizjonistami. Teraz jest rozkaz, \u017ceby walczy\u0107 z \u201e<i>terroryzmem<\/i>\u201d, \u201e<i>ekstremizmem<\/i>\u201d, \u201e<i>populizmem<\/i>\u201d, \u201e<i>antysemityzmem<\/i>\u201d, a dodatkowo &#8211; r\u00f3wnie\u017c z klimatem. Wcze\u015bniej bowiem ludzko\u015b\u0107 walczy\u0142a z \u201e<i>dziur\u0105 ozonow\u0105<\/i>\u201d, ale dzisiaj po tej dziurze &#8211; ani \u015bladu, wi\u0119c post\u0119powcy odkryli \u201e<i>globalne ocieplenie<\/i>\u201d. Ju\u017c wszyscy nastawili si\u0119 na walk\u0119 z tym ociepleniem, ale w Ameryce, jedna po drugiej, nasta\u0142y bardzo ci\u0119\u017ckie zimy, wi\u0119c spryciarze wykombinowali sobie, \u017ce mo\u017ce lepiej nie precyzowa\u0107, \u017ce chodzi akurat o ocieplenie, tylko nawija\u0107 bezpieczniej &#8211; \u017ce chodzi o \u201e<i>zmiany klimatyczne<\/i>\u201d. Klimat, jak wiadomo, nieustannie si\u0119 zmienia, wi\u0119c z tymi zmianami mo\u017cna spokojnie walczy\u0107 je\u015bli nawet nie do ko\u0144ca \u015bwiata, to w ka\u017cdym razie &#8211; do emerytury. <span class=\"pullquote\">Ale do ka\u017cdej walki trzeba doda\u0107 dramatyzmu, tote\u017c specjali\u015bci od rozhu\u015btywania opinii publicznej rzucili has\u0142o do walki ze smogiem<\/span>. Okaza\u0142o si\u0119, \u017ce ten smog jest tak samo gro\u017any, jak niekt\u00f3re inne gazy i pan red. Szymon Ho\u0142ownia odkry\u0142, \u017ce z jego powodu umiera tyle samo dzieci, co z powodu aborcji, to znaczy &#8211; co najmniej 20 tysi\u0119cy &#8211; ale przelicytowa\u0142 go pan Rafa\u0142 Betlejewski, kt\u00f3ry naliczy\u0142 ju\u017c 40 tysi\u0119cy ofiar. Tote\u017c post\u0119powcy jeden przez drugiego kupuj\u0105 sobie maseczki, zapominaj\u0105c, \u017ce smog, podobnie jak niekt\u00f3re inne gazy, wch\u0142ania si\u0119 r\u00f3wnie\u017c przez sk\u00f3r\u0119, wi\u0119c maseczka pomaga tyle, co umar\u0142emu kadzid\u0142o. Tymczasem tak naprawd\u0119 chodzi o to, by pa\u0144stwa g\u0142upie i s\u0142abe nak\u0142oni\u0107 do rezygnacji z dost\u0119pnych dla nich surowc\u00f3w energetycznych, tylko do kupowania innych, kt\u00f3re ch\u0119tnie b\u0119d\u0105 im sprzedawa\u0107 pa\u0144stwa m\u0105dre i silne. Tego jednak nie mo\u017cna otwarcie powiedzie\u0107, za to mo\u017cna, a nawet nale\u017cy walczy\u0107 ze smogiem &#8211; oczywi\u015bcie w konstytutkach.<\/p>\r\n<p><strong><em>Stanis\u0142aw Michalkiewicz<\/em><\/strong><\/p>\r\n<p>Felieton &nbsp;<b>\u2022<\/b>&nbsp; Radio Maryja &nbsp;<b>\u2022<\/b>&nbsp; 13 grudnia 2018<\/p>\r\n<p><i>Sta\u0142y komentarz Stanis\u0142awa Michalkiewicza z cyklu \u201eMy\u015bl\u0105c Ojczyzna\u201d jest emitowany w Radiu Maryja w ka\u017cd\u0105 \u015brod\u0119 o godz. 20.50. Komentarze nie s\u0105 emitowane podczas przerwy wakacyjnej w lipcu i sierpniu.<\/i> <br>\r\n<br>\r\n<span style=\"text-decoration: underline;\"><a title=\"\" href=\"http:\/\/www.radiomaryja.pl\/?s=Stanis%C5%82aw+Michalkiewicz\">Tu znajdziesz komentarze w plikach mp3 &#8211; do wys\u0142uchania lub \u015bci\u0105gni\u0119cia<\/a>.<\/span><\/p>","protected":false},"excerpt":{"rendered":"Szanowni Pa\u0144stwo! We Francji &#8211; a s\u0142ycha\u0107, \u017ce r\u00f3wnie\u017c w Belgii i Szwecji &#8211; powt\u00f3rk\u0119 z rewolucji francuskiej, a mo\u017ce bardziej &#8211; z drugiego ukrai\u0144skiego \u201eMajdanu\u201d, robi\u0105 tak zwane \u201e\u017c\u00f3\u0142te kamizelki\u201d. U nas \u017cadnych \u201e\u017c\u00f3\u0142tych kamizelek\u201d nie ma &#8211; to znaczy oczywi\u015bcie s\u0105, bo rz\u0105d surowo przykaza\u0142, by ka\u017cdy kierowca zaopatrzy\u0142 si\u0119 w tak\u0105 kamizelk\u0119, [&hellip;]","protected":false},"author":1,"featured_media":0,"comment_status":"closed","ping_status":"closed","sticky":false,"template":"","format":"standard","meta":{"_acf_changed":false,"_monsterinsights_skip_tracking":false,"_monsterinsights_sitenote_active":false,"_monsterinsights_sitenote_note":"","_monsterinsights_sitenote_category":0,"ngg_post_thumbnail":0,"footnotes":"","_wp_rev_ctl_limit":""},"categories":[9],"tags":[93,84,98,34,20,73],"acf":[],"_links":{"self":[{"href":"https:\/\/www.bibula.com\/index.php?rest_route=\/wp\/v2\/posts\/105782"}],"collection":[{"href":"https:\/\/www.bibula.com\/index.php?rest_route=\/wp\/v2\/posts"}],"about":[{"href":"https:\/\/www.bibula.com\/index.php?rest_route=\/wp\/v2\/types\/post"}],"author":[{"embeddable":true,"href":"https:\/\/www.bibula.com\/index.php?rest_route=\/wp\/v2\/users\/1"}],"replies":[{"embeddable":true,"href":"https:\/\/www.bibula.com\/index.php?rest_route=%2Fwp%2Fv2%2Fcomments&post=105782"}],"version-history":[{"count":0,"href":"https:\/\/www.bibula.com\/index.php?rest_route=\/wp\/v2\/posts\/105782\/revisions"}],"wp:attachment":[{"href":"https:\/\/www.bibula.com\/index.php?rest_route=%2Fwp%2Fv2%2Fmedia&parent=105782"}],"wp:term":[{"taxonomy":"category","embeddable":true,"href":"https:\/\/www.bibula.com\/index.php?rest_route=%2Fwp%2Fv2%2Fcategories&post=105782"},{"taxonomy":"post_tag","embeddable":true,"href":"https:\/\/www.bibula.com\/index.php?rest_route=%2Fwp%2Fv2%2Ftags&post=105782"}],"curies":[{"name":"wp","href":"https:\/\/api.w.org\/{rel}","templated":true}]}}