{"id":105685,"date":"2018-12-08T22:17:15","date_gmt":"2018-12-09T03:17:15","guid":{"rendered":"http:\/\/www.bibula.com\/?p=105685"},"modified":"2018-12-30T16:06:04","modified_gmt":"2018-12-30T21:06:04","slug":"jak-naprawic-swiat-stanislaw-michalkiewicz","status":"publish","type":"post","link":"https:\/\/www.bibula.com\/?p=105685","title":{"rendered":"Jak naprawi\u0107 \u015bwiat? &#8211; <em>Stanis\u0142aw Michalkiewicz<\/em>"},"content":{"rendered":"<p>Ajajajajajajaj! Panie Piperman, pan jeszcze tu? Pan jed\u017a do Katowic, pan musisz walczy\u0107 z klimatem! &#8211; Tak mog\u0142aby si\u0119 zacz\u0105\u0107 kolejna rozmowa pana Pipermana z panem Biberglancem, kupcami, co to handluj\u0105, czym si\u0119 da, a specjalnie takim towarem, co to ani nie da si\u0119 wzi\u0105\u0107 w r\u0119k\u0119, ani nie da si\u0119 zwa\u017cy\u0107, ani nie da si\u0119 zmierzy\u0107, ani si\u0119 nie psuje. To znaczy, da\u0142by si\u0119 zwa\u017cy\u0107, czy zmierzy\u0107, gdyby komu\u015b zachcia\u0142o si\u0119 to robi\u0107, ale nikomu si\u0119 nie chce. Na przyk\u0142ad gazem &#8211; ale nie takim do palenia, czy trucia, tylko gazem cieplarnianym, co to robi straszliwe spustoszenie w\u015br\u00f3d ludzko\u015bci. Bij\u0105 na alarm nie tylko m\u0105drzy, roztropni i przyzwoici, co to rozpoznaj\u0105 si\u0119 po zapachu, ale nawet pan redaktor Szymon Ho\u0142ownia, kt\u00f3ry odkry\u0142 straszliw\u0105 prawd\u0119, \u017ce co najmniej tyle samo dzieci pada ofiar\u0105 smogu, co aborcji. \u0141adny interes! Wprawdzie pan red. Ho\u0142ownia unika szczeg\u00f3\u0142\u00f3w, ale i bez szczeg\u00f3\u0142\u00f3w wygl\u0105da to katastrofalnie, zw\u0142aszcza \u017ce w 2017 roku w szpitalach imienia judejskiego Kr\u00f3la Heroda wykonano 1061 aborcji, a \u201e<i>Dziewuchy<\/i>\u201d powiadaj\u0105, \u017ce to zaledwie czubek g\u00f3ry lodowej, bo opr\u00f3cz danych oficjalnych jest jeszcze \u201e<i>ciemna liczba<\/i>\u201d &#8211; wielokrotnie wy\u017csza. Je\u015bli maj\u0105 racj\u0119, to rocznie aborcje id\u0105 w tysi\u0105ce, a w takim razie tysi\u0105ce dzieci powinny te\u017c corocznie umiera\u0107 z powodu smogu. Ale czy aby na pewno z powodu smogu? W 2014 roku umar\u0142o w Polsce 2625 dzieci, ale ze statystyk medycznych wynika, \u017ce co najmniej po\u0142owa z nich zmar\u0142a \u201e<i>z przyczyn zewn\u0119trznych o charakterze przypadkowym lub zamierzonym<\/i>\u201d. W\u015br\u00f3d przyczyn zgon\u00f3w dzieci choroby uk\u0142adu oddechowego stanowi\u0105 niewielki odsetek, a czy przyczyn\u0105 tych chor\u00f3b jest smog &#8211; tego chyba nikt &#8211; oczywi\u015bcie poza panem redaktorem Ho\u0142owni\u0105, kt\u00f3ry najwyra\u017aniej dysponuje wiedz\u0105 aprioryczn\u0105 &#8211; nie wie. Ale skoro ju\u017c pad\u0142 rozkaz, by walczy\u0107 ze smogiem, to walczy kto mo\u017ce. W nie\u015bmiertelnym poemacie \u201e<i>Twarzysz Szmaciak<\/i>\u201d autor pisze: \u201e<i>Ju\u017c z nowym wrogiem toczy walk\u0119, ju\u017c ma lod\u00f3wk\u0119, w\u00f3zek, pralk\u0119&#8230;<\/i>\u201d, wi\u0119c ka\u017cdy argument, nawet je\u015bli ma charakter \u201e<i>faktu prasowego<\/i>\u201d jest dobry.<\/p>\r\n<p>Na katowickim szczycie klimatycznym zatroskani obro\u0144cy \u015brodowiska naturalnego radz\u0105, jakby tu uratowa\u0107 planet\u0119 od gaz\u00f3w cieplarnianych, kt\u00f3re najwyra\u017aniej okazuj\u0105 si\u0119 gro\u017aniejsze od s\u0142ynnego Cyklonu B. Chocia\u017c ta troska jest dowodem nowoczesno\u015bci, to przecie\u017c do tradycji te\u017c si\u0119 tam nawi\u0105zuje. Ksi\u0105\u017c\u0119 Karol Radziwi\u0142\u0142 \u201e<i>Panie Kochanku<\/i>\u201d zaprosi\u0142 by\u0142 raz do swego pa\u0142acu w Warszawie wszystkich pos\u0142\u00f3w prowincji litewskiej. S\u0142u\u017cba pootwiera\u0142a stoj\u0105ce w k\u0105cie beczki i na srebrne tace z wielkim ha\u0142asem wysypywa\u0142a ostrygi, a inni roznosili toru\u0144skie pierniki i g\u0105siorki z gda\u0144sk\u0105 w\u00f3dk\u0105. Kiedy ju\u017c te przygotowania zako\u0144czono, ksi\u0105\u017c\u0119 Karol odezwa\u0142 si\u0119 w te s\u0142owa: \u201e<i>mo\u015bci panowie, zanim zaczniemy radzi\u0107 o dobru Rzeczypospolitej, posilmy si\u0119 nieco!<\/i>\u201d Tote\u017c uczestnikom katowickiego szczytu jacy\u015b zazdro\u015bnicy nieub\u0142aganym palcem wytkn\u0119li, \u017ce w kongresowym menu by\u0142y dania mi\u0119sne &#8211; a nic tak nie zagra\u017ca \u015brodowisku, jak dania mi\u0119sne. No, mo\u017ce jeszcze groch &#8211; chocia\u017c inne produkty ro\u015blinne te\u017c mog\u0105 by\u0107 niebezpieczne. Cyrano de Bergerac na przyk\u0142ad natrz\u0105sa\u0142 si\u0119 z Diogenesa, \u017ce \u201e<i>pierdz\u0105c po marchwi, kt\u00f3r\u0105 si\u0119 karmi\u0142, wzdycha\u0142 do Leidy<\/i>\u201d. Na tym przyk\u0142adzie wida\u0107, \u017ce trudno \u015brodowisku dogodzi\u0107, wi\u0119c chyba trzeba b\u0119dzie si\u0119gn\u0105\u0107 po rozwi\u0105zania radykalne.<\/p>\r\n<p>Powiadaj\u0105, \u017ce \u201e<i>Duch \u015awi\u0119ty przemawia przez usta dziecka<\/i>\u201d. Tote\u017c w Katowicach pojawi\u0142a si\u0119 szwedzka 15-latka, gwoli pouczenia zebranych tam m\u0105drali. Greta Thunberg &#8211; bo o niej mowa &#8211; ju\u017c w wieku 9 lat przesta\u0142a je\u015b\u0107 mi\u0119so, a poza tym \u201e<i>nie kupuje zb\u0119dnych rzeczy, a po mie\u015bcie je\u017adzi wy\u0142\u0105cznie rowerem<\/i>\u201d. Ale &#8211; powiedzmy sobie otwarcie i szczerze &#8211; czy ten rower jest aby na pewno niezb\u0119dny? Czy panna Greta nie mog\u0142aby tak chodzi\u0107 po mie\u015bcie piechot\u0105? Zreszt\u0105 &#8211; dlaczego po mie\u015bcie? Czy miasto jest niezb\u0119dne? Za moich czas\u00f3w m\u00f3wiono, \u017ce Pan B\u00f3g stworzy\u0142 wie\u015b, cz\u0142owiek &#8211; miasto, a diabe\u0142 &#8211; ma\u0142e miasteczka. Jak tam by\u0142o, tak tam by\u0142o, ale skoro mieszka\u0144cy wsi, czy nawet ma\u0142ych miasteczek obywaj\u0105 si\u0119 jako\u015b bez miasta, to czy panna Greta te\u017c by nie mog\u0142a? Skoro oszcz\u0119dza na papierze &#8211; r\u00f3wnie\u017c chyba toaletowym &#8211; to czy pan redaktor Michnik nie m\u00f3g\u0142by p\u00f3j\u015b\u0107 w jej \u015blady i zaprzesta\u0107 marnowania papieru na wydawanie \u201e<i>Gazety Wyborczej<\/i>\u201d, na co trzebione s\u0105 ca\u0142e lasy? M\u0142odzi Australijczycy nie czekali nie wiadomo na co, tylko poszli na wagary, by w ten spos\u00f3b zademonstrowa\u0107 przeciwko z\u0142owrogiemu klimatowi, wi\u0119c i pan redaktor Michnik te\u017c m\u00f3g\u0142by co\u015b zrobi\u0107 dla ludzko\u015bci. Dopiero na tym tle mo\u017cemy oceni\u0107 eksperyment wybitnego przyw\u00f3dcy socjalistycznego Pol Pota, kt\u00f3ry gwoli zmeliorowania \u015bwiata wyp\u0119dzi\u0142 ludno\u015b\u0107 z miast na wie\u015b, gdzie mogli do woli oddycha\u0107 \u015bwie\u017cym powietrzem i za\u017cywa\u0107 ruchu, ile tylko dusza zapragnie. Mieszka\u0144cy wielu zagranicznych wielkich miast pot\u0119pili go za to, a przecie\u017c dobrze chcia\u0142, podobnie jak Adolf Hitler, kt\u00f3ry pope\u0142ni\u0142 ten jeden zasadniczy b\u0142\u0105d, \u017ce naprawianie \u015bwiata rozpocz\u0105\u0142 od niew\u0142a\u015bciwej strony. Generalnie jednak nie da si\u0119 tego unikn\u0105\u0107, bo wida\u0107 jak na d\u0142oni, \u017ce przyczyn\u0105 zmian klimatycznych jest cz\u0142owiek. Gdyby tak zredukowa\u0107 ludzko\u015b\u0107, powiedzmy o 6,5 miliarda &#8211; jak radzi pan prof. Ehrlich z Pensylwanii &#8211; bo przecie\u017c nie ca\u0142kowicie; jaki\u015b miliard trzeba by jednak zostawi\u0107, \u017ceby by\u0142o komu po\u017cycza\u0107 na procent. Wtedy \u015brodowisko naturalne by od\u017cy\u0142o, a i pozostawiona przy \u017cyciu zdrowa cz\u0119\u015b\u0107 ludzko\u015bci zyska\u0142aby wreszcie upragnion\u0105 Lebensraum. W ten spos\u00f3b zasadniczy kszta\u0142t programu melioracji \u015bwiata powoli si\u0119 nam wy\u0142ania i do rozstrzygni\u0119cia pozostaje tylko kwestia &#8211; od kogo zaczynamy redukcj\u0119. Wiadomo, \u017ce od \u017byd\u00f3w nie mo\u017cna, bo na tym w\u0142a\u015bnie polega\u0142 b\u0142\u0105d Hitlera. Stalin na przyk\u0142ad robi\u0142 inaczej i cz\u0119sto z pomocy \u017byd\u00f3w, jak na przyk\u0142ad W\u0142adimira Jefimowicza Cesarskiego, czy Aleksandra Minajew-Cykanowskiego, kt\u00f3rzy pomagali Miko\u0142ajowi Je\u017cowowi w \u201e<i>operacji polskiej NKWD<\/i>\u201d, ch\u0119tnie korzysta\u0142. Wprawdzie wtedy uwolni\u0142 \u015bwiat zaledwie od jakich\u015b 200 tysi\u0119cy Polak\u00f3w, wi\u0119c z punktu widzenia \u015brodowiska nie mia\u0142o to wielkiego znaczenia, ale przecie\u017c nie od razu Krak\u00f3w zbudowano. Zreszt\u0105 poza Polakami by\u0142y te\u017c inne nacje i grupy spo\u0142eczne, wi\u0119c &#8211; jak podaje Aleksander So\u0142\u017cenicyn &#8211; komuni\u015bci uwolnili \u015bwiat od jakich\u015b 100 milion\u00f3w ludzi. To ju\u017c jest co\u015b, ale 6,5 miliarda to zadanie na miar\u0119 epoki. \u201e<i>By mo\u017cna by\u0142o ludzko\u015b\u0107 zbawi\u0107, trzeba si\u0119 najpierw z ni\u0105 rozprawi\u0107, bo tylko z morza krwi i m\u0119czarni narodzi si\u0119 przecudna t\u0119cza<\/i>\u201d &#8211; poucza poeta. Tymczasem uczestnicy szczytu klimatycznego w Katowicach targuj\u0105 si\u0119 o drobiazgi, co nieub\u0142aganym palcem wytkn\u0119\u0142a im rezolutna panna Greta. \u201e<i>Nie zmienimy \u015bwiata w cudowny, bezbolesny spos\u00f3b. Musimy zacz\u0105\u0107 od wyrzecze\u0144<\/i>\u201d &#8211; powiedzia\u0142a. I s\u0142uszna jej racja, bez wyrzecze\u0144 si\u0119 nie da, ale wyrzeczenie si\u0119 mi\u0119sa przecie\u017c nie wystarczy. Postawmy pytanie zasadnicze: czy \u017cycie naprawd\u0119 jest takie niezb\u0119dne? Go\u0142ym okiem wida\u0107, \u017ce nie jest; cmentarze s\u0105 pe\u0142ne ludzi niezast\u0105pionych, a skoro tak, to trzeba ruszy\u0107 z posad bry\u0142\u0119 \u015bwiata i skoncentrowa\u0107 si\u0119 na sprawach jeszcze wa\u017cniejszych od handlu limitami dwutlenku w\u0119gla, kt\u00f3rym ju\u017c zajm\u0105 si\u0119 fachowo pan Piperman z panem Biberglancem.<\/p>\r\n<p><strong><em>Stanis\u0142aw Michalkiewicz<\/em><\/strong><\/p>\r\n<p><i>Sta\u0142y komentarz Stanis\u0142awa Michalkiewicza ukazuje si\u0119 w ka\u017cdym numerze tygodnika \u201eGoniec\u201d (Toronto, Kanada).<\/i><\/p>\r\n<p>Komentarz &nbsp;<b>\u2022<\/b>&nbsp; tygodnik \u201eGoniec\u201d (Toronto) &nbsp;<b>\u2022<\/b>&nbsp; 9 grudnia 2018<\/p>","protected":false},"excerpt":{"rendered":"Ajajajajajajaj! Panie Piperman, pan jeszcze tu? Pan jed\u017a do Katowic, pan musisz walczy\u0107 z klimatem! &#8211; Tak mog\u0142aby si\u0119 zacz\u0105\u0107 kolejna rozmowa pana Pipermana z panem Biberglancem, kupcami, co to handluj\u0105, czym si\u0119 da, a specjalnie takim towarem, co to ani nie da si\u0119 wzi\u0105\u0107 w r\u0119k\u0119, ani nie da si\u0119 zwa\u017cy\u0107, ani nie da [&hellip;]","protected":false},"author":1,"featured_media":0,"comment_status":"closed","ping_status":"closed","sticky":false,"template":"","format":"standard","meta":{"_acf_changed":false,"_monsterinsights_skip_tracking":false,"_monsterinsights_sitenote_active":false,"_monsterinsights_sitenote_note":"","_monsterinsights_sitenote_category":0,"ngg_post_thumbnail":0,"footnotes":"","_wp_rev_ctl_limit":""},"categories":[9],"tags":[93,98,34,20],"acf":[],"_links":{"self":[{"href":"https:\/\/www.bibula.com\/index.php?rest_route=\/wp\/v2\/posts\/105685"}],"collection":[{"href":"https:\/\/www.bibula.com\/index.php?rest_route=\/wp\/v2\/posts"}],"about":[{"href":"https:\/\/www.bibula.com\/index.php?rest_route=\/wp\/v2\/types\/post"}],"author":[{"embeddable":true,"href":"https:\/\/www.bibula.com\/index.php?rest_route=\/wp\/v2\/users\/1"}],"replies":[{"embeddable":true,"href":"https:\/\/www.bibula.com\/index.php?rest_route=%2Fwp%2Fv2%2Fcomments&post=105685"}],"version-history":[{"count":0,"href":"https:\/\/www.bibula.com\/index.php?rest_route=\/wp\/v2\/posts\/105685\/revisions"}],"wp:attachment":[{"href":"https:\/\/www.bibula.com\/index.php?rest_route=%2Fwp%2Fv2%2Fmedia&parent=105685"}],"wp:term":[{"taxonomy":"category","embeddable":true,"href":"https:\/\/www.bibula.com\/index.php?rest_route=%2Fwp%2Fv2%2Fcategories&post=105685"},{"taxonomy":"post_tag","embeddable":true,"href":"https:\/\/www.bibula.com\/index.php?rest_route=%2Fwp%2Fv2%2Ftags&post=105685"}],"curies":[{"name":"wp","href":"https:\/\/api.w.org\/{rel}","templated":true}]}}