{"id":105586,"date":"2018-12-04T10:27:09","date_gmt":"2018-12-04T15:27:09","guid":{"rendered":"http:\/\/www.bibula.com\/?p=105586"},"modified":"2018-12-04T16:39:48","modified_gmt":"2018-12-04T21:39:48","slug":"cop24-wiadomo-kto-zaplaci-i-kto-zarobi","status":"publish","type":"post","link":"https:\/\/www.bibula.com\/?p=105586","title":{"rendered":"COP24: Wiadomo, kto zap\u0142aci i kto zarobi"},"content":{"rendered":"<p><strong>Ju\u017c pierwszego dnia oenzetowskiego szczytu klimatycznego w Katowicach znalaz\u0142 si\u0119 ch\u0119tny na jeszcze wi\u0119ksze kredytowanie \u201ewalki z globalnym ociepleniem\u201d. Niestety, nie jest to dobra wiadomo\u015b\u0107 dla podatnik\u00f3w i konsument\u00f3w. <\/strong><\/p>\r\n<p>W poniedzia\u0142ek 3 grudnia prezydent Andrzej Duda otworzy\u0142 szczyt klimatyczny COP24. \u201ePodczas zainaugurowanego w stolicy G\u00f3rnego \u015al\u0105ska Szczytu Klimatycznego #ONZ #COP24 Prezydent RP zaprezentowa\u0142 g\u0142\u00f3wne tezy deklaracji #JustTransition. Mowa w niej o transformacji, kt\u00f3ra pozwoli ochroni\u0107 klimat przy jednoczesnym utrzymaniu rozwoju gospodarczego i miejsc pracy\u201d &#8211; czytamy na Twitterze Kancelarii Prezydenta.<\/p>\r\n<p>Przedstawiona przez prezydenta Dud\u0119 deklaracja \u201eJust Transition\u201d nawo\u0142uje do \u201eobni\u017cania emisji gaz\u00f3w cieplarnianych przy uwzgl\u0119dnianiu potrzeb obywateli i gospodarek poszczeg\u00f3lnych pa\u0144stw\u201d. Prezydent m\u00f3wi\u0142 o \u201eekstremalnych zjawiskach pogodowych\u201d, maj\u0105cych miejsce r\u00f3wnie\u017c w Polsce, kt\u00f3re rzekomo wynikaj\u0105 z \u201edynamicznych zmian klimatu\u201d, jednak w \u017caden spos\u00f3b nie wykaza\u0142 tej zale\u017cno\u015bci. Nie przedstawi\u0142 te\u017c dowod\u00f3w na to, \u017ce emisja dwutlenku w\u0119gla do atmosfery powoduje globalne ocieplenie.<\/p>\r\n<p>Prezydent przypomnia\u0142 natomiast o tym, \u017ce po 1989 r. \u201edokona\u0142 si\u0119 w Polsce jeden z najwi\u0119kszych w Europie post\u0119p w zakresie efektywnego wykorzystania energii i poprawy jako\u015bci \u015brodowiska\u201d. Polska zmniejszy\u0142a emisje gaz\u00f3w cieplarnianych o oko\u0142o 30 procent w por\u00f3wnaniu z rokiem 1988, \u201echo\u0107 wymaganie protoko\u0142u z Kioto to 6 procent\u201d. Zdaniem prezydenta, polityka klimatyczna nie mo\u017ce powodowa\u0107 szkody dla gospodarki i spo\u0142ecze\u0144stwa. I w tym nale\u017cy si\u0119 z prezydentem zgodzi\u0107. Dlatego przedstawiciele polskiej delegacji ju\u017c zacz\u0119li wspomina\u0107 o konieczno\u015bci uznania przez ONZ mo\u017cliwo\u015bci bilansowania emisji dwutlenku w\u0119gla do atmosfery przez sadzenie odpowiednich gatunk\u00f3w drzew, kt\u00f3re poch\u0142aniaj\u0105 ten gaz. I jest to jedyny dobry kierunek, kt\u00f3ry cho\u0107 cz\u0119\u015bciowo mo\u017ce uratowa\u0107 kieszenie Polak\u00f3w.<\/p>\r\n<p><strong>Kredytodawca ju\u017c przebiera nogami<\/strong><\/p>\r\n<p>W Katowicach mia\u0142o swoje przem\u00f3wienia wielu znakomitych go\u015bci ze \u015bwiata polityki, w tym tak\u017ce sekretarz generalny ONZ Antonio Guterres oraz przewodnicz\u0105ca Zgromadzenia Og\u00f3lnego ONZ Maria Fernanda Espinosa. Mo\u017cna by\u0142o us\u0142ysze\u0107 ich histeryczne wypowiedzi o k\u0142opotach pa\u0144stw i ludzi zwi\u0105zanych ze zmianami klimatycznymi, o zmianach klimatu, kt\u00f3re rzekomo niszcz\u0105 ca\u0142e kraje (bez podania konkretnych przyk\u0142ad\u00f3w) i o konieczno\u015bci wstrzymania tych zmian, kt\u00f3re nast\u0119puj\u0105 szybkiej ni\u017c si\u0119 wcze\u015bniej spodziewano. Celem tych dzia\u0142a\u0144 ma by\u0107 ochrona planety. Sekretarz Guterres powiela\u0142 m.in. nonsensy i niespe\u0142nione proroctwa fanatyka walki z globalnym ociepleniem oraz by\u0142ego wiceprezydenta USA Ala Gora o tym, \u017ce je\u015bli nie zmniejszy si\u0119 emisji, to stopniej\u0105 obszary polarne (wed\u0142ug Gore\u2019a Arktyka mia\u0142a by\u0107 wolna od lod\u00f3w\u2026 ju\u017c w 2014 r.) i zwi\u0119kszy si\u0119 poziom ocean\u00f3w (w 2006 r. Gore powiedzia\u0142, \u017ce w \u201ebliskiej przysz\u0142o\u015bci\u201d poziom m\u00f3rz zwi\u0119kszy si\u0119 o 6 metr\u00f3w, a do tej pory nic takiego nie nast\u0105pi\u0142o).<\/p>\r\n<p><strong>Ambitne zad\u0142u\u017canie<\/strong><\/p>\r\n<p>Ju\u017c w pierwszym dniu konferencji w Katowicach Kristalina Georgiewa, wiceprezes Banku \u015awiatowego, postraszy\u0142a, \u017ce instytucja, w kt\u00f3rej pracuje, zamierza podwoi\u0107 zaanga\u017cowanie finansowe po 2020 r. na rzecz walki ze zmianami klimatu. Ot\u00f3\u017c Bank \u015awiatowy chce, by w ci\u0105gu nast\u0119pnych pi\u0119ciu lat pa\u0144stwa \u015bwiata zad\u0142u\u017cy\u0142y si\u0119 u niego na gigantyczn\u0105 kwot\u0119 200 mld dolar\u00f3w, \u201eaby kraje mog\u0142y podejmowa\u0107 ambitne dzia\u0142ania na rzecz klimatu\u201d. To mniej wi\u0119cej tyle, ile wynosz\u0105 roczne wydatki publiczne w Polsce. Kto sp\u0142aci te kredyty z odsetkami? Oczywi\u015bcie, podatnicy i konsumenci poprzez wy\u017csze ceny towar\u00f3w (na szczycie ju\u017c pojawi\u0142 si\u0119 pomys\u0142 wprowadzenia w Polsce podatku w\u0119glowego). Czy wi\u0119c g\u0142\u00f3wnym celem ca\u0142ej tej walki z klimatem nie jest zysk dla bankster\u00f3w i \u015bwiatowej finansjery?<\/p>\r\n<p>Ale nie tylko. Poza Bankiem \u015awiatowym s\u0105 jeszcze inni ch\u0119tni na powa\u017cny zarobek na walce z klimatem (cokolwiek to znaczy). S\u0105 to w\u0142a\u015bciciele nowoczesnych technologii i producenci drogich instalacji wykorzystuj\u0105cych odnawialne \u017ar\u00f3d\u0142a energii. Bertrand Piccard, prezes Solar Impulse Foundation, m\u00f3wi\u0142, \u017ce odpowiednie technologie ju\u017c istniej\u0105. Zach\u0119ca\u0142 w Katowicach do tego, by z nich korzysta\u0107 i nie patrze\u0107 na nie jak na koszty, a raczej jak na inwestycje. Problem w tym, \u017ce by\u0107 mo\u017ce bogatego Szwajcara na to sta\u0107, biednego Polaka &#8211; niekoniecznie.<\/p>\r\n<p><strong><em>Tomasz Cukiernik<\/em><\/strong><\/p>\r\n<p class=\"zrodlo\">Za: <a href=\"https:\/\/www.pch24.pl\/cop24--wiadomo--kto-zaplaci-i-kto-zarobi,64562,i.html\">PoloniaChristiana &#8211; pch24.pl (2018-12-03)<\/a><\/p>\r\n<blockquote>\r\n<p>[<strong>Wybrane wypowiedzi internaut\u00f3w pod w\/w tekstem na stronie \u017ar\u00f3d\u0142owej:<\/strong>]<\/p>\r\n<p>Wiadomo \u017ce chodzi o kase. Biedni maj\u0105 zosta\u0107 biednymi.<br>\r\n<em>czeslaw<\/em><br>\r\n<br>\r\nMy\u015bl\u0119, \u017ce takie spotkania jak te dowodz\u0105 wyraznie, \u017ce piek\u0142o istnieje. Wielu m\u00f3wc\u00f3w tej \u015bmiesznej debaty o wszystkim i o niczym to ludzie maj\u0119tni, kt\u00f3rzy nie maj\u0105 problem\u00f3w z codziennym \u017cyciem. Je\u017celi m\u00f3wi\u0105 o jaki\u015b technologiach to przede wszystkim po to, aby zarobi\u0107 i mie\u0107 w\u0142adz\u0119 kosztem najubo\u017cszych. Niesprawiedliwo\u015b\u0107 bije w oczy. Najciekawsze jest to, \u017ce ograniczenia maj\u0105 dotyczy\u0107 innych a ich nie.<br>\r\n<em>Krakusik<\/em><br>\r\n<br>\r\nZgraja marksistowskich k\u0142amc\u00f3w. Najgorsze \u017ce za moje pieni\u0105dze, kt\u00f3re z wielkim trudem zdobywam.<br>\r\n<em>McFilon<\/em><br>\r\n<br>\r\nDojenie frajer\u00f3w na tzw. walk\u0119 z ociepleniem trwa na ca\u0142ego.<br>\r\n<em>Kiciu\u015b<\/em><br>\r\n<br>\r\nDebatuj\u0105, jak nas dor\u017cn\u0105\u0107 finansowo<br>\r\n<em>irtur<\/em><\/p>\r\n<\/blockquote>\r\n<h4>&nbsp;<\/h4>\r\n<hr style=\"background-color: #000000; border-width: 0; color: #000000; height: 2px; line-height: 0; text-align: center; width: 100%;\">\r\n<h4>&nbsp;<\/h4>\r\n<h2>\u201eGlobalne ocieplenie\u201d to instrument kontroli gospodarki, spo\u0142ecze\u0144stw i jednostek<\/h2>\r\n<p><strong>Kto kontroluje w\u0119giel, ten kontroluje \u015bwiat &#8211; zgodnie twierdzili uczestnicy konferencji zorganizowanej przez The Heartland Institute przy okazji katowickiego szczytu klimatycznego. <\/strong><\/p>\r\n<p>Sesja dotyczy\u0142a kwestii tak zwanego globalnego ocieplenia. Uczestnicz\u0105cy w niej eksperci przedstawili najnowsze dowody naukowe wskazuj\u0105ce, \u017ce to nie dzia\u0142alno\u015b\u0107 cz\u0142owieka w decyduj\u0105cy spos\u00f3b przyczynia si\u0119 do zmian \u015bredniej temperatury na Ziemi.<\/p>\r\n<p>Sceptycy i alarmuj\u0105cy zgadzaj\u0105 si\u0119, \u017ce nasza planeta przezywa obecnie okres ocieplenia, a emisje gaz\u00f3w cieplarnianych w pewnym stopniu przyczyni\u0142y si\u0119 do niego &#8211; brzmia\u0142a jedna z konkluzji konferencji. Jednak, w opinii prelegent\u00f3w, \u201eglobalne ocieplenie\u201d jest <em>de facto<\/em> projektem politycznym maj\u0105cym na celu nie ochron\u0119 Ziemi przed zag\u0142ad\u0105, ale maksymaln\u0105 kontrol\u0119 gospodarki, przemys\u0142u, energetyki oraz spo\u0142ecze\u0144stwa i zwyk\u0142ych ludzi przez polityk\u00f3w i \u201eekolog\u00f3w\u201d. Klimat na Ziemi jest obecnie i tak stosunkowo ch\u0142odny, bior\u0105c pod uwag\u0119 ukszta\u0142towane historycznie standardy.<\/p>\r\n<p>Praktycznie wszyscy wyg\u0142aszaj\u0105cy referaty podkre\u015blili, \u017ce \u201ekto kontroluje w\u0119giel, ten kontroluje \u015bwiat\u201d.<\/p>\r\n<p>W trakcie konferencji g\u0142os zabrali mi\u0119dzy innymi: dr Craig Idso, Przewodnicz\u0105cy Centrum Bada\u0144 Dwutlenku W\u0119gla i Globalnej Zmiany; Dennis Avery, zwi\u0105zany w przesz\u0142o\u015bci z Departamentem Rolnictwa i Departamentem Stanu USA; dr Horst Ludecke, emerytowany wyk\u0142adowca Uniwersytetu Nauk Stosowanych Kraju Saary, James Taylor z The Heartland Institute oraz Wolfgang Muller, sekretarz generalny Europejskiego Instytutu Klimatu i Energii.<\/p>\r\n<p>\u0179r\u00f3d\u0142o w\u0142asne<\/p>\r\n<p>TK, RoM<\/p>\r\n<p class=\"zrodlo\">Za: <a href=\"https:\/\/www.pch24.pl\/cop24--globalne-ocieplenie-to-instrument-kontroli-gospodarki--spoleczenstw-i-jednostek,64591,i.html\">PoloniaChristiana &#8211; pch24.pl (2018-12-04)<\/a><\/p>\r\n<h4>&nbsp;<\/h4>\r\n<hr style=\"background-color: #000000; border-width: 0; color: #000000; height: 2px; line-height: 0; text-align: center; width: 100%;\">\r\n<h4>&nbsp;<\/h4>","protected":false},"excerpt":{"rendered":"Ju\u017c pierwszego dnia oenzetowskiego szczytu klimatycznego w Katowicach znalaz\u0142 si\u0119 ch\u0119tny na jeszcze wi\u0119ksze kredytowanie \u201ewalki z globalnym ociepleniem\u201d. Niestety, nie jest to dobra wiadomo\u015b\u0107 dla podatnik\u00f3w i konsument\u00f3w. W poniedzia\u0142ek 3 grudnia prezydent Andrzej Duda otworzy\u0142 szczyt klimatyczny COP24. \u201ePodczas zainaugurowanego w stolicy G\u00f3rnego \u015al\u0105ska Szczytu Klimatycznego #ONZ #COP24 Prezydent RP zaprezentowa\u0142 g\u0142\u00f3wne tezy [&hellip;]","protected":false},"author":1,"featured_media":0,"comment_status":"closed","ping_status":"closed","sticky":false,"template":"","format":"standard","meta":{"_acf_changed":false,"_monsterinsights_skip_tracking":false,"_monsterinsights_sitenote_active":false,"_monsterinsights_sitenote_note":"","_monsterinsights_sitenote_category":0,"ngg_post_thumbnail":0,"footnotes":"","_wp_rev_ctl_limit":""},"categories":[6],"tags":[93,106,98,20],"acf":[],"_links":{"self":[{"href":"https:\/\/www.bibula.com\/index.php?rest_route=\/wp\/v2\/posts\/105586"}],"collection":[{"href":"https:\/\/www.bibula.com\/index.php?rest_route=\/wp\/v2\/posts"}],"about":[{"href":"https:\/\/www.bibula.com\/index.php?rest_route=\/wp\/v2\/types\/post"}],"author":[{"embeddable":true,"href":"https:\/\/www.bibula.com\/index.php?rest_route=\/wp\/v2\/users\/1"}],"replies":[{"embeddable":true,"href":"https:\/\/www.bibula.com\/index.php?rest_route=%2Fwp%2Fv2%2Fcomments&post=105586"}],"version-history":[{"count":0,"href":"https:\/\/www.bibula.com\/index.php?rest_route=\/wp\/v2\/posts\/105586\/revisions"}],"wp:attachment":[{"href":"https:\/\/www.bibula.com\/index.php?rest_route=%2Fwp%2Fv2%2Fmedia&parent=105586"}],"wp:term":[{"taxonomy":"category","embeddable":true,"href":"https:\/\/www.bibula.com\/index.php?rest_route=%2Fwp%2Fv2%2Fcategories&post=105586"},{"taxonomy":"post_tag","embeddable":true,"href":"https:\/\/www.bibula.com\/index.php?rest_route=%2Fwp%2Fv2%2Ftags&post=105586"}],"curies":[{"name":"wp","href":"https:\/\/api.w.org\/{rel}","templated":true}]}}