{"id":105558,"date":"2018-12-02T17:55:34","date_gmt":"2018-12-02T22:55:34","guid":{"rendered":"http:\/\/www.bibula.com\/?p=105558"},"modified":"2018-12-02T18:29:09","modified_gmt":"2018-12-02T23:29:09","slug":"skandal-brudzinski-wyzywa-polakow-od-imbecyli-i-antysemitow-ostra-odpowiedz-ks-isakowicza-zaleskiego","status":"publish","type":"post","link":"https:\/\/www.bibula.com\/?p=105558","title":{"rendered":"Skandal! Brudzi\u0144ski wyzywa Polak\u00f3w od imbecyli i antysemit\u00f3w. Ostra odpowied\u017a ks. Isakowicza-Zaleskiego"},"content":{"rendered":"<p><strong>\u201eImbecyle z bia\u0142o-czerwonymi flagami\u201d &#8211; tak Joachim Brudzi\u0144ski okre\u015bla niezadowolonych wyborc\u00f3w, kt\u00f3rzy apeluj\u0105 do PiS-u o wstanie z kolan. A ci maj\u0105 powody by\u0107 niezadowoleni. Ostatnie p\u00f3\u0142 roku to, niezale\u017cnie od oceny poszczeg\u00f3lnych ustaw, kapitulacja przed \u017bydami, Bruksel\u0105 i naszym najwi\u0119kszym sojusznikiem, czyli USA.<\/strong><\/p>\r\n<p>Ostatnie miesi\u0105ce przynosz\u0105 do\u015b\u0107 bolesne wstawanie z kolan z wieloma upadkami. Najpierw PiS wycofa\u0142 si\u0119 z ustawy o IPN, pod naciskiem Izraela, p\u00f3\u017aniej wycofa\u0142 si\u0119 z ustaw zmieniaj\u0105cych s\u0105downictwo, pod wp\u0142ywem Brukseli, a ostatnio ju\u017c nawet nie zadzia\u0142a\u0142 w sprawie TVN-u po bezczelnym li\u015bcie ambasador USA.<\/p>\r\n<blockquote>\r\n<p><em>NAJPIERW PISIE WSTAN Z KOLAN. KTORY SZMALCOWNIK Z PO SIEDZI W WIEZIENIU ? JESTESCIE PODOBNI DO NICH&#x1f621;&#x1f621;&#x1f621;MACIE WY JAJA ZEBY COS ZROBIC PRZECIW IZRAELOWI I EU ? (pisownia oryginalna &#8211; red.) <\/em>&#8211; napisa\u0142 na Twitterze Mariusz W., a jego wpis spotka\u0142 si\u0119 z pozytywnym odbiorem.<\/p>\r\n<\/blockquote>\r\n<p>W odpowiedzi na to minister postanowi\u0142 nazwa\u0107 u\u017cytkownika \u201eimbecylem z bia\u0142o-czerwon\u0105 flag\u0105\u201d, a nast\u0119pnie stwierdzi\u0142, \u017ce takie komentarze utrwalaj\u0105 stereotyp Polaka antysemity. <em>Judz\u0105 i obrzydliwymi atakami na PIS utrwalaj\u0105, ku uciesze naszych wrog\u00f3w,stereotyp Polak\u00f3w jako wrog\u00f3w, USA, UE, Izreala, demokracji, a na ko\u0144cu nawet prostackich antysemit\u00f3w<\/em> &#8211; napisa\u0142 na TT.<\/p>\r\n<p>https:\/\/twitter.com\/jbrudzinski\/status\/1068836896409825280<\/p>\r\n<p>Skandaliczna reakcja ministra na wpis niezadowolonego wyborcy szybko spotka\u0142a si\u0119 z komentarzem ks. Isakowicza-Zaleskiego. <em>Bardzo mi si\u0119 nie podoba, \u017ce min. @jbrudzinski, szef @MSWiA_GOV_PL publicznie wyzywa osoby o odmiennych pogl\u0105dach od \u201eidiot\u00f3w\u201d, \u201eruskich trolli\u201d, \u201eimbecyl\u00f3w\u201d i \u201eprostackich antysemit\u00f3w\u201d<\/em> &#8211; napisa\u0142. Czym doczeka\u0142 si\u0119 osobistej odpowiedzi.<\/p>\r\n<p><blockquote class=\"twitter-tweet\" data-width=\"550\" data-dnt=\"true\"><p lang=\"pl\" dir=\"ltr\">Bardzo mi si\u0119 nie podoba, \u017ce min. <a href=\"https:\/\/twitter.com\/jbrudzinski?ref_src=twsrc%5Etfw\">@jbrudzinski<\/a>, szef <a href=\"https:\/\/twitter.com\/MSWiA_GOV_PL?ref_src=twsrc%5Etfw\">@MSWiA_GOV_PL<\/a> publicznie wyzywa osoby o odmiennych pogl\u0105dach od &quot;idiot\u00f3w&quot;, &quot;ruskich trolli&quot;, &quot;imbecyl\u00f3w&quot; i &quot;prostackich antysemit\u00f3w&quot;. Taka histeryczna reakcja na krytyk\u0119 to ostrza\u0142 w kolano <a href=\"https:\/\/twitter.com\/PremierRP?ref_src=twsrc%5Etfw\">@PremierRP<\/a> <a href=\"https:\/\/twitter.com\/MorawieckiM?ref_src=twsrc%5Etfw\">@MorawieckiM<\/a> <a href=\"https:\/\/twitter.com\/pisorgpl?ref_src=twsrc%5Etfw\">@pisorgpl<\/a>. <a href=\"https:\/\/t.co\/TewKqpskmu\">https:\/\/t.co\/TewKqpskmu<\/a><\/p>&mdash; Isakowicz-Zaleski (@IsakowiczZalesk) <a href=\"https:\/\/twitter.com\/IsakowiczZalesk\/status\/1068844358592577537?ref_src=twsrc%5Etfw\">December 1, 2018<\/a><\/blockquote><script async src=\"https:\/\/platform.twitter.com\/widgets.js\" charset=\"utf-8\"><\/script><\/p>\r\n<p><em>Szanowny Ksi\u0119\u017ce, m\u00f3j wpis nie ma nic wsp\u00f3lnego z histeri\u0105. Pisz\u0119 co my\u015bl\u0119,czasami dostan\u0119 reprymend\u0119&#x1f609; od Ambasador USA, czasami od sympatyk\u00f3w Rosji, innym razem od tych kt\u00f3rzy nad \u017cycie kochaj\u0105 UE. Czasami z \u201ekap\u0142a\u0144sk\u0105\u201d wra\u017cliwo\u015bci\u0105 pochyli si\u0119 ks. Lema\u0144ski a ja robi\u0119 swoje<\/em> &#8211; odpisa\u0142 Brudzi\u0144ski.<\/p>\r\n<p>https:\/\/twitter.com\/jbrudzinski\/status\/1068848528498327553<\/p>\r\n<p><strong>Internauci szybko przypomnieli Brudzi\u0144skiemu, \u017ce swoje mo\u017ce robi\u0107 na swojej dzia\u0142ce<\/strong>, a kiedy zajmuje si\u0119 sprawami pa\u0144stwowymi to jest wybra\u0144cem narodu i jest na naszym, w ko\u0144cu to z podatk\u00f3w obywateli dostaje pensje. Z drugiej strony Internauci zwracaj\u0105 uwag\u0119, \u017ce PiS ugina si\u0119 pod presj\u0105 obcych w\u0142adz, wi\u0119c jednak nie robi \u201eswojego\u201d.<\/p>\r\n<p class=\"zrodlo\">Za: <a href=\"https:\/\/nczas.com\/2018\/12\/01\/skandal-brudzinski-wyzywa-polakow-od-imbecyli-i-antysemitow-ostra-odpowiedz-ks-isakowicza-zaleskiego\/\">Najwy\u017cszy Czas! (01\/12\/2018)<\/a><\/p>\r\n<p>&nbsp;<\/p>\r\n<p><strong>Materia\u0142 powi\u0105zany:<\/strong><\/p>\r\n<ul>\r\n\t<li><a href=\"https:\/\/wpolityce.pl\/polityka\/423695-ks-isakowicz-zaleski-krytykuje-tweet-brudzinskiego\"><span style=\"text-decoration: underline;\">Ciekawa wymiana zda\u0144! Ks. Isakowicz-Zaleski krytykuje tweet Brudzi\u0144skiego, minister odpowiada: Wpis nie ma nic wsp\u00f3lnego z histeri\u0105<\/span><\/a><\/li>\r\n<\/ul>","protected":false},"excerpt":{"rendered":"\u201eImbecyle z bia\u0142o-czerwonymi flagami\u201d &#8211; tak Joachim Brudzi\u0144ski okre\u015bla niezadowolonych wyborc\u00f3w, kt\u00f3rzy apeluj\u0105 do PiS-u o wstanie z kolan. A ci maj\u0105 powody by\u0107 niezadowoleni. Ostatnie p\u00f3\u0142 roku to, niezale\u017cnie od oceny poszczeg\u00f3lnych ustaw, kapitulacja przed \u017bydami, Bruksel\u0105 i naszym najwi\u0119kszym sojusznikiem, czyli USA. Ostatnie miesi\u0105ce przynosz\u0105 do\u015b\u0107 bolesne wstawanie z kolan z wieloma upadkami. [&hellip;]","protected":false},"author":1,"featured_media":0,"comment_status":"closed","ping_status":"closed","sticky":false,"template":"","format":"standard","meta":{"_acf_changed":false,"_monsterinsights_skip_tracking":false,"ngg_post_thumbnail":0,"footnotes":"","_wp_rev_ctl_limit":""},"categories":[8],"tags":[65,98],"acf":[],"_links":{"self":[{"href":"https:\/\/www.bibula.com\/index.php?rest_route=\/wp\/v2\/posts\/105558"}],"collection":[{"href":"https:\/\/www.bibula.com\/index.php?rest_route=\/wp\/v2\/posts"}],"about":[{"href":"https:\/\/www.bibula.com\/index.php?rest_route=\/wp\/v2\/types\/post"}],"author":[{"embeddable":true,"href":"https:\/\/www.bibula.com\/index.php?rest_route=\/wp\/v2\/users\/1"}],"replies":[{"embeddable":true,"href":"https:\/\/www.bibula.com\/index.php?rest_route=%2Fwp%2Fv2%2Fcomments&post=105558"}],"version-history":[{"count":0,"href":"https:\/\/www.bibula.com\/index.php?rest_route=\/wp\/v2\/posts\/105558\/revisions"}],"wp:attachment":[{"href":"https:\/\/www.bibula.com\/index.php?rest_route=%2Fwp%2Fv2%2Fmedia&parent=105558"}],"wp:term":[{"taxonomy":"category","embeddable":true,"href":"https:\/\/www.bibula.com\/index.php?rest_route=%2Fwp%2Fv2%2Fcategories&post=105558"},{"taxonomy":"post_tag","embeddable":true,"href":"https:\/\/www.bibula.com\/index.php?rest_route=%2Fwp%2Fv2%2Ftags&post=105558"}],"curies":[{"name":"wp","href":"https:\/\/api.w.org\/{rel}","templated":true}]}}