{"id":105543,"date":"2018-11-29T21:58:52","date_gmt":"2018-11-30T02:58:52","guid":{"rendered":"http:\/\/www.bibula.com\/?p=105543"},"modified":"2018-11-29T21:58:52","modified_gmt":"2018-11-30T02:58:52","slug":"pani-zorzeta-i-wiktor-lebiediew","status":"publish","type":"post","link":"https:\/\/www.bibula.com\/?p=105543","title":{"rendered":"Pani \u0179or\u017ceta i Wiktor Lebiediew"},"content":{"rendered":"<p>W swojej ksi\u0105\u017cce \u201e<i>Gwa\u0142t na Polsce<\/i>\u201d Stanis\u0142aw Miko\u0142ajczyk opisuje jakie\u015b wa\u017cne posiedzenie Sejmu w latach 40-tych, w kt\u00f3rym zasiada\u0142 jako pose\u0142 i jako wicepremier. Na \u0142awach poselskich zasiedli pos\u0142owie, na \u0142awach rz\u0105dowych &#8211; premier i ministrowie, za sto\u0142em prezydialnym &#8211; marsza\u0142ek i sekretarze &#8211; ale to nie on by\u0142 najwa\u017cniejsz\u0105 i centraln\u0105 postaci\u0105 na plenarnej sali. Najwa\u017cniejsz\u0105 postaci\u0105 by\u0142 zasiadaj\u0105cy na galerii sowiecki ambasador Wiktor Lebiediew, kt\u00f3rego Miko\u0142ajczyk nazywa \u201e<i>re\u017cyserem<\/i>\u201d tego widowiska. Wszystko to by\u0107 mo\u017ce, ale w innym miejscu Miko\u0142ajczyk podaje sk\u0142ad \u201e<i>tajnego<\/i>\u201d, czyli prawdziwego rz\u0105du w \u00f3wczesnej Polsce. Ot\u00f3\u017c na pierwszym miejscu w hierarchii jest genera\u0142 NKWD Iwan Sierow, kt\u00f3remu Miko\u0142ajczyk przypisuje nazwisko \u201e<i>Malinow<\/i>\u201d. Drug\u0105 osob\u0105 jest szef NKWD w sowieckiej ambasadzie w Warszawie. Trzeci\u0105 &#8211; wspomniany ambasador Lebiediew, a czwart\u0105 &#8211; Jakub Berman, zajmuj\u0105cy w oficjalnym rz\u0105dzie skromne stanowisko wiceministra. Prawdopodobnie wi\u0119c to nie Lebiediew, ani nawet nie Sierow by\u0142 re\u017cyserem tego ca\u0142ego widowiska, tylko oczywi\u015bcie &#8211; Ojciec Narod\u00f3w, Chor\u0105\u017cy Pokoju J\u00f3zef Stalin. To on udziela\u0142 wskaz\u00f3wek jaki przebieg i jaki fina\u0142 ma mie\u0107 to przedstawienie, a ambasador Lebiediew, podobnie jak Iwan Sierow, byli tylko jego asystentami, pilnuj\u0105cymi, by aktorzy dobrze wyuczyli si\u0119 swoich r\u00f3l i \u017ceby nikt nie o\u015bmieli\u0142 si\u0119 zak\u0142\u00f3ci\u0107 przebiegu tego spektaklu.<\/p>\r\n<p><span class=\"pullquote\"><!-- Czy pani Renata sama te systemy podatkowe wymy\u015bla\u0142a, czy te\u017c tylko odczytywa\u0142a z kartki to, co wcze\u015bniej napisa\u0142 tam 'sam G\u0142\u00f3wny Srul'... --><\/span><\/p>\r\n<p>Ciekawe, jak wygl\u0105da\u0142by opis prawdziwej aktualnej hierarchii politycznej w naszym nieszcz\u0119\u015bliwym kraju &#8211; bo przecie\u017c go\u0142ym okiem wida\u0107, \u017ce jest ona ca\u0142kiem odmienna od hierarchii oficjalnej, wed\u0142ug kt\u00f3rej pierwsz\u0105 osob\u0105 w pa\u0144stwie jest pan prezydent Andrzej Duda, drug\u0105 &#8211; pan marsza\u0142ek Marek Kuchci\u0144ski, a trzeci\u0105 &#8211; premier Mateusz Morawiecki. Ale nawet dziecko wie, \u017ce tak nie jest, \u017ce naprawd\u0119 najwa\u017cniejsz\u0105 osob\u0105 w pa\u0144stwie jest Jaros\u0142aw Kaczy\u0144ski, kt\u00f3ry oficjalnie zajmuje stanowisko prostego pos\u0142a, kt\u00f3ry prawnie nie odpowiada, ani za dzia\u0142ania wykonywane przez prezydenta, ani za poczynania premiera, nie m\u00f3wi\u0105c ju\u017c o marsza\u0142ku. Czy w prawdziwej hierarchii kto\u015b stoi wy\u017cej nad Jaros\u0142awem Kaczy\u0144skim? Dobrze by\u0142oby, by jaki\u015b wnikliwy politolog pokusi\u0142 si\u0119 o udzielenie odpowiedzi na to pytanie, ale obawiam si\u0119, \u017ce nie ma co o tym marzy\u0107. Ci politologowie, to \u201e<i>kujony<\/i>\u201d, zrzynaj\u0105ce jeden z drugiego i produkuj\u0105ce zwa\u0142y makulatury, podobnie zreszt\u0105, jak filozofowie, o kt\u00f3rych prof. Bogus\u0142aw Wolniewicz, zreszt\u0105 sam filozof, m\u00f3wi\u0142 i pisa\u0142, \u017ce swoj\u0105 ideow\u0105 ja\u0142owo\u015b\u0107 ukrywaj\u0105 za \u201e<i>organizacyjn\u0105 krz\u0105tanin\u0105<\/i>\u201d. A przecie\u017c okazji do zajrzenia za kulisy nie brakuje. Ostatniej dostarczy\u0142a pani El\u017cbieta Chojna-Duch. Zeznaj\u0105c przed sejmow\u0105 komisj\u0105 badaj\u0105c\u0105 afer\u0119 Amber Gold powiedzia\u0142a, \u017ce \u201e<i>doradczyni\u0105<\/i>\u201d premiera Tuska, a tak\u017ce wicepremiera i ministra finans\u00f3w by\u0142a niejaka Renata Hayder, kt\u00f3ra doradza\u0142a te\u017c jakim\u015b korporacyjnym gangsterom. Premieru Tusku i panu Rostowskiemu, kt\u00f3ry &#8211; m\u00f3wi\u0105c nawiasem &#8211; by i jest poddanym brytyjskim, co nie przeszkadza\u0142o mu wcale w zajmowaniu konstytucyjnych stanowisk w naszym bantustanie, (podobnie jak wcze\u015bniej &#8211; Radkowi Sikorskiemu, kt\u00f3ry podobno zrzek\u0142 si\u0119 brytyjskiego podda\u0144stwa dopiero przed obj\u0119ciem stanowiska ministra obrony w polskim rz\u0105dzie) &#8211; bardzo si\u0119 to podoba\u0142o, wi\u0119c i jeden i drugi pos\u0142usznie si\u0119 do rad pani Renaty akomodowa\u0142. Nawiasem m\u00f3wi\u0105c, samo powstanie rz\u0105du Donalda Tuska wskazuje na niew\u0105tpliwe istnienie jakiego\u015b o\u015brodka, stoj\u0105cego w prawdziwej hierarchii nie tylko nad premierem nie tylko nad marsza\u0142kiem Sejmu, ale i nad prezydentem. Jak bowiem pami\u0119tamy, w roku 2007 PO dumna by\u0142a z posiadania \u201e<i>gabinetu cieni<\/i>\u201d, to znaczy &#8211; polityk\u00f3w przygotowuj\u0105cych si\u0119 i wyznaczonych do obj\u0119cia konkretnych resort\u00f3w w przysz\u0142ym rz\u0105dzie. Ale kiedy po zwyci\u0119stwie wyborczym PO, Donald Tusk przyst\u0105pi\u0142 do tworzenia rz\u0105du, to okaza\u0142o si\u0119, \u017ce z ca\u0142ego \u201e<i>gabinetu cieni<\/i>\u201d stanowiska zgodne z pierwotnym przeznaczeniem obj\u0119\u0142y tylko dwie osoby: Ewa Kopacz, kt\u00f3ra zosta\u0142a ministrem zdrowia i Miros\u0142aw Drzewiecki, kt\u00f3ry zosta\u0142 ministrem sportu. Inne resorty, kt\u00f3re przypad\u0142y PO, zaj\u0119\u0142y ca\u0142kiem inne osoby. Na przyk\u0142ad ministrem obrony mia\u0142 by\u0107 pan Zdrojewski, ale ni st\u0105d, ni zow\u0105d pojawi\u0142 si\u0119 lekarz psychiatra Bogdan Klich i to on obj\u0105\u0142 ten resort, podczas gdy pan Zdrojewski zosta\u0142 rzucony na odcinek kultury. Ministrem finans\u00f3w mia\u0142 by\u0107 Zbigniew Chlebowski, ale zosta\u0142 nim pan \u201e<i>Jacek<\/i>\u201d Vincent Rostowski, poddany brytyjski z pierwszorz\u0119dnymi \u017cydowskimi korzeniami. Ministrem sprawiedliwo\u015bci mia\u0142a by\u0107 pani Julia Pitera, ale sk\u0105d\u015b pojawi\u0142 si\u0119 pan Zbigniew \u00c4\u2020wi\u0105kalski i to on zosta\u0142 ministrem, podczas gdy pani Piterze trzeba by\u0142o na gwa\u0142t wymy\u015bli\u0107 jakie\u015b stanowisko zast\u0119pcze i nawet ona chyba nie wiedzia\u0142a do ko\u0144ca, jak si\u0119 ono nazywa. I tak dalej i tak dalej. Najwyra\u017aniej w fazie tworzenia rz\u0105du kto\u015b przyszed\u0142 do Donalda Tuska, albo mo\u017ce nawet wezwa\u0142 go przed swoje oblicze i surowo rzek\u0142: wiecie, rozumiecie Tusk; macie tu papierek ze sk\u0142adem waszego gabinetu i nie pr\u00f3bujcie niczego tu kombinowa\u0107, bo z tego wynikn\u0105 tylko same zgryzoty, a my b\u0119dziemy musieli wam przypomnie\u0107, sk\u0105d wyrastaj\u0105 wam nogi. Kto to by\u0142 &#8211; ach, jaki\u017c to wdzi\u0119czny temat dla politolog\u00f3w &#8211; oczywi\u015bcie gdyby nie byli tylko kujonami &#8211; \u201e<i>ale co tam marzy\u0107 o tem<\/i>\u201d &#8211; jak powiada\u0142 Ignacy Rzecki z \u201e<i>Lalki<\/i>\u201d. Tym bardziej, \u017ce ten anonimowy kto\u015b, a w\u0142a\u015bciwie KTO\u015a, przecie\u017c si\u0119 nie rozp\u0142yn\u0105\u0142 w powietrzu. Nadal istnieje i nadal swoim istnieniem wyciska pi\u0119tno na naszym nieszcz\u0119\u015bliwym kraju i jego funkcjonowaniu. Wed\u0142ug bowiem zezna\u0144 pani Chojny-Duch, wspomniana pani Renata Hayder podsuwa\u0142a, a mo\u017ce nawet dyktowa\u0142a ministru Rostowskiemu, jakie ma w naszym bantustanie wprowadzi\u0107 podatki, \u017ceby pasowa\u0142o to korporacji, kt\u00f3rej pani Renata doradza\u0142a. Czy pani Renata sama te systemy podatkowe wymy\u015bla\u0142a, czy te\u017c tylko odczytywa\u0142a z kartki to, co wcze\u015bniej napisa\u0142 tam \u201e<i>sam G\u0142\u00f3wny Srul<\/i>\u201d &#8211; tego ju\u017c chyba niepr\u0119dko si\u0119 dowiemy, albo mo\u017ce nawet nigdy, bo przecie\u017c w przeciwnym razie nawet Krystyna Janda mog\u0142aby nabra\u0107 w\u0105tpliwo\u015bci co do autentycznego charakteru naszej m\u0142odej demokracji, wi\u0119c &#8211; jak \u015bpiewa\u0142a Wojciech M\u0142ynarski &#8211; \u201e<i>Po co babci\u0119 denerwowa\u0107, niech si\u0119 babcia cieszy!<\/i>\u201d<\/p>\r\n<p>Teraz od trzech lat rz\u0105dy w naszym bantustanie sprawuje \u201e<i>dobra zmiana<\/i>\u201d &#8211; ale widzimy, \u017ce i tu hierarchia oficjalna nie pokrywa si\u0119 z prawdziw\u0105. Kto wydaje polecenia Jaros\u0142awu Kaczy\u0144skiemu? Tego naturalnie nie wiem, ale &#8211; po pierwsze &#8211; ju\u017c Adam Mickiewicz zauwa\u017cy\u0142, \u017ce \u201e<i>KA\u0179DY ma swoj\u0105 \u017cab\u0119, co przed nim ucieka i swojego zaj\u0105ca, kt\u00f3rego si\u0119 boi.<\/i>\u201d Skoro tak, to &#8211; po drugie &#8211; jak ta sprawa wygl\u0105da w przypadku Naczelnika Pa\u0144stwa Jaros\u0142awa Kaczy\u0144skiego? Pewne \u015bwiat\u0142o na to rzuca niedawne wydarzenie, jakie mia\u0142o miejsce w Sejmie. Oto na zebraniu polsko-ameryka\u0144skiego zespo\u0142u parlamentarnego pojawi\u0142a si\u0119 JE Zor\u017ceta Mosbacher, naznaczona przez Naszego Najwi\u0119kszego Sojusznika na ambasadora w stolicy naszego bantustanu. Surowym tonem zabroni\u0142a \u201e<i>dobrej zmianie<\/i>\u201d dokonywania \u017cadnych ruch\u00f3w w sferze medi\u00f3w. \u201e<i>Jest jedna rzecz, co do kt\u00f3rej Kongres ameryka\u0144ski si\u0119 nie zgadza, to jest wolno\u015b\u0107 prasy. (\u2026) Demokraci i republikanie bardzo ch\u0119tnie pomagaj\u0105 Polsce, bo wiedz\u0105, \u017ce Polska jest bardzo wa\u017cnym sojusznikiem. Ale to si\u0119 mo\u017ce wszystko posypa\u0107. (&#8230;) Ostrzegam, bo jestem szczera.<\/i>\u201d &#8211; powiedzia\u0142a pani \u0179or\u017ceta. Ano &#8211; nie da si\u0119 ukry\u0107; ja\u015bniej nie da\u0142o si\u0119 ju\u017c powiedzie\u0107 ani tego, ani tego, \u017ce \u201e<i>demokraci i republikanie<\/i>\u201d Polsce \u201e<i>pomagaj\u0105<\/i>\u201d. \u0179e \u201e<i>pomagaj\u0105<\/i>\u201d to rzecz pewna, ale czy aby na pewno Polsce? W\u0142a\u015bnie na wiosn\u0119 Kongres przeforsowa\u0142 ustaw\u0119 nr 447, w kt\u00f3rej USA zobowi\u0105za\u0142y si\u0119 do dopilnowania, by \u017cydowskie roszczenia wysuwane wobec Polski zosta\u0142y zrealizowane a\u017c do ostatniego centa. Polsce co\u015b takiego specjalnie nie pomaga, a mo\u017ce nawet wcale &#8211; natomiast dla \u017byd\u00f3w jest to niew\u0105tpliwie powa\u017cne wsparcie. A skoro Kongres tak umi\u0142owa\u0142 \u201e<i>wolno\u015b\u0107 prasy<\/i>\u201d, \u017ce z powodu najmniejszego jej naruszenia \u201e<i>wszystko mo\u017ce si\u0119 posypa\u0107<\/i>\u201d, to wypada zwr\u00f3ci\u0107 uwag\u0119, \u017ce znaczna cz\u0119\u015b\u0107 medi\u00f3w w Polsce nale\u017cy albo do Niemc\u00f3w, albo do \u017byd\u00f3w. Na przyk\u0142ad, w wydaj\u0105cej \u201e<i>Gazet\u0119 Wyborcz\u0105<\/i>\u201d sp\u00f3\u0142ce \u201e<i>Agora<\/i>\u201d, cz\u0119\u015b\u0107 udzia\u0142\u00f3w ma stary \u017cydowski finansowy grandziarz Jerzy Soros, a w\u0142a\u015bcicielem telewizyjnej stacji TVN jest Discovery Communications, nale\u017c\u0105ca do pana Dawida Zaslawa, z pierwszorz\u0119dnymi \u017cydowskimi korzeniami. Nic zatem dziwnego, \u017ce grupa TVN jest partnerem niemieckiej grupy Ringier Axel Springer Media AG &#8211; bo na tym etapie \u017bydzi kolaboruj\u0105 z Niemcami, \u015bci\u015ble koordynuj\u0105c swoj\u0105 polityk\u0119 historyczn\u0105 z polityka historyczn\u0105 niemieck\u0105. Na stra\u017cy tego wszystkiego stoi &#8211; jak si\u0119 okazuje &#8211; Kongres USA, o czym bez ogr\u00f3dek poinformowa\u0142a nas pani Zor\u017ceta &#8211; bo jest &#8211; jak sama powiedzia\u0142a &#8211; \u201e<i>szczera<\/i>\u201d. Ciekawe, czy wobec Bieruta i Os\u00f3bki-Morawskiego ambasador Lebiediew te\u017c by\u0142 taki szczery, czy te\u017c przywilej szczerych wypowiedzi pozostawia\u0142 Jakubowi Bermanowi?<\/p>\r\n<p><strong><em>Stanis\u0142aw Michalkiewicz<\/em><\/strong><\/p>\r\n<p>Felieton &nbsp;<b>\u2022<\/b>&nbsp; serwis \u201ePrawy.pl\u201d (prawy.pl) &nbsp;<b>\u2022<\/b>&nbsp; 30 listopada 2018<\/p>","protected":false},"excerpt":{"rendered":"W swojej ksi\u0105\u017cce \u201eGwa\u0142t na Polsce\u201d Stanis\u0142aw Miko\u0142ajczyk opisuje jakie\u015b wa\u017cne posiedzenie Sejmu w latach 40-tych, w kt\u00f3rym zasiada\u0142 jako pose\u0142 i jako wicepremier. Na \u0142awach poselskich zasiedli pos\u0142owie, na \u0142awach rz\u0105dowych &#8211; premier i ministrowie, za sto\u0142em prezydialnym &#8211; marsza\u0142ek i sekretarze &#8211; ale to nie on by\u0142 najwa\u017cniejsz\u0105 i centraln\u0105 postaci\u0105 na plenarnej [&hellip;]","protected":false},"author":1,"featured_media":0,"comment_status":"closed","ping_status":"closed","sticky":false,"template":"","format":"standard","meta":{"_acf_changed":false,"_monsterinsights_skip_tracking":false,"_monsterinsights_sitenote_active":false,"_monsterinsights_sitenote_note":"","_monsterinsights_sitenote_category":0,"ngg_post_thumbnail":0,"footnotes":"","_wp_rev_ctl_limit":""},"categories":[9],"tags":[349,22,98,53,37,34,221],"acf":[],"_links":{"self":[{"href":"https:\/\/www.bibula.com\/index.php?rest_route=\/wp\/v2\/posts\/105543"}],"collection":[{"href":"https:\/\/www.bibula.com\/index.php?rest_route=\/wp\/v2\/posts"}],"about":[{"href":"https:\/\/www.bibula.com\/index.php?rest_route=\/wp\/v2\/types\/post"}],"author":[{"embeddable":true,"href":"https:\/\/www.bibula.com\/index.php?rest_route=\/wp\/v2\/users\/1"}],"replies":[{"embeddable":true,"href":"https:\/\/www.bibula.com\/index.php?rest_route=%2Fwp%2Fv2%2Fcomments&post=105543"}],"version-history":[{"count":0,"href":"https:\/\/www.bibula.com\/index.php?rest_route=\/wp\/v2\/posts\/105543\/revisions"}],"wp:attachment":[{"href":"https:\/\/www.bibula.com\/index.php?rest_route=%2Fwp%2Fv2%2Fmedia&parent=105543"}],"wp:term":[{"taxonomy":"category","embeddable":true,"href":"https:\/\/www.bibula.com\/index.php?rest_route=%2Fwp%2Fv2%2Fcategories&post=105543"},{"taxonomy":"post_tag","embeddable":true,"href":"https:\/\/www.bibula.com\/index.php?rest_route=%2Fwp%2Fv2%2Ftags&post=105543"}],"curies":[{"name":"wp","href":"https:\/\/api.w.org\/{rel}","templated":true}]}}