{"id":105505,"date":"2018-11-29T09:52:35","date_gmt":"2018-11-29T14:52:35","guid":{"rendered":"http:\/\/www.bibula.com\/?p=105505"},"modified":"2018-11-29T09:52:35","modified_gmt":"2018-11-29T14:52:35","slug":"ukrainski-general-grozi-jesli-polska-bedzie-scigac-za-banderyzm-to","status":"publish","type":"post","link":"https:\/\/www.bibula.com\/?p=105505","title":{"rendered":"Ukrai\u0144ski genera\u0142 grozi: \u201eJe\u015bli Polska b\u0119dzie \u015bciga\u0107 za banderyzm to\u2026 \u201e"},"content":{"rendered":"<p><strong>Ukrai\u0144ski genera\u0142 i by\u0142y minister obrony narodowej &#8211; O\u0142eksandr Ku\u017amuk zagrozi\u0142 wprost w wywiadzie telewizyjnym, \u017ce odpowiedzi\u0105 pa\u0144stwa ukrai\u0144skiego na penalizacj\u0119 banderyzmu i k\u0142amstwa wo\u0142y\u0144skiego w ustawie o IPN mo\u017ce by\u0107 ju\u017c wkr\u00f3tce &nbsp;zbrojny bunt ukrai\u0144skich imigrant\u00f3w zarobkowych w Polsce.<\/strong><\/p>\r\n<p>\u201eTak, pi\u0105ty front ukrai\u0144ski wszed\u0142 do Polski. I chwyc\u0105 za kije, je\u015bli przypomnimy sobie wszystkich Kozak\u00f3w od Lwowa do Kijowa powieszonych\u201d \u201d\u201d m\u00f3wi\u0142 Ku\u017amuk.<\/p>\r\n<p>S\u0142owa te pad\u0142y na antenie ukrai\u0144skiej stacji \u201e112 Ukraina\u201d. Sytuacja w tym temacie mi\u0119dzy obiema stronami jest od dawna bardzo mocno napi\u0119ta. &nbsp;Polska strona na ka\u017cdym mo\u017cliwym kroku podkre\u015bla, \u017ce Ukraina chc\u0105c utrzyma\u0107 dobre stosunki dyplomatyczne z Polsk\u0105 musi wyzby\u0107 si\u0119 kultu Bandery i jego zbrodniczych band, &nbsp;kt\u00f3re w 1943 roku rozpocz\u0119\u0142y fale mord\u00f3w polskiej ludno\u015bci cywilnej.<\/p>","protected":false},"excerpt":{"rendered":"Ukrai\u0144ski genera\u0142 i by\u0142y minister obrony narodowej &#8211; O\u0142eksandr Ku\u017amuk zagrozi\u0142 wprost w wywiadzie telewizyjnym, \u017ce odpowiedzi\u0105 pa\u0144stwa ukrai\u0144skiego na penalizacj\u0119 banderyzmu i k\u0142amstwa wo\u0142y\u0144skiego w ustawie o IPN mo\u017ce by\u0107 ju\u017c wkr\u00f3tce &nbsp;zbrojny bunt ukrai\u0144skich imigrant\u00f3w zarobkowych w Polsce. \u201eTak, pi\u0105ty front ukrai\u0144ski wszed\u0142 do Polski. I chwyc\u0105 za kije, je\u015bli przypomnimy sobie wszystkich [&hellip;]","protected":false},"author":1,"featured_media":0,"comment_status":"closed","ping_status":"closed","sticky":false,"template":"","format":"standard","meta":{"_acf_changed":false,"_monsterinsights_skip_tracking":false,"_monsterinsights_sitenote_active":false,"_monsterinsights_sitenote_note":"","_monsterinsights_sitenote_category":0,"ngg_post_thumbnail":0,"footnotes":"","_wp_rev_ctl_limit":""},"categories":[6],"tags":[65,114,98,167,17],"acf":[],"_links":{"self":[{"href":"https:\/\/www.bibula.com\/index.php?rest_route=\/wp\/v2\/posts\/105505"}],"collection":[{"href":"https:\/\/www.bibula.com\/index.php?rest_route=\/wp\/v2\/posts"}],"about":[{"href":"https:\/\/www.bibula.com\/index.php?rest_route=\/wp\/v2\/types\/post"}],"author":[{"embeddable":true,"href":"https:\/\/www.bibula.com\/index.php?rest_route=\/wp\/v2\/users\/1"}],"replies":[{"embeddable":true,"href":"https:\/\/www.bibula.com\/index.php?rest_route=%2Fwp%2Fv2%2Fcomments&post=105505"}],"version-history":[{"count":0,"href":"https:\/\/www.bibula.com\/index.php?rest_route=\/wp\/v2\/posts\/105505\/revisions"}],"wp:attachment":[{"href":"https:\/\/www.bibula.com\/index.php?rest_route=%2Fwp%2Fv2%2Fmedia&parent=105505"}],"wp:term":[{"taxonomy":"category","embeddable":true,"href":"https:\/\/www.bibula.com\/index.php?rest_route=%2Fwp%2Fv2%2Fcategories&post=105505"},{"taxonomy":"post_tag","embeddable":true,"href":"https:\/\/www.bibula.com\/index.php?rest_route=%2Fwp%2Fv2%2Ftags&post=105505"}],"curies":[{"name":"wp","href":"https:\/\/api.w.org\/{rel}","templated":true}]}}