{"id":105498,"date":"2018-11-28T13:34:46","date_gmt":"2018-11-28T18:34:46","guid":{"rendered":"http:\/\/www.bibula.com\/?p=105498"},"modified":"2018-11-28T13:34:46","modified_gmt":"2018-11-28T18:34:46","slug":"jak-rozpoznac-u-przedszkolaka-ze-jest-rasista-i-ksenofobem","status":"publish","type":"post","link":"https:\/\/www.bibula.com\/?p=105498","title":{"rendered":"Jak rozpozna\u0107 u przedszkolaka, \u017ce jest rasist\u0105 i ksenofobem?"},"content":{"rendered":"<p><strong>Nowa broszura niemieckiego rz\u0105du zawiera instrukcj\u0119, w jaki spos\u00f3b nauczyciele mog\u0105 rozpoznawa\u0107 i przeciwdzia\u0142a\u0107 rasistowskim i ksenofobicznym ideom w umys\u0142ach dzieci. To idzie za daleko, m\u00f3wi Gunnar Schupelius.<\/strong><\/p>\r\n<p>Przy wsparciu rz\u0105du federalnego opublikowano nowy podr\u0119cznik dla nauczycieli przedszkolnych. Nosi on tytu\u0142 \u201e<em>Ene, mene, muh &#8211; &#8211; und raus bis du!<\/em>\u201d<\/p>\r\n<p>Broszura zawiera porady dotycz\u0105ce metod rozpoznawania i przeciwdzia\u0142ania rasistowskim i ksenofobicznym ideom rodz\u0105cym si\u0119 w umys\u0142ach dzieci.<\/p>\r\n<p>W przedmowie Federalna Minister ds. Rodziny Franziska Giffey (SPD) pisze: \u201eDo\u015bwiadczamy (\u2026) znacznego wzrostu popularno\u015bci prawicowych ruch\u00f3w populistycznych\u201d. Dlatego \u201ewa\u017cne jest, aby edukacja wczesnoszkolna by\u0142a demokratyczna\u201d.<\/p>\r\n<p>Jak rozpozna\u0107, \u017ce w rodzinie panuje atmosfera sprzyjaj\u0105ca szerzeniu si\u0119 rasizmu i ksenofobii? <strong>\u201eJe\u015bli dziewczyna nosi sp\u00f3dniczki i warkocze, w domu uczy si\u0119 szyde\u0142kowania, a ch\u0142opiec du\u017co \u0107wiczy fizycznie\u201d &#8211; takie osobniki powinny wzbudzi\u0107 czujno\u015b\u0107 przedszkolanek i zosta\u0107 wzi\u0119te pod lup\u0119.<\/strong><\/p>\r\n<p>W takim przypadku zaleca si\u0119, aby \u201erodzice zostali zaproszeni na osobist\u0105 rozmow\u0119\u201d, aby wyja\u015bni\u0107 im, w jaki spos\u00f3b \u201eautorytarne i oparte na stereotypach p\u0142ci style wychowania ograniczaj\u0105 rozw\u00f3j dzieci\u201d\u2026<\/p>\r\n<p>To wcale nie jest \u015bmieszne, cho\u0107 takie mo\u017ce si\u0119 wydawa\u0107\u2026<\/p>\r\n<p>\/bz-berlin.de\/<\/p>","protected":false},"excerpt":{"rendered":"Nowa broszura niemieckiego rz\u0105du zawiera instrukcj\u0119, w jaki spos\u00f3b nauczyciele mog\u0105 rozpoznawa\u0107 i przeciwdzia\u0142a\u0107 rasistowskim i ksenofobicznym ideom w umys\u0142ach dzieci. To idzie za daleko, m\u00f3wi Gunnar Schupelius. Przy wsparciu rz\u0105du federalnego opublikowano nowy podr\u0119cznik dla nauczycieli przedszkolnych. Nosi on tytu\u0142 \u201eEne, mene, muh &#8211; &#8211; und raus bis du!\u201d Broszura zawiera porady dotycz\u0105ce metod [&hellip;]","protected":false},"author":1,"featured_media":0,"comment_status":"closed","ping_status":"closed","sticky":false,"template":"","format":"standard","meta":{"_acf_changed":false,"_monsterinsights_skip_tracking":false,"_monsterinsights_sitenote_active":false,"_monsterinsights_sitenote_note":"","_monsterinsights_sitenote_category":0,"ngg_post_thumbnail":0,"footnotes":"","_wp_rev_ctl_limit":""},"categories":[12],"tags":[166,20],"acf":[],"_links":{"self":[{"href":"https:\/\/www.bibula.com\/index.php?rest_route=\/wp\/v2\/posts\/105498"}],"collection":[{"href":"https:\/\/www.bibula.com\/index.php?rest_route=\/wp\/v2\/posts"}],"about":[{"href":"https:\/\/www.bibula.com\/index.php?rest_route=\/wp\/v2\/types\/post"}],"author":[{"embeddable":true,"href":"https:\/\/www.bibula.com\/index.php?rest_route=\/wp\/v2\/users\/1"}],"replies":[{"embeddable":true,"href":"https:\/\/www.bibula.com\/index.php?rest_route=%2Fwp%2Fv2%2Fcomments&post=105498"}],"version-history":[{"count":0,"href":"https:\/\/www.bibula.com\/index.php?rest_route=\/wp\/v2\/posts\/105498\/revisions"}],"wp:attachment":[{"href":"https:\/\/www.bibula.com\/index.php?rest_route=%2Fwp%2Fv2%2Fmedia&parent=105498"}],"wp:term":[{"taxonomy":"category","embeddable":true,"href":"https:\/\/www.bibula.com\/index.php?rest_route=%2Fwp%2Fv2%2Fcategories&post=105498"},{"taxonomy":"post_tag","embeddable":true,"href":"https:\/\/www.bibula.com\/index.php?rest_route=%2Fwp%2Fv2%2Ftags&post=105498"}],"curies":[{"name":"wp","href":"https:\/\/api.w.org\/{rel}","templated":true}]}}