{"id":105495,"date":"2018-11-28T10:22:40","date_gmt":"2018-11-28T15:22:40","guid":{"rendered":"http:\/\/www.bibula.com\/?p=105495"},"modified":"2018-11-28T10:22:40","modified_gmt":"2018-11-28T15:22:40","slug":"abp-gadecki-o-braku-dzialan-rzadu-w-sprawie-aborcji-katolicy-sa-coraz-bardziej-zniecierpliwieni","status":"publish","type":"post","link":"https:\/\/www.bibula.com\/?p=105495","title":{"rendered":"Abp G\u0105decki o braku dzia\u0142a\u0144 rz\u0105du w sprawie aborcji: katolicy s\u0105 coraz bardziej zniecierpliwieni"},"content":{"rendered":"<p><strong>&#8211; <em>\u0179ycie ludzkie jest warto\u015bci\u0105 podstawow\u0105 i wst\u0119pem do wszystkich innych praw cz\u0142owieka. Dobrze, \u017ce jest tak du\u017ca grupa pos\u0142\u00f3w, w kt\u00f3rych obudzi\u0142o si\u0119 sumienie i apeluj\u0105, by kwestia aborcji eugenicznej wreszcie zosta\u0142a przeprowadzona przez Trybuna\u0142 Konstytucyjny. Obrona \u017cycia by\u0142a przecie\u017c zapowiadana przez PiS w wielu obietnicach wyborczych<\/em> &#8211; powiedzia\u0142 w rozmowie z portalem niedziela.pl abp Stanis\u0142aw G\u0105decki, przewodnicz\u0105cy Konferencji Episkopatu Polski.<\/strong><\/p>\r\n<p>Abp G\u0105decki przypomnia\u0142, \u017ce wniosek o zbadanie konstytucyjno\u015bci tzw. przes\u0142anki eugenicznej zosta\u0142 z\u0142o\u017cony w Trybunale Konstytucyjnym ponad rok temu. Fakt, \u017ce nadal nie zosta\u0142 wyznaczony termin rozprawy, jego zdaniem, \u201enie wystawia najlepszej opinii\u201d ani TK, ani te\u017c dokonanej przez Prawo i Sprawiedliwo\u015b\u0107 reformie tej instytucji.<\/p>\r\n<p>Przewodnicz\u0105cy KEP odni\u00f3s\u0142 si\u0119 r\u00f3wnie\u017c do s\u0142\u00f3w rzecznik prasowej PiS Beaty Mazurek, kt\u00f3ra skrytykowa\u0142a grup\u0119 79 pos\u0142\u00f3w, kt\u00f3rzy podpisali si\u0119 pod apelem do prezes TK Julii Przy\u0142\u0119bskiej w kwestii jak najszybszego wyznaczenia terminu rozprawy dotycz\u0105cej aborcji eugenicznej. &#8211; <em>To jest Trybuna\u0142 Konstytucyjny, a nie instytucja partyjna i nie jest rol\u0105 parlamentarzyst\u00f3w naciskanie na TK<\/em> &#8211; powiedzia\u0142a Mazurek. &#8211; <em>Ten wniosek (podpisany m.in. przez kilkudziesi\u0119ciu pos\u0142\u00f3w PiS &#8211; red.) to indywidualna decyzja pos\u0142\u00f3w, a kierownictwo partii nie akceptuje nacisku na TK<\/em> &#8211; doda\u0142a. W ocenie abp. G\u0105deckiego takim zachowaniem rzecznik PiS \u201epr\u00f3buje si\u0119 zdezawuowa\u0107 s\u0142uszny apel du\u017cej grupy pos\u0142\u00f3w\u201d.<\/p>\r\n<p>&#8211; <em>My\u015bl\u0119, \u017ce oczekiwanie i zniecierpliwienie ze strony katolik\u00f3w i tak\u017ce wyborc\u00f3w partii rz\u0105dz\u0105cej jest pod tym wzgl\u0119dem ogromne. Wycofanie si\u0119 PiS z tej obietnicy by\u0142oby wielkim wyrzutem sumienia, kt\u00f3ry b\u0119dzie mia\u0142 dla nich z\u0142e skutki. Przecie\u017c tak\u017ce pod projektem Kai Godek \u201eZatrzymaj Aborcj\u0119\u201d podpisa\u0142o si\u0119 a\u017c 830 tys. os\u00f3b i tego g\u0142osu nie mo\u017cna od tak sobie zlekcewa\u017cy\u0107. Kolejne tysi\u0105ce pracowa\u0142o nad tym projektem przez d\u0142ugi czas. Oni wszyscy s\u0105 coraz bardziej zniecierpliwieni i rozczarowani<\/em> &#8211; podkre\u015bli\u0142 abp G\u0105decki.<\/p>\r\n<p>&#8211; <em>Nie mo\u017cna zostawia\u0107 sumienia za drzwiami swojego gabinetu politycznego, bo by\u0142aby to schizofrenia. Niew\u0105tpliwie ochrona \u017cycia jest najwa\u017cniejsz\u0105 kwesti\u0105 osobistego sumienia os\u00f3b, kt\u00f3re o tym decyduj\u0105<\/em> &#8211; podsumowa\u0142 abp G\u0105decki w rozmowie z \u201eNiedziel\u0105\u201d.<\/p>\r\n<p>\u0179r\u00f3d\u0142o: niedziela.pl<\/p>\r\n<p>TK<\/p>\r\n<p class=\"zrodlo\">Za: <a href=\"https:\/\/www.pch24.pl\/abp-gadecki-o-braku-dzialan-rzadu-w-sprawie-aborcji--katolicy-sa-coraz-bardziej-zniecierpliwieni,64439,i.html\">PoloniaChristiana &#8211; pch24.pl (2018-11-28)<\/a><\/p>\r\n<h4>&nbsp;<\/h4>\r\n<hr style=\"background-color: #000000; border-width: 0; color: #000000; height: 2px; line-height: 0; text-align: center; width: 100%;\">\r\n<h4>&nbsp;<\/h4>\r\n<h2>Pi\u0119\u0107 miesi\u0119cy bezczynno\u015bci podkomisji. Tak Sejm traktuje temat obrony \u017cycia<\/h2>\r\n<p><strong>Powo\u0142ana do prac nad projektem \u201eZatrzymaj aborcj\u0119\u201d&nbsp;podkomisja sejmowa od pi\u0119ciu miesi\u0119cy nie zebra\u0142a si\u0119 ani razu. Jak informuje \u201eNasz Dziennik\u201d, po\u015br\u00f3d dzia\u0142aj\u0105cych w Sejmie 36 podkomisji<\/strong> <strong>nadzwyczajnych, ta stanowi niechlubny wyj\u0105tek.<\/strong><\/p>\r\n<p>Wed\u0142ug ustale\u0144 dziennika, po\u0142owa powo\u0142anych podkomisji zako\u0144czy\u0142o swoje prace, a niekt\u00f3re z nich zaczyna\u0142y prace po wakacjach. Zazwyczaj posiedzenia podkomisji zwo\u0142ywane s\u0105 do\u015b\u0107 szybko &#8211; rekordzista rozpocz\u0105\u0142 prace w dniu powo\u0142ania.<\/p>\r\n<p>Takie tempo prac jednak nie dotyczy projektu \u201eZatrzymaj Aborcj\u0119\u201d. Podkomisja zajmuj\u0105ca si\u0119 obywatelsk\u0105 ustaw\u0105 od pi\u0119ciu miesi\u0119cy nie spotka\u0142a si\u0119 ani raz, a jej przewodnicz\u0105cy &#8211; pose\u0142 PiS Grzegorz Matusiak &#8211; indagowany o termin odpowiada wymijaj\u0105co.<\/p>\r\n<p>&#8211; <em>To nie jest tak, \u017ce si\u0119 nic nie dzieje. Otrzymujemy dokumenty, materia\u0142y, rozmawiamy mi\u0119dzy sob\u0105 (\u2026) Nie chcia\u0142bym wypowiada\u0107 si\u0119 w imieniu ca\u0142ej komisji. Ustalimy wsp\u00f3lne stanowisko i przeka\u017cemy je <\/em>&#8211; podkre\u015bli\u0142 pose\u0142 Matusiak w rozmowie z \u201eNaszym Dziennikiem\u201d. Inni pos\u0142owie podkomisji zw\u0142ok\u0119 t\u0142umacz\u0105 nawa\u0142em prac w Komisji Polityki Spo\u0142ecznej i Rodziny.<\/p>\r\n<p>Narracji przewodnicz\u0105cego podkomisji przecz\u0105 informacje z Biura Komunikacji Spo\u0142ecznej Kancelarii Sejmu, kt\u00f3re w podpowiedzi na pytania obywateli poda\u0142o, \u017ce od 2 lipca do 22 listopada br. nie wp\u0142yn\u0119\u0142a korespondencja adresowana na przewodnicz\u0105cego podkomisji. Nie zarejestrowano te\u017c korespondencji wychodz\u0105cej.<\/p>\r\n<p>Tymczasem podkomisja mia\u0142a dokona\u0107 oceny projektu, a w razie w\u0105tpliwo\u015bci &#8211; zapyta\u0107 o zdanie ekspert\u00f3w. Jak pisze \u201eNasz Dziennik\u201d, wygl\u0105da na to, \u017ce jest to planowana obstrukcja. Nad takim dzia\u0142aniem Sejmu ubolewa Kaja Godek, pe\u0142nomocnik Komitetu Inicjatywy Ustawodawczej \u201eZatrzymaj aborcj\u0119\u201d, kt\u00f3ra wskaza\u0142a na to, \u017ce takie traktowanie projekty, to lekcewa\u017cenie g\u0142osu ponad 800 tys. obywateli i godzenie si\u0119 na \u015bmier\u0107 tr\u00f3jki dzieci dzienni (statystycznie).<\/p>\r\n<p>R\u00f3wnie niemrawo id\u0105 prace w Trybunale Konstytucyjnym, kt\u00f3ry ma zbada\u0107 zgodno\u015b\u0107 z Ustaw\u0105 Zasadnicz\u0105 przes\u0142anki eugenicznej. Sprawa od ponad roku czeka na rozpatrzenie i nieznany jest termin posiedzenia w tej sprawie.<\/p>\r\n<p>\u0179r\u00f3d\u0142o: naszdziennik.pl<\/p>\r\n<p>MA<\/p>\r\n<p class=\"zrodlo\">Za: <a href=\"https:\/\/www.pch24.pl\/piec-miesiecy-bezczynnosci-podkomisji--tak-sejm-traktuje-temat-obrony-zycia,64427,i.html\">PoloniaChristiana &#8211; pch24.pl (2018-11-28)<\/a><\/p>\r\n<h4>&nbsp;<\/h4>\r\n<hr style=\"background-color: #000000; border-width: 0; color: #000000; height: 2px; line-height: 0; text-align: center; width: 100%;\">\r\n<h4>&nbsp;<\/h4>","protected":false},"excerpt":{"rendered":"&#8211; \u0179ycie ludzkie jest warto\u015bci\u0105 podstawow\u0105 i wst\u0119pem do wszystkich innych praw cz\u0142owieka. Dobrze, \u017ce jest tak du\u017ca grupa pos\u0142\u00f3w, w kt\u00f3rych obudzi\u0142o si\u0119 sumienie i apeluj\u0105, by kwestia aborcji eugenicznej wreszcie zosta\u0142a przeprowadzona przez Trybuna\u0142 Konstytucyjny. Obrona \u017cycia by\u0142a przecie\u017c zapowiadana przez PiS w wielu obietnicach wyborczych &#8211; powiedzia\u0142 w rozmowie z portalem niedziela.pl [&hellip;]","protected":false},"author":1,"featured_media":0,"comment_status":"closed","ping_status":"closed","sticky":false,"template":"","format":"standard","meta":{"_acf_changed":false,"_monsterinsights_skip_tracking":false,"_monsterinsights_sitenote_active":false,"_monsterinsights_sitenote_note":"","_monsterinsights_sitenote_category":0,"ngg_post_thumbnail":0,"footnotes":"","_wp_rev_ctl_limit":""},"categories":[8],"tags":[94,98],"acf":[],"_links":{"self":[{"href":"https:\/\/www.bibula.com\/index.php?rest_route=\/wp\/v2\/posts\/105495"}],"collection":[{"href":"https:\/\/www.bibula.com\/index.php?rest_route=\/wp\/v2\/posts"}],"about":[{"href":"https:\/\/www.bibula.com\/index.php?rest_route=\/wp\/v2\/types\/post"}],"author":[{"embeddable":true,"href":"https:\/\/www.bibula.com\/index.php?rest_route=\/wp\/v2\/users\/1"}],"replies":[{"embeddable":true,"href":"https:\/\/www.bibula.com\/index.php?rest_route=%2Fwp%2Fv2%2Fcomments&post=105495"}],"version-history":[{"count":0,"href":"https:\/\/www.bibula.com\/index.php?rest_route=\/wp\/v2\/posts\/105495\/revisions"}],"wp:attachment":[{"href":"https:\/\/www.bibula.com\/index.php?rest_route=%2Fwp%2Fv2%2Fmedia&parent=105495"}],"wp:term":[{"taxonomy":"category","embeddable":true,"href":"https:\/\/www.bibula.com\/index.php?rest_route=%2Fwp%2Fv2%2Fcategories&post=105495"},{"taxonomy":"post_tag","embeddable":true,"href":"https:\/\/www.bibula.com\/index.php?rest_route=%2Fwp%2Fv2%2Ftags&post=105495"}],"curies":[{"name":"wp","href":"https:\/\/api.w.org\/{rel}","templated":true}]}}