{"id":1054,"date":"2007-06-08T00:00:00","date_gmt":"2007-06-08T00:00:00","guid":{"rendered":""},"modified":"2009-07-31T19:51:02","modified_gmt":"2009-08-01T00:51:02","slug":"bezdroa-dialogu-ks-wojciech-grzesiak","status":"publish","type":"post","link":"https:\/\/www.bibula.com\/?p=1054","title":{"rendered":"Bezdro\u017ca dialogu &#8211; <em>ks. Wojciech Grzesiak<\/em>"},"content":{"rendered":"<p>Katolicka Agencja Informacyjna zamie\u015bci\u0142a ostatnio nast\u0119puj\u0105cego newsa:<\/p>\r\n\r\n<p><em>Po  raz pierwszy organizatorzy Przystanku Woodstock zaprosili na festiwal  przedstawicieli Ko\u015bcio\u0142a katolickiego, judaizmu i islamu. Poinformowano  o tym na konferencji prasowej w Kostrzynie nad Odr\u0105, gdzie Przystanek  Woodstock odb\u0119dzie si\u0119 3 i 4 sierpnia. <\/em><\/p>\r\n\r\n<p><em>Jak  powiedzia\u0142 KAI przedstawiciel Fundacji Wielkiej Orkiestry \u015awi\u0105tecznej  Pomocy Rados\u0142aw Mys\u0142ek, organizatorzy chc\u0105, aby spotkanie m\u0142odzie\u017cy  mia\u0142o wymiar religijny i duchowy. Sw\u00f3j udzia\u0142 na &#8222;Woodstocku&#8221;  potwierdzili przedstawiciele Ko\u015bcio\u0142a katolickiego, judaizmu i islamu.  Ko\u015bci\u00f3\u0142 reprezentowa\u0107 b\u0119dzie abp J\u00f3zef \u0179yci\u0144ski, metropolita lubelski.<\/em><\/p>\r\n\r\n<p><em>&#8211;  Chcemy da\u0107 przyk\u0142ad, \u017ce z ka\u017cdym mo\u017cna rozmawia\u0107. Nie b\u0119d\u0105 to rozmowy  polityczne &#8211; powiedzia\u0142 KAI Rados\u0142aw Mys\u0142ek. M\u0142odzie\u017c b\u0119dzie mog\u0142a  zapyta\u0107 dlaczego muzu\u0142manie kl\u0119kaj\u0105 na dywanikach, dlaczego wyznawcy  judaizmu nosz\u0105 pejsy, jak ksi\u0119\u017ca katoliccy radz\u0105 sobie z samotno\u015bci\u0105 i  jak trzeba poznawa\u0107 wiar\u0119.<\/em><\/p>\r\n\r\n<p><em>Rzecznik  prasowy Przystanku Jezus, kt\u00f3ry od kilku lat organizowany jest  r\u00f3wnolegle z Woodstockiem, ks. Andrzej Dragu\u0142a w rozmowie z KAI  powiedzia\u0142, \u017ce ka\u017cda inicjatywa prowadz\u0105ca do dialogu ludzi r\u00f3\u017cnych  wyzna\u0144 i pogl\u0105d\u00f3w jest pozytywna, wi\u0119c na takie zaproszenia trzeba  odpowiada\u0107.<\/em><\/p>\r\n\r\n<p><em>W  konferencji prasowej uczestniczyli przedstawiciele w\u0142adz miejskich,  samorz\u0105dowych, wojew\u00f3dzkich oraz s\u0142u\u017cby lokalne odpowiedzialne za  bezpiecze\u0144stwo i obs\u0142ug\u0119 imprezy.<\/em><\/p>\r\n\r\n<p><br class=\"spacer_\" \/><\/p>\r\n\r\n<p>C\u00f3\u017c  da\u0142o mi to impuls do zastanowienia si\u0119 na poj\u0119ciem DIALOGU, tak cz\u0119sto  nadu\u017cywanego, a wed\u0142ug mnie w wypowiedzi ks. Andrzeja Dragu\u0142y  sprowadzaj\u0105cego jego eklezjaln\u0105 istot\u0119 do granic absurdu.<\/p>\r\n\r\n<p>Ot\u00f3\u017c  dialog mo\u017ce przyjmowa\u0107 r\u00f3\u017cne formy i w r\u00f3\u017cnych kontekstach mo\u017ce by\u0107  prowadzony. Ja poprowadz\u0119 moj\u0105 my\u015bl tylko na p\u0142aszczy\u017anie ko\u015bcielnej.  Nie jest to wyw\u00f3d naukowy ale lu\u017ana refleksja kap\u0142a\u0144ska w oparciu o  obserwacj\u0119 w\u0142asne.<\/p>\r\n\r\n<p>W  liberalnej my\u015bli spo\u0142eczno &#8211; polityczno &#8211; eklezjalnej dialog jest  kluczem otwieraj\u0105cym wszystkie drzwi. Jest podstawowym prawem i  obowi\u0105zkiem ka\u017cdego o\u015bwieconego cz\u0142owieka. Urasta do rangi ideologii.  Ka\u017cdy ma prawo z wszystkimi i nad wszystkim dialogowa\u0107, co wi\u0119cej w  relatywnej wizji warto\u015bci ka\u017cdy musi dialogowa\u0107, bo w niej przecie\u017c nie  ma dogmatyzacji tre\u015bci, wszystko jest zmienne i mo\u017ce ulega\u0107  kompromisom. Warto\u015b\u0107 przestaje wi\u0119c by\u0107 sama w sobie prawd\u0105, ale zale\u017cy  od wyniku dialogu czyli kompromisu. Wi\u0119c prawd\u0119 ostatecznie ustala  kompromis. Takie my\u015blenie daleki jest Ewangelii, takie my\u015blenie dalekie  jest nauczaniu Ko\u015bcio\u0142a Katolickiego, chocia\u017c staje si\u0119 cz\u0119st\u0105 praktyk\u0105  liberalnego, wsp\u00f3\u0142czesnego chrze\u015bcija\u0144stwa.<\/p>\r\n\r\n<p>Gdyby  tak dog\u0142\u0119bnie przyjrze\u0107 si\u0119 Biblii to kwestia dialogu by\u0142a domen\u0105  Z\u0142ego. To on rozpoczyna\u0142 swoj\u0105 robot\u0119 od dialogu. Zasia\u0142 niepok\u00f3j i  rozmawia\u0142, kulturalnie, spokojnie prowadz\u0105c cz\u0142owieka do kompromisu,  kt\u00f3ry by\u0142 zawsze przeciwny Bo\u017cej prawdzie. W tym kontek\u015bcie widzimy  Adama i Ew\u0119, Kaina. Rysuje si\u0119 przed nami obraz kuszenia Chrystusa Pana  na pustyni. Tam Szatan tak\u017ce stara\u0142 si\u0119 dialogowa\u0107 z Panem. Jezus  Chrystus pokaza\u0142 jednak, \u017ce dialog nie wsz\u0119dzie jest konieczny.  Odpowiada\u0142 Szatanowi kr\u00f3tko i jasno pokazuj\u0105c swoje warto\u015bci.  Wsp\u00f3\u0142cze\u015bni mogliby oskar\u017cy\u0107 Pana Jezusa \u201ea m\u00f3g\u0142 z nim porozmawia\u0107,  wej\u015b\u0107 w dialog\u201d jak powiedzia\u0142 nam w przytoczonym newsie \u00f3w kap\u0142an \u201e<em>\u017ce  ka\u017cda inicjatywa prowadz\u0105ca do dialogu ludzi r\u00f3\u017cnych wyzna\u0144 i pogl\u0105d\u00f3w  jest pozytywna, wi\u0119c na takie zaproszenia trzeba odpowiada\u0107\u201d. <\/em>Jak wida\u0107 jednak nie.<\/p>\r\n\r\n<p>Jest  wi\u0119c czas na przebudzenie, ockni\u0119cie si\u0119. My katolicy nie musimy zawsze  i wsz\u0119dzie dialogowa\u0107. Zreszt\u0105 w du\u017cej mierze \u00f3w dialog to jak m\u0142\u00f3cenie  s\u0142omy &#8211; wzajemnie ka\u017cdy sobie kadzi a tak my\u015bli co innego. Bo do  jakiego kompromisu mam doj\u015b\u0107 z \u017bydem? \u0179e Jezus jednak nie jest  Mesjaszem, \u017ce to nie oni Go zabili? Do jakiego kompromisu mam doj\u015b\u0107 z  Muzu\u0142maninem? \u0179e Mahomet mia\u0142 racj\u0119, \u017ce Jezus jest tylko prorokiem? Do  jakiego celu doprowadzi\u0107 mnie katolika ma dialog z Protestantem? \u0179e  Maryja nie jest Dziewic\u0105, \u017ce nie ma or\u0119downictwa \u015awi\u0119tych, \u017ce nie ma  rzeczywistej obecno\u015bci Chrystusa w Eucharystii? Nie czarujmy si\u0119 takie  dialog jest bezsensowny. Jasne mo\u017cna rozmawia\u0107 o pokoju na \u015bwicie, o  wzajemnej pomocy ludziom biednym i potrzebuj\u0105cym jak si\u0119 to czyni w  wielu o\u015brodkach \u015bwieckich ale nie w sprawach wiary. Potrzeba nam  przebudzenia, biskupom, kap\u0142anom i \u015bwieckim, \u017ce katolickie warto\u015bci nie  s\u0105 przedmiotem kompromisu, s\u0105 odwieczne i absolutne s\u0142owem Boga.  Dlatego nie potrzeba o nich z nikim dyskutowa\u0107 tylko je <strong>G\u0141OSI\u00c4\u2020<\/strong>.<\/p>\r\n\r\n<p>Dzisiaj  naj\u0142atwiej zorganizowa\u0107 dialog, zaprosi\u0107 r\u00f3\u017cnych innowierc\u00f3w, nag\u0142o\u015bni\u0107  w lokalnych mediach i uwa\u017ca\u0107 si\u0119 za dobrego ewangelizatora. Tak cz\u0119sto  dzieje si\u0119 w posoborowych grupach, na uniwersytetach. Ostatnio  us\u0142ysza\u0142em o sympozjum na temat homoseksualizmu. Nic by w tym nie by\u0142o  dziwnego, bo jest konieczny w tym zakresie dialog jak pom\u00f3c tym  ludziom. Jedno mnie zafrapowa\u0142o. Na to spotkanie by\u0142 zaproszony czo\u0142owy  krzykacz \u015brodowisk homoseksualnych, z kt\u00f3rym by\u0142 prowadzony dialog o  homoseksualizmie. Moje pytanie jest po co? Jest to dewiacja? Jest.  Mo\u017cna j\u0105 leczy\u0107? Trzeba. Wi\u0119c po co z nim rozmawia\u0107 i mo\u017ce dochodzi\u0107 do  kompromis\u00f3w.<\/p>\r\n\r\n<p>Strze\u017cmy  si\u0119 wi\u0119c szata\u0144skiej nieraz pokusy dialogu z wszystkim i o wszystkim.  My przecie\u017c mamy gotowe odpowiedzi. Da\u0142 nam je Chrystus Pan, da\u0142 nam je  Ko\u015bci\u00f3\u0142 wystarczy z nich korzysta\u0107 i odpowiada\u0107 ja Pan Jezus na pustyni  Szatanowi &#8211; kr\u00f3tko i na temat.<\/p>\r\n\r\n<p>Co  do owego spotkania na Woodstock to wydaje mi si\u0119 to tak niedorzeczne,  \u017ce nawet nie mam s\u0142\u00f3w tego wyrazi\u0107. I to \u017ce Abp. \u0179yci\u0144ski\u2026 brak s\u0142\u00f3w.  Po\u015br\u00f3d rozwi\u0105z\u0142o\u015bci, narkotyk\u00f3w i satanizmu b\u0119dzie dialogowa\u0142 jak on  sobie radzi z samotno\u015bci a w zamian otrzyma odpowied\u017a z jak \u017byd  zapuszcza i piel\u0119gnuje pejsy. \u0179a\u0142osne. Na tym ko\u0144cz\u0119 bo si\u0119 jeszcze  suspensy dorobi\u0119, gdy\u017c za du\u017co przychodzi mi my\u015bli, ale pozostawi\u0119 je  dla siebie (na razie).<\/p>\r\n\r\n<p><strong><em>ks. Wojciech GRZESIAK<\/em><\/strong><br \/>\r\n<br \/>\r\n 8 czerwca 2007<\/p>\r\n\r\n\r\n<div class=\"content_sz\">\r\n<blockquote><p>Ks. Wojciech Grzesiak pisze o sobie:<\/p>\r\n\r\n<p>Kap\u0142an archidiecezji katowickiej od 2003 roku.<br \/>\r\n Swoj\u0105 pos\u0142ug\u0105 dzieli\u0142em sie z parafi\u0105 \u015bw. J\u00f3zefa w Piekarach \u015alaskich jako neoprezbiter.<br \/>\r\n Obecnie duszpasterzuj\u0119 w parafii WNMP w Biertu\u0142towach (miasto Radlin).<\/p>\r\n\r\n<p>Klasyczny  Ryt Rzymski, Msza Trydencka to du\u017cy procent mojego kap\u0142anskiego  zainteresowania. Ca\u0142a spu\u015bcizna sprzed 1964 roku staje si\u0119 dla mnie  wyzwaniem aby przypomina\u0107 o tym, o czym niekt\u00f3rzy nie chc\u0105 pami\u0119ta\u0107.<\/p>\r\n\r\n<p>Poza  duszapstersk\u0105 trosk\u0105, staram si\u0119 dla zachowania r\u00f3wnowagi psychicznej  kultywowa\u0107 swoje hobyy: hodowla papug (o tym wi\u0119cej w dziale PAPUGI)  oraz w\u0119dkarstwo.<\/p>\r\n\r\n<p>To tyle aby wi\u0119cej by\u0142o AMDG (Ad maiorem Dei Gloriam), ni\u017c mojej.<\/p><\/blockquote>\r\n<\/div>\r\n\r\n\r\n<p><br class=\"spacer_\" \/><\/p>\r\n\r\n<p>Za: <a class=\"content_sz\" href=\"http:\/\/www.adalbertus.net\/\" target=\"_blank\">Strona kap\u0142ana rzymskokatolickiego ADALBERTUS.NET<\/a><\/p>\r\n\r\n<p><br class=\"spacer_\" \/><\/p>","protected":false},"excerpt":{"rendered":"Katolicka Agencja Informacyjna zamie\u015bci\u0142a ostatnio nast\u0119puj\u0105cego newsa: Po raz pierwszy organizatorzy Przystanku Woodstock zaprosili na festiwal przedstawicieli Ko\u015bcio\u0142a katolickiego, judaizmu i islamu. Poinformowano o tym na konferencji prasowej w Kostrzynie nad Odr\u0105, gdzie Przystanek Woodstock odb\u0119dzie si\u0119 3 i 4 sierpnia. Jak powiedzia\u0142 KAI przedstawiciel Fundacji Wielkiej Orkiestry \u015awi\u0105tecznej Pomocy Rados\u0142aw Mys\u0142ek, organizatorzy chc\u0105, aby [&hellip;]","protected":false},"author":1,"featured_media":0,"comment_status":"closed","ping_status":"open","sticky":false,"template":"","format":"standard","meta":{"_acf_changed":false,"_monsterinsights_skip_tracking":false,"_monsterinsights_sitenote_active":false,"_monsterinsights_sitenote_note":"","_monsterinsights_sitenote_category":0,"ngg_post_thumbnail":0,"footnotes":"","_wp_rev_ctl_limit":""},"categories":[5],"tags":[39,33],"acf":[],"_links":{"self":[{"href":"https:\/\/www.bibula.com\/index.php?rest_route=\/wp\/v2\/posts\/1054"}],"collection":[{"href":"https:\/\/www.bibula.com\/index.php?rest_route=\/wp\/v2\/posts"}],"about":[{"href":"https:\/\/www.bibula.com\/index.php?rest_route=\/wp\/v2\/types\/post"}],"author":[{"embeddable":true,"href":"https:\/\/www.bibula.com\/index.php?rest_route=\/wp\/v2\/users\/1"}],"replies":[{"embeddable":true,"href":"https:\/\/www.bibula.com\/index.php?rest_route=%2Fwp%2Fv2%2Fcomments&post=1054"}],"version-history":[{"count":0,"href":"https:\/\/www.bibula.com\/index.php?rest_route=\/wp\/v2\/posts\/1054\/revisions"}],"wp:attachment":[{"href":"https:\/\/www.bibula.com\/index.php?rest_route=%2Fwp%2Fv2%2Fmedia&parent=1054"}],"wp:term":[{"taxonomy":"category","embeddable":true,"href":"https:\/\/www.bibula.com\/index.php?rest_route=%2Fwp%2Fv2%2Fcategories&post=1054"},{"taxonomy":"post_tag","embeddable":true,"href":"https:\/\/www.bibula.com\/index.php?rest_route=%2Fwp%2Fv2%2Ftags&post=1054"}],"curies":[{"name":"wp","href":"https:\/\/api.w.org\/{rel}","templated":true}]}}