{"id":105331,"date":"2018-11-18T09:19:40","date_gmt":"2018-11-18T14:19:40","guid":{"rendered":"http:\/\/www.bibula.com\/?p=105331"},"modified":"2018-11-18T09:19:40","modified_gmt":"2018-11-18T14:19:40","slug":"niemcy-koniec-omijania-przepisow-sad-umocnil-zakaz-handlu-w-niedziele","status":"publish","type":"post","link":"https:\/\/www.bibula.com\/?p=105331","title":{"rendered":"Niemcy: koniec omijania przepis\u00f3w. S\u0105d umocni\u0142 zakaz handlu w niedziele"},"content":{"rendered":"<p><strong>S\u0105d nakaza\u0142 najludniejszemu niemieckiemu landowi, Nadrenii P\u00f3\u0142nocnej-Westfalii, \u015bci\u015blejsze ograniczanie handlu niedzielnego. Rz\u0105dz\u0105ca koalicja CDU\/FDP stosuje nazbyt liberaln\u0105 interpretacj\u0119 przepis\u00f3w, co prowadzi do chaosu prawnego.<\/strong><\/p>\r\n<p>Wy\u017cszy S\u0105d Administracyjny w M\u00fcnster zobowi\u0105za\u0142 rz\u0105d Nadrenii P\u00f3\u0142nocnej-Westfalii do ograniczenia handlu niedzielnego. Zgodnie z niemieckim prawem sklepy musz\u0105 by\u0107 zamkni\u0119te we wszystkie niedziele, za wyj\u0105tkiem kilku w roku, wskazywanych na poziomie lokalnym.<\/p>\r\n<p>W Nadrenii P\u00f3\u0142nocnej-Westfalii pod wp\u0142ywem nacisk\u00f3w biznesu rz\u0105d CDU\/FDP kierowany przez chadeka Armina Lascheta, cz\u0142owieka z kr\u0119gu kanclerz Angeli Merkel, pr\u00f3bowa\u0142 nieco nagina\u0107 te regu\u0142y, co skutkowa\u0142o nadu\u017cyciami.<\/p>\r\n<p>Jak komentuje Andreas Luttmer-Bensmann, szef Ruchu Katolickich Pracobiorc\u00f3w (KAB), decyzja s\u0105du jest \u201ewyra\u017anym policzkiem wobec coraz intensywniejszej polityki deregulacyjnej\u201d rz\u0105du. Winfried Gather, przedstawiciel KAB w archidiecezji Kolonii kard. Rainera Marii Woelkiego powiedzia\u0142 z kolei, \u017ce s\u0105d dowi\u00f3d\u0142, i\u017c polityka ministra gospodarki landu prowadzi nie do zwi\u0119kszenia zakresu bezpiecze\u0144stwa prawnego, ale do zach\u0119cania gmin do podejmowania nielegalnych decyzji.<\/p>\r\n<p>W konkretnym przypadku chodzi\u0142o o otwarcie dw\u00f3ch sklep\u00f3w meblowych w Bornheim, kt\u00f3re wykorzystuj\u0105c liberaln\u0105 interpretacj\u0119 przepis\u00f3w naruszy\u0142y zakaz niedzielnego handlu. S\u0105d wskaza\u0142, \u017ce nie mia\u0142y do tego \u017cadnych podstaw.<\/p>\r\n<p>W Nadrenii P\u00f3\u0142nocnej-Westfalii handlowa\u0107 mo\u017cna obecnie jedynie w osiem niedziel roku.<\/p>\r\n<p>Pach<\/p>\r\n<p>\u0179r\u00f3d\u0142a: die-tagespost.de, kirche-und-leben.de<\/p>","protected":false},"excerpt":{"rendered":"S\u0105d nakaza\u0142 najludniejszemu niemieckiemu landowi, Nadrenii P\u00f3\u0142nocnej-Westfalii, \u015bci\u015blejsze ograniczanie handlu niedzielnego. Rz\u0105dz\u0105ca koalicja CDU\/FDP stosuje nazbyt liberaln\u0105 interpretacj\u0119 przepis\u00f3w, co prowadzi do chaosu prawnego. Wy\u017cszy S\u0105d Administracyjny w M\u00fcnster zobowi\u0105za\u0142 rz\u0105d Nadrenii P\u00f3\u0142nocnej-Westfalii do ograniczenia handlu niedzielnego. Zgodnie z niemieckim prawem sklepy musz\u0105 by\u0107 zamkni\u0119te we wszystkie niedziele, za wyj\u0105tkiem kilku w roku, wskazywanych na [&hellip;]","protected":false},"author":1,"featured_media":0,"comment_status":"closed","ping_status":"closed","sticky":false,"template":"","format":"standard","meta":{"_acf_changed":false,"_monsterinsights_skip_tracking":false,"ngg_post_thumbnail":0,"footnotes":"","_wp_rev_ctl_limit":""},"categories":[6],"tags":[166,177,52],"acf":[],"_links":{"self":[{"href":"https:\/\/www.bibula.com\/index.php?rest_route=\/wp\/v2\/posts\/105331"}],"collection":[{"href":"https:\/\/www.bibula.com\/index.php?rest_route=\/wp\/v2\/posts"}],"about":[{"href":"https:\/\/www.bibula.com\/index.php?rest_route=\/wp\/v2\/types\/post"}],"author":[{"embeddable":true,"href":"https:\/\/www.bibula.com\/index.php?rest_route=\/wp\/v2\/users\/1"}],"replies":[{"embeddable":true,"href":"https:\/\/www.bibula.com\/index.php?rest_route=%2Fwp%2Fv2%2Fcomments&post=105331"}],"version-history":[{"count":0,"href":"https:\/\/www.bibula.com\/index.php?rest_route=\/wp\/v2\/posts\/105331\/revisions"}],"wp:attachment":[{"href":"https:\/\/www.bibula.com\/index.php?rest_route=%2Fwp%2Fv2%2Fmedia&parent=105331"}],"wp:term":[{"taxonomy":"category","embeddable":true,"href":"https:\/\/www.bibula.com\/index.php?rest_route=%2Fwp%2Fv2%2Fcategories&post=105331"},{"taxonomy":"post_tag","embeddable":true,"href":"https:\/\/www.bibula.com\/index.php?rest_route=%2Fwp%2Fv2%2Ftags&post=105331"}],"curies":[{"name":"wp","href":"https:\/\/api.w.org\/{rel}","templated":true}]}}