{"id":105303,"date":"2018-11-15T11:32:37","date_gmt":"2018-11-15T16:32:37","guid":{"rendered":"http:\/\/www.bibula.com\/?p=105303"},"modified":"2018-11-15T11:32:37","modified_gmt":"2018-11-15T16:32:37","slug":"francuski-pisarz-to-co-dzieje-sie-na-przedmiesciach-jest-odwrotnoscia-naszej-kolonizacji","status":"publish","type":"post","link":"https:\/\/www.bibula.com\/?p=105303","title":{"rendered":"Francuski pisarz: To, co dzieje si\u0119 na przedmie\u015bciach jest odwrotno\u015bci\u0105 naszej kolonizacji"},"content":{"rendered":"<p><strong>Eric Zemmour by\u0142 przez wiele lat dziennikarzem \u201eLe Figaro\u201d. W 2014 r. zas\u0142yn\u0105\u0142 ksi\u0105\u017ck\u0105 \u201eSamob\u00f3jstwo Francji\u201d (<em>Le Suicide fran\u00c3\u00a7ais<\/em>). Wed\u0142ug niego do post\u0119puj\u0105cego upadku Francji doprowadzi\u0142o w du\u017cej mierze panowanie politycznie poprawnej mowy, uniemo\u017cliwiaj\u0105cej krytyk\u0119 dzia\u0142ania elit. We wrze\u015bniu ukaza\u0142o si\u0119 jego nowe dzie\u0142o \u201eFrancuskie przeznaczenie\u201d (<em>Le Destin fran\u00c3\u00a7ais<\/em>).<\/strong><\/p>\r\n<p>W lutym b.r. Zemmour, kt\u00f3ry jest \u017bydem, broni\u0142 polskiej ustawy o IPN, pisz\u0105c: \u201eod II wojny \u015bwiatowej wszystkie kraje okupowane przez Niemcy s\u0105 napi\u0119tnowywane przez Izrael i jego wsp\u00f3lnik\u00f3w i ci\u0105gni\u0119te do odpowiedzialno\u015bci za zbrodnie, kt\u00f3re zosta\u0142y pope\u0142nione na \u017bydach przez naje\u017ad\u017ac\u00f3w podczas okupacji\u201d.<\/p>\r\n<p>W tym tygodniu promowa\u0142 swoj\u0105 ostatni\u0105 ksi\u0105\u017cke w Lyonie, na zaproszenie Instytutu Nauk Spo\u0142ecznych, Ekonomii i Polityki (<em>Institute Social Studies \u00c3\u2030conomiques &amp; Politiques<\/em>, ISSEP) zarz\u0105dzanego przez Marion Marechal &#8211; siostrzenicy Marine Le Pen i by\u0142ej pos\u0142anki Frontu Narodowego z okr\u0119gu Vaucluse.<\/p>\r\n<p>&#8211; Koniec ery Napoleona zako\u0144czy\u0142a francuski sen o wielko\u015bci i my\u015bl\u0119, \u017ce od tego momentu Francuzi nigdy jej ju\u017c nie odzyskali &#8211; m\u00f3wi\u0142 Zemmour. &#8211; Przez wieki Francuzi byli postrachem \u015bwiata. Francuski \u017co\u0142nierz by\u0142 ch\u0142opem i jako taki robi\u0142 wszystko, by broni\u0107 swojej ziemi. Musia\u0142 by\u0107 gro\u017any. Ostatni raz powsta\u0142 z ca\u0142\u0105 moc\u0105 w 1914 r.<\/p>\r\n<p>Wiek p\u00f3\u017aniej sytuacja jest diametralnie r\u00f3\u017cna, przyznaje pisarz.<\/p>\r\n<p>&#8211; To, co dzieje si\u0119 na przedmie\u015bciach jest odwrotno\u015bci\u0105 naszej kolonizacji. Zmieniaj\u0105 si\u0119 normy moralne, kulinarne, kody kulturowe, odzie\u017c noszona przez ludzi. Dochodzi do zmiany paradygmat\u00f3w: okresem odniesienia nie s\u0105 ju\u017c czasy rewolucji francuskiej, ale Karola M\u0142ota &#8211; gorzko zauwa\u017ca Zemmour.<\/p>\r\n<p>Foto: TT\/@ISSEP_Lyon<\/p>\r\n<p class=\"zrodlo\">Za: <a href=\"http:\/\/dzienniknarodowy.pl\/francuski-pisarz-dzieje-sie-przedmiesciach-odwrotnoscia-naszej-kolonizacji\/\">Dziennik narodowy (Lis 15, 2018)<\/a><\/p>\r\n<h4>&nbsp;<\/h4>\r\n<hr style=\"background-color: #000000; border-width: 0; color: #000000; height: 2px; line-height: 0; text-align: center; width: 100%;\">\r\n<h4>&nbsp;<\/h4>\r\n<blockquote>\r\n<p><strong>KOMENTARZ <em>BIBU\u0141Y<\/em><\/strong>: My\u015blenie wsp\u00f3\u0142czesnej elity intelektualnej Francji jest r\u00f3wnie chorobliwe jak sama smutna sytuacja tego kraju. &#8222;Sen o wielko\u015bci&#8221; w wykonaniu Napoleona czy rewolucja francuska jako &#8222;okres odniesienia&#8221; &#8211; oto zboczenia my\u015blowe elit nie chc\u0105cych dostrzega\u0107, \u017ce wielko\u015b\u0107 Francji run\u0119\u0142a w\u0142a\u015bnie wraz z antyfrancusk\u0105 maso\u0144sk\u0105 rewolucj\u0105, a nie odwrotnie.<\/p>\r\n<\/blockquote>\r\n<h4>&nbsp;<\/h4>\r\n<hr style=\"background-color: #000000; border-width: 0; color: #000000; height: 2px; line-height: 0; text-align: center; width: 100%;\">\r\n<h4>&nbsp;<\/h4>","protected":false},"excerpt":{"rendered":"Eric Zemmour by\u0142 przez wiele lat dziennikarzem \u201eLe Figaro\u201d. W 2014 r. zas\u0142yn\u0105\u0142 ksi\u0105\u017ck\u0105 \u201eSamob\u00f3jstwo Francji\u201d (Le Suicide fran\u00c3\u00a7ais). Wed\u0142ug niego do post\u0119puj\u0105cego upadku Francji doprowadzi\u0142o w du\u017cej mierze panowanie politycznie poprawnej mowy, uniemo\u017cliwiaj\u0105cej krytyk\u0119 dzia\u0142ania elit. We wrze\u015bniu ukaza\u0142o si\u0119 jego nowe dzie\u0142o \u201eFrancuskie przeznaczenie\u201d (Le Destin fran\u00c3\u00a7ais). W lutym b.r. Zemmour, kt\u00f3ry jest [&hellip;]","protected":false},"author":1,"featured_media":0,"comment_status":"closed","ping_status":"closed","sticky":false,"template":"","format":"standard","meta":{"_acf_changed":false,"_monsterinsights_skip_tracking":false,"_monsterinsights_sitenote_active":false,"_monsterinsights_sitenote_note":"","_monsterinsights_sitenote_category":0,"ngg_post_thumbnail":0,"footnotes":"","_wp_rev_ctl_limit":""},"categories":[6],"tags":[157,191,76],"acf":[],"_links":{"self":[{"href":"https:\/\/www.bibula.com\/index.php?rest_route=\/wp\/v2\/posts\/105303"}],"collection":[{"href":"https:\/\/www.bibula.com\/index.php?rest_route=\/wp\/v2\/posts"}],"about":[{"href":"https:\/\/www.bibula.com\/index.php?rest_route=\/wp\/v2\/types\/post"}],"author":[{"embeddable":true,"href":"https:\/\/www.bibula.com\/index.php?rest_route=\/wp\/v2\/users\/1"}],"replies":[{"embeddable":true,"href":"https:\/\/www.bibula.com\/index.php?rest_route=%2Fwp%2Fv2%2Fcomments&post=105303"}],"version-history":[{"count":0,"href":"https:\/\/www.bibula.com\/index.php?rest_route=\/wp\/v2\/posts\/105303\/revisions"}],"wp:attachment":[{"href":"https:\/\/www.bibula.com\/index.php?rest_route=%2Fwp%2Fv2%2Fmedia&parent=105303"}],"wp:term":[{"taxonomy":"category","embeddable":true,"href":"https:\/\/www.bibula.com\/index.php?rest_route=%2Fwp%2Fv2%2Fcategories&post=105303"},{"taxonomy":"post_tag","embeddable":true,"href":"https:\/\/www.bibula.com\/index.php?rest_route=%2Fwp%2Fv2%2Ftags&post=105303"}],"curies":[{"name":"wp","href":"https:\/\/api.w.org\/{rel}","templated":true}]}}