{"id":105295,"date":"2018-11-15T10:32:56","date_gmt":"2018-11-15T15:32:56","guid":{"rendered":"http:\/\/www.bibula.com\/?p=105295"},"modified":"2018-11-15T10:32:56","modified_gmt":"2018-11-15T15:32:56","slug":"zydzi-nie-odpuszczaja-przegrali-sprawe-o-zwrot-nieruchomosci-w-sadzie-apelacyjnym-ale-chca-kasacji-w-sadzie-najwyzszym","status":"publish","type":"post","link":"https:\/\/www.bibula.com\/?p=105295","title":{"rendered":"\u017bydzi nie odpuszczaj\u0105! Przegrali spraw\u0119 o zwrot nieruchomo\u015bci w S\u0105dzie Apelacyjnym, ale chc\u0105 kasacji w S\u0105dzie Najwy\u017cszym"},"content":{"rendered":"<p><strong>Gmina Wyznaniowa \u017bydowska walczy o zwrot kamienicy przy placu Wolno\u015bci w Bia\u0142ej Podlaskiej. Mimo pora\u017cki w S\u0105dzie Apelacyjnym nie sk\u0142ada broni. Wnios\u0142a ju\u017c skarg\u0119 kasacyjn\u0105 od wyroku S\u0105du Apelacyjnego w Lublinie.<\/strong><\/p>\r\n<p>Gmina Wyznaniowa \u017bydowska to filia GW\u0179 w Warszawie dzia\u0142aj\u0105ca od 2005 roku. Roszczenia wobec lubelskich nieruchomo\u015bci sk\u0142adano ju\u017c jednak wcze\u015bniej do Komisji Regulacyjnej ds. Gmin Wyznaniowych \u017bydowskich w MSWiA. Dotyczy\u0142y 11 nieruchomo\u015bci w Lublinie. <strong>Gmina Wyznaniowa \u017bydowska chcia\u0142a domaga\u0107 si\u0119 zwrotu kilkudziesi\u0119ciu nieruchomo\u015bci.<\/strong><\/p>\r\n<p>Tak\u0105 mo\u017cliwo\u015b\u0107 ubiegania si\u0119 o zwrot nieruchomo\u015bci daje gminom \u017cydowskim ustawa z 1997 roku. Ustawa okre\u015bli\u0142a precyzyjnie warunki jakie musz\u0105 by\u0107 spe\u0142nione aby mo\u017cna by\u0142o ubiega\u0107 si\u0119 o zwrot. Podstawowym warunkiem niezb\u0119dnym do tego by gmina \u017cydowska mog\u0142a z\u0142o\u017cy\u0107 wniosek o wszcz\u0119cie post\u0119powania w przedmiocie przeniesienia na rzecz gminy w\u0142asno\u015bci nieruchomo\u015bci przej\u0119tych przez Skarb Pa\u0144stwa jest to, \u017ce 1 wrze\u015bnia 1939 roku by\u0142a w\u0142a\u015bcicielem danej nieruchomo\u015bci. W my\u015bl drugiego warunku na nieruchomo\u015bci powinny znajdowa\u0107 si\u0119 w\u00f3wczas synagogi lub budynki s\u0142u\u017c\u0105ce celom kultu religijnego lub dzia\u0142alno\u015bci charytatywno-opieku\u0144czej.<\/p>\r\n<p>W przypadku kamienicy przy Placu Wolno\u015bci 2 s\u0105d uzna\u0142, \u017ce warunki okre\u015blone w ustawie nie s\u0105 spe\u0142nione. Potwierdzi\u0142 to w lipcu 2018 S\u0105d Apelacyjny w Lublinie, kt\u00f3ry oddali\u0142 roszczenia \u017byd\u00f3w.<\/p>\r\n<p>Gmina Wyznaniowa \u017bydowska nie sk\u0142ada jednak broni. Zaskar\u017cy\u0142a wyrok w ca\u0142o\u015bci. Maciej Kijas, pe\u0142nomocnik gminy t\u0142umaczy, \u017ce zaskar\u017conemu wyrokowi zarzucono naruszenie prawa materialnego. &#8211; W ocenie gminy zosta\u0142y spe\u0142nione wszelkie przes\u0142anki okre\u015blone w ustawie z dnia 20 lutego 1997 roku o stosunku Pa\u0144stwa do gmin wyznaniowych \u017cydowskich. W szczeg\u00f3lno\u015bci zosta\u0142 spe\u0142niony wym\u00f3g, aby na nieruchomo\u015bci obj\u0119tej sporem, istnia\u0142 w dniu wej\u015bcia w \u017cycie ww. ustawy, budynek s\u0142u\u017c\u0105cy uprzednio celom dzia\u0142alno\u015bci charytatywno &#8211; opieku\u0144czej. Dochody z tego budynku stanowi\u0142y bezpo\u015brednie \u017ar\u00f3d\u0142o finansowania Szpitala \u017bydowskiego w Bia\u0142ej Podlaskiej. A w konsekwencji pow\u00f3dztwo powinno by\u0107 uwzgl\u0119dnione &#8211; uwa\u017ca Maciej Kijas.<\/p>\r\n<p>Na pocz\u0105tku listopada miasto wystosowa\u0142o do S\u0105du Apelacyjnego wniosek o odmow\u0119 przyj\u0119cia skargi kasacyjnej. Miasto przywo\u0142a\u0142o szereg orzecze\u0144 S\u0105du Najwy\u017cszego podtrzymuj\u0105cych stanowisko, i\u017c tre\u015b\u0107 skargi kasacyjnej nie uzasadnia jej przyj\u0119cia.<\/p>\r\n<p>Akta sprawy w najbli\u017cszym tygodniu zostan\u0105 przedstawione S\u0105dowi Najwy\u017cszemu.<\/p>\r\n<p>\u017ar\u00f3d\u0142o: Dziennik Wschodni<\/p>","protected":false},"excerpt":{"rendered":"Gmina Wyznaniowa \u017bydowska walczy o zwrot kamienicy przy placu Wolno\u015bci w Bia\u0142ej Podlaskiej. Mimo pora\u017cki w S\u0105dzie Apelacyjnym nie sk\u0142ada broni. Wnios\u0142a ju\u017c skarg\u0119 kasacyjn\u0105 od wyroku S\u0105du Apelacyjnego w Lublinie. Gmina Wyznaniowa \u017bydowska to filia GW\u0179 w Warszawie dzia\u0142aj\u0105ca od 2005 roku. Roszczenia wobec lubelskich nieruchomo\u015bci sk\u0142adano ju\u017c jednak wcze\u015bniej do Komisji Regulacyjnej ds. [&hellip;]","protected":false},"author":1,"featured_media":0,"comment_status":"closed","ping_status":"closed","sticky":false,"template":"","format":"standard","meta":{"_acf_changed":false,"_monsterinsights_skip_tracking":false,"_monsterinsights_sitenote_active":false,"_monsterinsights_sitenote_note":"","_monsterinsights_sitenote_category":0,"ngg_post_thumbnail":0,"footnotes":"","_wp_rev_ctl_limit":""},"categories":[8],"tags":[22,98],"acf":[],"_links":{"self":[{"href":"https:\/\/www.bibula.com\/index.php?rest_route=\/wp\/v2\/posts\/105295"}],"collection":[{"href":"https:\/\/www.bibula.com\/index.php?rest_route=\/wp\/v2\/posts"}],"about":[{"href":"https:\/\/www.bibula.com\/index.php?rest_route=\/wp\/v2\/types\/post"}],"author":[{"embeddable":true,"href":"https:\/\/www.bibula.com\/index.php?rest_route=\/wp\/v2\/users\/1"}],"replies":[{"embeddable":true,"href":"https:\/\/www.bibula.com\/index.php?rest_route=%2Fwp%2Fv2%2Fcomments&post=105295"}],"version-history":[{"count":0,"href":"https:\/\/www.bibula.com\/index.php?rest_route=\/wp\/v2\/posts\/105295\/revisions"}],"wp:attachment":[{"href":"https:\/\/www.bibula.com\/index.php?rest_route=%2Fwp%2Fv2%2Fmedia&parent=105295"}],"wp:term":[{"taxonomy":"category","embeddable":true,"href":"https:\/\/www.bibula.com\/index.php?rest_route=%2Fwp%2Fv2%2Fcategories&post=105295"},{"taxonomy":"post_tag","embeddable":true,"href":"https:\/\/www.bibula.com\/index.php?rest_route=%2Fwp%2Fv2%2Ftags&post=105295"}],"curies":[{"name":"wp","href":"https:\/\/api.w.org\/{rel}","templated":true}]}}