{"id":105127,"date":"2018-11-06T09:38:11","date_gmt":"2018-11-06T14:38:11","guid":{"rendered":"http:\/\/www.bibula.com\/?p=105127"},"modified":"2020-09-19T11:16:51","modified_gmt":"2020-09-19T15:16:51","slug":"za-epidemie-odry-odpowiadaja-imigranci-prof-gut-odra-ktora-jest-u-nas-to-odra-ktora-zostala-do-nas-przywleczona","status":"publish","type":"post","link":"https:\/\/www.bibula.com\/?p=105127","title":{"rendered":"Za \u201eepidemi\u0119&#8221; odry odpowiadaj\u0105 imigranci? Prof. Gut: \u201eOdra, kt\u00f3ra jest u nas, to odra kt\u00f3ra zosta\u0142a do nas przywleczona&#8221;"},"content":{"rendered":"<p><strong>We wszystkich najwi\u0119kszych mediach w kraju mo\u017cemy dzi\u015b przeczyta\u0107 apele o szczepienie dzieci, a tak\u017ce wizj\u0119 armagedonu jaki zgotowali \u201eantyszczepionkowcy\u201d (zazwyczaj u\u017cywa si\u0119 tego s\u0142owa na okre\u015blenie zwolennik\u00f3w dobrowolno\u015bci). Przyczynkiem do tego by\u0142o zachorowanie 17 dzieci na odr\u0119 w powiecie pruszkowskim, a tak\u017ce og\u00f3lny wzrost liczby zachorowa\u0144 w 2018 roku.<\/strong><\/p>\r\n<div class=\"cut1\">[&#8230;] <span class=\"podpis_sz\">Ca\u0142y tekst dost\u0119pny w materiale \u017ar\u00f3d\u0142owym<\/span><\/div>\r\n<p>\u0179r\u00f3d\u0142o: gazeta.pl\/mp.pl\/PAP\/nczas.com<\/p>\r\n<p class=\"zrodlo\">Za: <a href=\"https:\/\/nczas.com\/2018\/11\/04\/93797\/\">Najwy\u017cszy Czas! (<time class=\"entry-date updated td-module-date\" datetime=\"2018-11-04T14:05:19+00:00\">04\/11\/2018)<\/time><\/a><\/p>\r\n<h4>\u00a0<\/h4>\r\n<hr style=\"background-color: #000000; border-width: 0; color: #000000; height: 2px; line-height: 0; text-align: center; width: 100%;\" \/>\r\n<h4>\u00a0<\/h4>\r\n<h2>Kolejni pracownicy z Ukrainy chorzy na odr\u0119<\/h2>\r\n<p><strong>Jak poinformowa\u0142o RMF FM, sytuacja jest powa\u017cna, gdy\u017c wszyscy chorzy na odr\u0119 w Kwidzynie na Pomorzu to obywatele Ukrainy, pracuj\u0105cy w du\u017cym zak\u0142adzie produkcyjnym zatrudniaj\u0105cym kilkuset Ukrai\u0144c\u00f3w.<\/strong><\/p>\r\n<p>We wtorek radio RMF FM poda\u0142o, \u017ce w Kwidzynie na Pomorzu odnotowano cztery przypadki zachorowania na odr\u0119. Wszyscy chorzy to Ukrai\u0144cy pracuj\u0105cy w du\u017cym zak\u0142adzie produkcyjnym, zatrudniaj\u0105cym g\u0142\u00f3wnie Ukrai\u0144c\u00f3w. Dwie osoby zosta\u0142y przewiezione do szpitala zaka\u017anego w Gda\u0144sku. Trwa dochodzenie epidemiologiczne.[&#8230;]<\/p>\r\n<p class=\"zrodlo\">Ca\u0142o\u015b\u0107: <a href=\"https:\/\/kresy.pl\/wydarzenia\/kolejni-pracownicy-z-ukrainy-chorzy-na-odre\/\">Kresy.pl (6 listopada 2018)<\/a><\/p>\r\n<h4>\u00a0<\/h4>\r\n<hr style=\"background-color: #000000; border-width: 0; color: #000000; height: 2px; line-height: 0; text-align: center; width: 100%;\" \/>\r\n<h4>\u00a0<\/h4>","protected":false},"excerpt":{"rendered":"We wszystkich najwi\u0119kszych mediach w kraju mo\u017cemy dzi\u015b przeczyta\u0107 apele o szczepienie dzieci, a tak\u017ce wizj\u0119 armagedonu jaki zgotowali \u201eantyszczepionkowcy\u201d (zazwyczaj u\u017cywa si\u0119 tego s\u0142owa na okre\u015blenie zwolennik\u00f3w dobrowolno\u015bci). Przyczynkiem do tego by\u0142o zachorowanie 17 dzieci na odr\u0119 w powiecie pruszkowskim, a tak\u017ce og\u00f3lny wzrost liczby zachorowa\u0144 w 2018 roku. [&#8230;] Ca\u0142y tekst dost\u0119pny w [&hellip;]","protected":false},"author":2,"featured_media":0,"comment_status":"closed","ping_status":"closed","sticky":false,"template":"","format":"standard","meta":{"_acf_changed":false,"_monsterinsights_skip_tracking":false,"_monsterinsights_sitenote_active":false,"_monsterinsights_sitenote_note":"","_monsterinsights_sitenote_category":0,"ngg_post_thumbnail":0,"footnotes":"","_wp_rev_ctl_limit":""},"categories":[8],"tags":[448,105,76,98,167],"acf":[],"_links":{"self":[{"href":"https:\/\/www.bibula.com\/index.php?rest_route=\/wp\/v2\/posts\/105127"}],"collection":[{"href":"https:\/\/www.bibula.com\/index.php?rest_route=\/wp\/v2\/posts"}],"about":[{"href":"https:\/\/www.bibula.com\/index.php?rest_route=\/wp\/v2\/types\/post"}],"author":[{"embeddable":true,"href":"https:\/\/www.bibula.com\/index.php?rest_route=\/wp\/v2\/users\/2"}],"replies":[{"embeddable":true,"href":"https:\/\/www.bibula.com\/index.php?rest_route=%2Fwp%2Fv2%2Fcomments&post=105127"}],"version-history":[{"count":3,"href":"https:\/\/www.bibula.com\/index.php?rest_route=\/wp\/v2\/posts\/105127\/revisions"}],"predecessor-version":[{"id":117930,"href":"https:\/\/www.bibula.com\/index.php?rest_route=\/wp\/v2\/posts\/105127\/revisions\/117930"}],"wp:attachment":[{"href":"https:\/\/www.bibula.com\/index.php?rest_route=%2Fwp%2Fv2%2Fmedia&parent=105127"}],"wp:term":[{"taxonomy":"category","embeddable":true,"href":"https:\/\/www.bibula.com\/index.php?rest_route=%2Fwp%2Fv2%2Fcategories&post=105127"},{"taxonomy":"post_tag","embeddable":true,"href":"https:\/\/www.bibula.com\/index.php?rest_route=%2Fwp%2Fv2%2Ftags&post=105127"}],"curies":[{"name":"wp","href":"https:\/\/api.w.org\/{rel}","templated":true}]}}