{"id":105119,"date":"2018-11-06T09:38:16","date_gmt":"2018-11-06T14:38:16","guid":{"rendered":"http:\/\/www.bibula.com\/?p=105119"},"modified":"2018-11-06T09:38:16","modified_gmt":"2018-11-06T14:38:16","slug":"poslanka-pawlowicz-o-bialej-rasie-i-czarnych","status":"publish","type":"post","link":"https:\/\/www.bibula.com\/?p=105119","title":{"rendered":"Pos\u0142anka Paw\u0142owicz o &#8222;bia\u0142ej rasie&#8221; i &#8222;czarnych&#8221;"},"content":{"rendered":"<p><strong>INFO: WCz. Krystyna Paw\u0142owicz, pos\u0142anka PiS, napisa\u0142a m.in. o \u201ebia\u0142ej rasie\u201d i \u201eczarnych\u201d &#8211; donosi fakt.pl.<\/strong><\/p>\r\n<p>&#8222;Polacy, kt\u00f3rych Michnik przezwa\u0142 po faszystowsku \u201ebia\u0142\u0105 ras\u0105\u201d, id\u0105 11 XI uczci\u0107 100-lecie Niepodleg\u0142o\u015bci Polski. Bo i prawda, nie jeste\u015bmy \u201eczarni\u201d jak lewaccy satani\u015bci, jak te od parasolek i ten umazany past\u0105 na black z GW. JESTE\u015aMY POLAKAMI i KOCHAMY POLSK\u0118&#8221; &#8211; napisa\u0142a p. Paw\u0142owicz na Twitterze, czym \u015bci\u0105gn\u0119\u0142a na siebie w\u015bciek\u0142y atak\u00f3w wszelkich lewak\u00f3w.<\/p>\r\n<p>Pod naciskiem medi\u00f3w wiceszef klubu PiS odci\u0105\u0142 si\u0119 od prof. Paw\u0142owicz.<\/p>\r\n<p>\u0179r\u00f3d\u0142o: <a href=\"https:\/\/www.fakt.pl\/wydarzenia\/polityka\/krystyna-pawlowicz-o-bialej-rasie\/kj3zpnv#slajd-1\">fakt.pl<\/a><\/p>\r\n<p>Opracowa\u0142: GK<\/p>\r\n<p class=\"zrodlo\">Za: <a href=\"http:\/\/korwin-mikke.pl\/polska\/zobacz\/poslanka_pawlowicz_o_bialej_rasie_i_czarnych\/172779\">korwin-mikke.pl (05-11-2018)<\/a><\/p>\r\n<blockquote>\r\n<p>[<strong>Wybrane wypowiedzi internaut\u00f3w pod w\/w tekstem na stronie \u017ar\u00f3d\u0142owej:<\/strong>]<\/p>\r\n<p><em>r102<\/em><br>\r\nAle o co idzie &#8211; bo nie kumam &#8211; przecie Polacy s\u0105 biali.<br>\r\nW odr\u00f3\u017cnieniu od cz\u0119\u015bci rdzennych mieszka\u0144c\u00f3w Afryki, Ameryki, Azji i Australii &#8211; kt\u00f3rzy bywaj\u0105 czarni, \u017c\u00f3\u0142ci i mieszani..<\/p>\r\n<p><em>pislamista<\/em><br>\r\nViceszef klubu PiS&#8230; typowe pisowskie zachowanie!<br>\r\nNawet, gdy maj\u0105 100% racji, wycofuj\u0105 si\u0119 z podkulonym ogonem.<\/p>\r\n<p><em>sinceritas<\/em><br>\r\nDo tej listy czarnych dosta\u0142bym jeszcze duchowie\u0144stwo.<\/p>\r\n<\/blockquote>\r\n<h4>&nbsp;<\/h4>\r\n<hr style=\"background-color: #000000; border-width: 0; color: #000000; height: 2px; line-height: 0; text-align: center; width: 100%;\">\r\n<h4>&nbsp;<\/h4>","protected":false},"excerpt":{"rendered":"INFO: WCz. Krystyna Paw\u0142owicz, pos\u0142anka PiS, napisa\u0142a m.in. o \u201ebia\u0142ej rasie\u201d i \u201eczarnych\u201d &#8211; donosi fakt.pl. &#8222;Polacy, kt\u00f3rych Michnik przezwa\u0142 po faszystowsku \u201ebia\u0142\u0105 ras\u0105\u201d, id\u0105 11 XI uczci\u0107 100-lecie Niepodleg\u0142o\u015bci Polski. Bo i prawda, nie jeste\u015bmy \u201eczarni\u201d jak lewaccy satani\u015bci, jak te od parasolek i ten umazany past\u0105 na black z GW. JESTE\u015aMY POLAKAMI i [&hellip;]","protected":false},"author":1,"featured_media":0,"comment_status":"closed","ping_status":"closed","sticky":false,"template":"","format":"standard","meta":{"_acf_changed":false,"_monsterinsights_skip_tracking":false,"_monsterinsights_sitenote_active":false,"_monsterinsights_sitenote_note":"","_monsterinsights_sitenote_category":0,"ngg_post_thumbnail":0,"footnotes":"","_wp_rev_ctl_limit":""},"categories":[8],"tags":[16,98,25,31,20],"acf":[],"_links":{"self":[{"href":"https:\/\/www.bibula.com\/index.php?rest_route=\/wp\/v2\/posts\/105119"}],"collection":[{"href":"https:\/\/www.bibula.com\/index.php?rest_route=\/wp\/v2\/posts"}],"about":[{"href":"https:\/\/www.bibula.com\/index.php?rest_route=\/wp\/v2\/types\/post"}],"author":[{"embeddable":true,"href":"https:\/\/www.bibula.com\/index.php?rest_route=\/wp\/v2\/users\/1"}],"replies":[{"embeddable":true,"href":"https:\/\/www.bibula.com\/index.php?rest_route=%2Fwp%2Fv2%2Fcomments&post=105119"}],"version-history":[{"count":0,"href":"https:\/\/www.bibula.com\/index.php?rest_route=\/wp\/v2\/posts\/105119\/revisions"}],"wp:attachment":[{"href":"https:\/\/www.bibula.com\/index.php?rest_route=%2Fwp%2Fv2%2Fmedia&parent=105119"}],"wp:term":[{"taxonomy":"category","embeddable":true,"href":"https:\/\/www.bibula.com\/index.php?rest_route=%2Fwp%2Fv2%2Fcategories&post=105119"},{"taxonomy":"post_tag","embeddable":true,"href":"https:\/\/www.bibula.com\/index.php?rest_route=%2Fwp%2Fv2%2Ftags&post=105119"}],"curies":[{"name":"wp","href":"https:\/\/api.w.org\/{rel}","templated":true}]}}