{"id":104833,"date":"2018-10-14T11:52:11","date_gmt":"2018-10-14T15:52:11","guid":{"rendered":"http:\/\/www.bibula.com\/?p=104833"},"modified":"2018-10-14T11:52:11","modified_gmt":"2018-10-14T15:52:11","slug":"sadowski-rzad-zaplaci-wiecej-miedzynarodowym-spekulantom-niz-na-500plus-zadnych-korzystnych-zmian-dla-przedsiebiorcow-nie-bedzie","status":"publish","type":"post","link":"https:\/\/www.bibula.com\/?p=104833","title":{"rendered":"Sadowski: Rz\u0105d zap\u0142aci wi\u0119cej mi\u0119dzynarodowym spekulantom ni\u017c na \u201e500plus&#8221;. \u0179adnych korzystnych zmian dla przedsi\u0119biorc\u00f3w nie b\u0119dzie"},"content":{"rendered":"<p><em><strong>O awansie Polski do grupy najlepiej rozwini\u0119tych rynk\u00f3w \u015bwiata i za\u0142o\u017ceniach bud\u017cetu pa\u0144stwa na 2019 rok z Andrzejem Sadowskim, prezydentem Centrum im. Adama Smitha, rozmawia Rafa\u0142 Pazio.<\/strong><\/em><\/p>\r\n<p><strong>&#8211; Polska awansowa\u0142a do presti\u017cowej grupy najlepiej rozwini\u0119tych rynk\u00f3w \u015bwiata. Czy to co\u015b realnego? A mo\u017ce to ranking nie maj\u0105cy odzwierciedlenia w realnym \u017cyciu Polak\u00f3w?<\/strong>&nbsp;<\/p>\r\n<div class=\"td-g-rec td-g-rec-id-content_inline \">\r\n<p>&#8211; Jest to po prostu stwierdzenie, \u017ce Polska dzisiaj z kraj\u00f3w tego obszaru ma najbardziej p\u0142ynny rynek finansowy. Nie bankowy, tylko finansowy. St\u0105d spe\u0142nili\u015bmy ile\u015b kryteri\u00f3w, kt\u00f3re by\u0142y potrzebne, \u017ceby zwyczajnie w takim rankingu si\u0119 znale\u017a\u0107. To nie jest to\u017csame z tym, \u017ce w\u0142a\u015bnie teraz stali\u015bmy si\u0119 rozwini\u0119t\u0105 gospodark\u0105, bo w gronie rozwini\u0119tych gospodarczo pa\u0144stw jeste\u015bmy ju\u017c d\u0142u\u017cszy czas. Natomiast to jest kwestia p\u0142ynno\u015bci rynku czy mo\u017cliwo\u015bci dokonywania szybkich, spekulacyjnych operacji, potwierdzona miejscem w rankingu.<\/p>\r\n<p><strong>&#8211; Czy ten awans to co\u015b niespodziewanego?<\/strong><\/p>\r\n<p>&#8211; Rok temu pojawi\u0142a si\u0119 zapowied\u017a, \u017ce Polska trafi do tego rankingu. Przez ten czas nie by\u0142o zauwa\u017calnej wzmo\u017conej aktywno\u015bci ani na polskiej gie\u0142dzie, ani na rynkach finansowych w Polsce. St\u0105d, jak wida\u0107, ani zapowied\u017a, ani nawet dzi\u015b ju\u017c spe\u0142niona obecno\u015b\u0107 w rankingu w jaki\u015b zauwa\u017calny spos\u00f3b nie prze\u0142o\u017cy\u0142a si\u0119 jak dot\u0105d na aktywno\u015b\u0107 funduszy czy nawet zwyk\u0142ych spekulant\u00f3w.<\/p>\r\n<p><strong>&#8211; Czy mo\u017cemy jako\u015b pozytywnie wykorzysta\u0107 t\u0119 wiadomo\u015b\u0107 o naszym miejscu w presti\u017cowym gronie rozwini\u0119tych rynk\u00f3w? Czy polscy przedsi\u0119biorcy mog\u0105 oprze\u0107 na tym swoje dzia\u0142ania, aby wzmocni\u0107 swoje firmy?<\/strong><\/p>\r\n<p>&#8211; Polski przedsi\u0119biorca opiera dzia\u0142alno\u015b\u0107 na codziennej informacji o zmianie przepis\u00f3w podatkowych czy regulacyjnych. To sprawia, \u017ce coraz wi\u0119cej z nich podejmuje decyzje, zw\u0142aszcza po zapowiedzi o podatku od przenoszonych aktyw\u00f3w za granic\u0119, aby firmy ju\u017c teraz trafi\u0142y do s\u0105siednich kraj\u00f3w. To s\u0105 informacje, kt\u00f3re stanowi\u0105 wskazania dla polskich przedsi\u0119biorc\u00f3w. Natomiast miejsce w rankingu jest wy\u0142\u0105cznie informacj\u0105 dla mi\u0119dzynarodowych rynk\u00f3w finansowych, nie dla polskiego przedsi\u0119biorcy.<\/p>\r\n<p><strong>&#8211; Premier Mateusz Morawiecki razem z minister finans\u00f3w Teres\u0105 Czerwi\u0144sk\u0105 poinformowali, \u017ce zosta\u0142 przyj\u0119ty projekt bud\u017cetu na 2019 rok. Jak Pan ocenia za\u0142o\u017cenia zawarte w tym dokumencie? Czy s\u0105 tam zapisy, kt\u00f3re pozwalaj\u0105 liczy\u0107 na zmian\u0119 i pozytywne funkcjonowanie dziedzin dzia\u0142aj\u0105cych w oparciu o bud\u017cet pa\u0144stwa?<\/strong><\/p>\r\n<p>&#8211; <span class=\"pullquote\">Polski rz\u0105d nadal w bud\u017cecie pa\u0144stwa zak\u0142ada, \u017ce wi\u0119cej zap\u0142aci mi\u0119dzynarodowym spekulantom, kt\u00f3rzy maj\u0105 w r\u0119kach polski d\u0142ug, ni\u017c nawet na sw\u00f3j sztandarowy program \u201e500 plus\u201d<\/span>. P\u00f3ki to si\u0119 nie zmieni, ten bud\u017cet b\u0119dzie taki jak bud\u017cety poprzednie.<\/p>\r\n<p><strong>&#8211; Czy poprawa jako\u015bci bud\u017cetu powinna opiera\u0107 si\u0119 na zaplanowaniu wi\u0119kszej ilo\u015bci pieni\u0119dzy na sp\u0142acenie d\u0142ug\u00f3w i odsetek?<\/strong><\/p>\r\n<p>&#8211; Trzeba jako\u015b pokaza\u0107, w kt\u00f3rym momencie polski rz\u0105d zmniejsza czy wr\u0119cz usuwa d\u0142ug, a nie tylko p\u0142aci odsetki. Sam fakt, \u017ce pokazuje si\u0119 zmniejszony deficyt, nie oznacza, i\u017c z ty\u0142u nie mamy do czynienia z czym\u015b znacznie powa\u017cniejszym i niebezpiecznym. To zagro\u017cenie jeszcze wzro\u015bnie w przypadku za\u0142amania koniunktury. Jest nim d\u0142ug publiczny zaci\u0105gany przez kolejne rz\u0105dy, przy wydawaniu pieni\u0119dzy ponad mo\u017cliwo\u015bci polskiej gospodarki i bie\u017c\u0105cych wp\u0142yw\u00f3w. To jest g\u0142\u00f3wny problem. Gdyby rz\u0105d pokaza\u0142 drog\u0119 wyj\u015bcia z tej, jak dot\u0105d, trasy jednokierunkowej i zawr\u00f3ci\u0142, to mo\u017cna by powiedzie\u0107, \u017ce mieliby\u015bmy pocz\u0105tek realnej zmiany w naszym kraju.&nbsp;<\/p>\r\n<div class=\"td-g-rec td-g-rec-id-content_inline \">\r\n<p><strong>&#8211; O czym \u015bwiadczy ten zmniejszony deficyt w bud\u017cecie? Rz\u0105d lepiej planuje, liczy? A mo\u017ce uda\u0142o si\u0119 mniej wpisa\u0107 po stronie wydatk\u00f3w? Zadzia\u0142a\u0142y jakie\u015b uszczelnienia?<\/strong><\/p>\r\n<p>&#8211; Deficyt ju\u017c jest na tak niskim poziomie, \u017ce zaskakuje w og\u00f3le jego utrzymywanie. St\u0105d pojawia si\u0119 pytanie, czy deficyt nie jest utrzymywany wy\u0142\u0105cznie po to, aby m\u00f3c p\u0142aci\u0107 odsetki od d\u0142ugu. To pytanie na wp\u00f3\u0142 prowokacyjne, ale skoro ten deficyt jest tak niewielki, to mo\u017ce lepiej by si\u0119 sta\u0142o, aby nie by\u0142o w og\u00f3le. Dopiero wtedy mieliby\u015bmy sukces rz\u0105du. Te dwadzie\u015bcia kilka miliard\u00f3w da\u0142oby si\u0119 znale\u017a\u0107 w oszcz\u0119dno\u015bciach przy marnotrawstwie polskiego pa\u0144stwa. Mo\u017cna by zrobi\u0107 to tak, aby na stulecie niepodleg\u0142o\u015bci, w czasie jej celebracji, wykaza\u0107 si\u0119 chocia\u017c raz bud\u017cetem bez deficytu.<\/p>\r\n<p><strong>&#8211; Czy tak skrojony bud\u017cet, zaprezentowany przez premiera i minister finans\u00f3w, to jest dobra wiadomo\u015b\u0107 dla przedsi\u0119biorc\u00f3w? A mo\u017ce polskim przedsi\u0119biorcom jest ju\u017c oboj\u0119tny kszta\u0142t bud\u017cetu, gdy\u017c rzadziej ogl\u0105daj\u0105 si\u0119 na zam\u00f3wienia publiczne?<\/strong><\/p>\r\n<p>&#8211; Bud\u017cet w obecnym kszta\u0142cie oznacza, \u017ce rz\u0105d nie wykorzystuje potencja\u0142u polskich przedsi\u0119biorc\u00f3w, polskich fabryk i polskiej pracy. Przy tej konstrukcji bud\u017cetu \u017cadnych korzystnych zmian dla przedsi\u0119biorc\u00f3w w Polsce nie b\u0119dzie. B\u0119dziemy mie\u0107 ca\u0142y czas rosn\u0105ce podatki, biurokratyczny kierat, w kt\u00f3ry s\u0105 wprz\u0119gni\u0119ci polscy przedsi\u0119biorcy. Nie b\u0119dziemy mie\u0107 sytuacji takiej jak w Rumunii, gdzie redukcja opodatkowania, tytu\u0142\u00f3w podatkowych i obowi\u0105zk\u00f3w administracyjnych spowodowa\u0142a skokowy wzrost gospodarczy &#8211; i to dwa razy wi\u0119kszy ni\u017c w Polsce. Jest to obecnie mo\u017cliwe. Ale przyj\u0119cie w Polsce tak \u201ekonserwatywnego\u201d bud\u017cetu oznacza, \u017ce rz\u0105d nie b\u0119dzie w roku wyborczym przyjmowa\u0142 zmian, kt\u00f3re mog\u0142yby pozyska\u0107 na jego rzecz wielomilionow\u0105 grup\u0119 wyborc\u00f3w, kt\u00f3rymi s\u0105 polscy przedsi\u0119biorcy.<\/p>\r\n<p><strong>&#8211; Czy skrojenie \u201ekonserwatywnego\u201d bud\u017cetu, ale jednak z niskim deficytem, oznacza jakie\u015b zmiany jako\u015bci serwisu us\u0142ug, kt\u00f3ry oferuje pa\u0144stwo? Czy wida\u0107 tam jakie\u015b zapowiedzi dzia\u0142a\u0144, kt\u00f3re mog\u0105 podnie\u015b\u0107 poziom s\u0142u\u017cby zdrowia, edukacji i innych us\u0142ug pa\u0144stwa na rzecz Polak\u00f3w?<\/strong><\/p>\r\n<p>&#8211; Jako\u015b\u0107 us\u0142ug jest pochodn\u0105 jako\u015bci instytucji nale\u017c\u0105cych do rz\u0105du. Skoro mamy nisk\u0105 jako\u015b\u0107 tych instytucji, bardzo \u017ale rozwijaj\u0105ce si\u0119 jako\u015bciowo obszary, kt\u00f3rymi zarz\u0105dza pa\u0144stwo, trudno oczekiwa\u0107, \u017ce nawet zwi\u0119kszenie \u015brodk\u00f3w zmieni cokolwiek. St\u0105d wielokrotnie zapowiadana zmiana czy naprawa pa\u0144stwa, kt\u00f3ra si\u0119 pojawi\u0142a w kampanii wyborczej, nie zosta\u0142a zrealizowana. Nie b\u0119dzie lepszej jako\u015bci us\u0142ug pa\u0144stwa, bo pa\u0144stwo nie jest zmienione.<\/p>\r\n<p><strong>&#8211; Dzi\u0119kuj\u0119 za rozmow\u0119.<\/strong><\/p>\r\n<\/div>\r\n<\/div>","protected":false},"excerpt":{"rendered":"O awansie Polski do grupy najlepiej rozwini\u0119tych rynk\u00f3w \u015bwiata i za\u0142o\u017ceniach bud\u017cetu pa\u0144stwa na 2019 rok z Andrzejem Sadowskim, prezydentem Centrum im. Adama Smitha, rozmawia Rafa\u0142 Pazio. &#8211; Polska awansowa\u0142a do presti\u017cowej grupy najlepiej rozwini\u0119tych rynk\u00f3w \u015bwiata. Czy to co\u015b realnego? A mo\u017ce to ranking nie maj\u0105cy odzwierciedlenia w realnym \u017cyciu Polak\u00f3w?&nbsp; &#8211; Jest to [&hellip;]","protected":false},"author":1,"featured_media":0,"comment_status":"closed","ping_status":"closed","sticky":false,"template":"","format":"standard","meta":{"_acf_changed":false,"_monsterinsights_skip_tracking":false,"_monsterinsights_sitenote_active":false,"_monsterinsights_sitenote_note":"","_monsterinsights_sitenote_category":0,"ngg_post_thumbnail":0,"footnotes":"","_wp_rev_ctl_limit":""},"categories":[8],"tags":[98,52,251],"acf":[],"_links":{"self":[{"href":"https:\/\/www.bibula.com\/index.php?rest_route=\/wp\/v2\/posts\/104833"}],"collection":[{"href":"https:\/\/www.bibula.com\/index.php?rest_route=\/wp\/v2\/posts"}],"about":[{"href":"https:\/\/www.bibula.com\/index.php?rest_route=\/wp\/v2\/types\/post"}],"author":[{"embeddable":true,"href":"https:\/\/www.bibula.com\/index.php?rest_route=\/wp\/v2\/users\/1"}],"replies":[{"embeddable":true,"href":"https:\/\/www.bibula.com\/index.php?rest_route=%2Fwp%2Fv2%2Fcomments&post=104833"}],"version-history":[{"count":0,"href":"https:\/\/www.bibula.com\/index.php?rest_route=\/wp\/v2\/posts\/104833\/revisions"}],"wp:attachment":[{"href":"https:\/\/www.bibula.com\/index.php?rest_route=%2Fwp%2Fv2%2Fmedia&parent=104833"}],"wp:term":[{"taxonomy":"category","embeddable":true,"href":"https:\/\/www.bibula.com\/index.php?rest_route=%2Fwp%2Fv2%2Fcategories&post=104833"},{"taxonomy":"post_tag","embeddable":true,"href":"https:\/\/www.bibula.com\/index.php?rest_route=%2Fwp%2Fv2%2Ftags&post=104833"}],"curies":[{"name":"wp","href":"https:\/\/api.w.org\/{rel}","templated":true}]}}