{"id":104792,"date":"2018-10-11T12:55:10","date_gmt":"2018-10-11T16:55:10","guid":{"rendered":"http:\/\/www.bibula.com\/?p=104792"},"modified":"2018-10-11T12:55:10","modified_gmt":"2018-10-11T16:55:10","slug":"zjawa-gospa-z-medjugorie-dalej-straszy","status":"publish","type":"post","link":"https:\/\/www.bibula.com\/?p=104792","title":{"rendered":"Zjawa-Gospa z Medjugorie dalej straszy&#8230;"},"content":{"rendered":"<p>Zamieszczamy poni\u017cszy wywiad (&#8222;Konfesjona\u0142 \u015bwiata&#8221;) jako przestrog\u0119 ukazuj\u0105c\u0105 stan postrzegania wsp\u00f3\u0142czesnych hierarch\u00f3w nie potrafi\u0105cych ju\u017c rozezna\u0107 dobra od z\u0142a, dzie\u0142a Bo\u017cego od fa\u0142szywych objawie\u0144. Przyznajemy, \u017ce wi\u0105zali\u015bmy pewne nadzieje z obj\u0119ciem przez abp. Hosera misji w Medjugorie. Zawiedli\u015bmy si\u0119 ca\u0142kowicie.<\/p>\r\n<p>W wywiadzie Arcybiskup wprowadza przede wszystkim nieporozumienie. Jakkowiek sam kilkakrotnie podkre\u015bla problem z uznaniem autentyczno\u015bci rzekomych objawie\u0144 (&#8222;<em>wci\u0105\u017c czekamy na stanowisko co do prawdziwo\u015bci lub braku prawdziwo\u015bci tych objawie\u0144<\/em>&#8222;), jednak pomija fakt, \u017ce biskup miejsca &#8211; b\u0119d\u0105cy pierwszym w ocenie nadprzyrodzono\u015bci zjawisk &#8211; dwukrotnie na przestrzeni kilkudziesi\u0119ciu lat (w latach 1980. oraz obecnie) <strong>wypowiedzia\u0142 si\u0119 ca\u0142kowicie krytycznie uznaj\u0105c rzekome objawienia jako fa\u0142szywe<\/strong>. Ocena miejscowego biskupa zawsze zamyka nieporozumienie jednak szata\u0144skie si\u0142y pr\u00f3buj\u0105 aktywizowa\u0107 to miejsce i podtrzymywa\u0107 kult zjawy-Gospy. Niestety, Arcybiskup uleg\u0142 ca\u0142kowicie tej sile i brnie w ob\u0142\u0119d kontynuowania niebezpiecznej fikcji.<\/p>\r\n<p>Dlaczego Arcybiskup nie chce zauwa\u017cy\u0107 oczywistych sprzeczno\u015bci pomi\u0119dzy objawieniami w Rwandzie, objawieniami uznanymi za prawdziwe <strong>bowiem tak oceni\u0142 to miejscowy biskup<\/strong>, a negatywn\u0105 ocen\u0105 biskup\u00f3w w Medjugorie? Dlaczego przytakuje brednie Redaktora o&nbsp; tym jakoby &#8222;<em>w Medjugorie odnajdujemy powr\u00f3t do tradycyjnych form pobo\u017cno\u015bci<\/em>&#8222;, skoro nie u\u015bwiadczy si\u0119 tam tradycyjnej Mszy \u015bwi\u0119tej? Dlaczego w ko\u0144cu Arcybiskup zach\u0119ca wszystkich do pielgrzymowania do Medjugorie (&#8222;<em>Zach\u0119cam, ze wzgl\u0119du na to, \u017ce korzy\u015bci duchowe s\u0105 niew\u0105tpliwe<\/em>&#8222;), bez brania pod uwag\u0119, \u017ce przy braku uregulowania zjawiska zamiast zach\u0119t nale\u017cy zachowa\u0107 szczeg\u00f3ln\u0105 ostro\u017cno\u015b\u0107 gdy ten\u017ce &#8211; jak twierdzi &#8211; Ko\u015bci\u00f3\u0142 nie wypowiedzia\u0142 si\u0119 (chocia\u017c przecie\u017c Ko\u015bci\u00f3\u0142 poprzez miejscowego biskupa uczyni\u0142 to dwukrotnie!) co do autentyczno\u015bci rzekomych objawie\u0144? Czy nie jest to przyk\u0142adem braku roztropno\u015bci, ostro\u017cno\u015bci, przezorno\u015bci, jaskrawym przyk\u0142adem <strong>braku m\u0105dro\u015bci<\/strong>?<\/p>\r\n<p>Wi\u0119cej tekst\u00f3w na temat Medjugorie <span style=\"text-decoration: underline;\"><strong><a href=\"http:\/\/www.bibula.com\/?tag=medjugorie\">tutaj<\/a><\/strong><\/span>.<\/p>\r\n<p><em>Red.<\/em><\/p>\r\n<h4>&nbsp;<\/h4>\r\n<hr style=\"background-color: #000000; border-width: 0; color: #000000; height: 2px; line-height: 0; text-align: center; width: 100%;\">\r\n<h4>&nbsp;<\/h4>\r\n<h2>Konfesjona\u0142 \u015bwiata<\/h2>\r\n<p><strong><em>Z ks. abp. Henrykiem Hoserem, wizytatorem apostolskim dla parafii w Medjugorie, rozmawia Beata Falkowska<\/em>&nbsp;<\/strong><\/p>\r\n<p><strong>Od lipca przebywa Ekscelencja w Medjugorie jako wizytator apostolski dla parafii \u015bw. Jakuba. Kolejna wa\u017cna misja w \u017cyciu Ksi\u0119dza Arcybiskupa?<\/strong><\/p>\r\n<p>&#8211; Wi\u0119kszo\u015b\u0107 mojego \u017cycia pracowa\u0142em w wymiarze mi\u0119dzynarodowym, to jest moja czwarta wizytacja apostolska, kt\u00f3r\u0105 podejmuj\u0119. Mi\u0119dzy innymi przez p\u00f3\u0142tora roku by\u0142em wizytatorem apostolskim po ludob\u00f3jstwie w Rwandzie, to te\u017c by\u0142o takie czasowo nieokre\u015blone pe\u0142nienie misji. Jest to chyba g\u0142\u00f3wny wyznacznik, kt\u00f3ry spowodowa\u0142, \u017ce po raz kolejny zosta\u0142em \u201epowo\u0142any do wojska\u201d.<\/p>\r\n<p><strong>To zadanie wi\u0105\u017ce si\u0119 z du\u017c\u0105 odpowiedzialno\u015bci\u0105?<\/strong><\/p>\r\n<p>&#8211; Jest to ogromna odpowiedzialno\u015b\u0107, kt\u00f3r\u0105 ponosz\u0119 z innymi. Licz\u0119 na wsparcie Opatrzno\u015bci Bo\u017cej i pomoc Matki Bo\u017cej, kt\u00f3rej tutaj s\u0142u\u017c\u0119. W zesz\u0142ym roku przyjecha\u0142em po raz pierwszy do Medjugorie jako wys\u0142annik Ojca \u015awi\u0119tego. To by\u0142a misja zapoznawcza, a dzi\u015b misja wykonawcza. Jest to inna perspektywa pracy.<\/p>\r\n<p><strong>G\u0142\u00f3wnym jej celem jest rozw\u00f3j duszpasterstwa w Medjugorie i rozeznawanie potrzeb pielgrzym\u00f3w.<\/strong><\/p>\r\n<p>&#8211; Tak, przede wszystkim dostosowanie duszpasterstwa do rosn\u0105cej liczby pielgrzym\u00f3w z r\u00f3\u017cnych stron \u015bwiata. Do Medjugorie przyje\u017cd\u017ca rocznie blisko 2,5 mln os\u00f3b z co najmniej 80 pa\u0144stw. Mamy wielu pielgrzym\u00f3w spoza Europy &#8211; jest du\u017co Amerykan\u00f3w, Azjat\u00f3w: Japo\u0144czyk\u00f3w, Korea\u0144czyk\u00f3w, Wietnamczyk\u00f3w. W czasie tegorocznego festiwalu m\u0142odych \u015bpiewa\u0142 ch\u00f3r z\u0142o\u017cony z ch\u00f3rzyst\u00f3w z 22 pa\u0144stw \u015bwiata, na pocz\u0105tku i na ko\u0144cu festiwalu odby\u0142a si\u0119 defilada jak na olimpiadzie ze sztandarami przedstawicieli 72 pa\u0144stw. To pokazuje skal\u0119 tego, z czym mamy tu do czynienia.<\/p>\r\n<p>Potrzeba zatem odpowiedniej liczby spowiednik\u00f3w organizuj\u0105cych r\u00f3wnie\u017c liturgi\u0119 i towarzysz\u0105cych wiernym w programie katechetycznym, kt\u00f3ry tu jest. Wszystko to odbywa si\u0119 w bardzo skromnej infrastrukturze, ograniczaj\u0105cej si\u0119 do jednej parafii z niewielkim ko\u015bcio\u0142em. Nale\u017cy stworzy\u0107 plan strategiczny na d\u0142u\u017cszy czas, o charakterze mi\u0119dzynarodowym, kt\u00f3ry b\u0119dzie otwarty na r\u00f3\u017cnorodno\u015b\u0107, przede wszystkim j\u0119zykow\u0105. To jest wielkie wyzwanie. Na sta\u0142e potrzeba te\u017c zespo\u0142u t\u0142umaczy. Na terenie Domu Radia, kt\u00f3ry znajduje si\u0119 na zapleczu kompleksu parafialnego, jest dzi\u015b 16 kabin do t\u0142umacze\u0144 w r\u00f3\u017cnych j\u0119zykach, r\u00f3wnie\u017c polska kabina, t\u0142umaczenia z Mszy \u015bw., nabo\u017ce\u0144stw s\u0105 transmitowane przez fale ultrakr\u00f3tkie, kt\u00f3re mo\u017cna odbiera\u0107 w telefonie lub radiu. Bardzo wa\u017cnym problemem jest te\u017c uregulowanie sytuacji r\u00f3\u017cnych grup i wsp\u00f3lnot, kt\u00f3re tu si\u0119 zainstalowa\u0142y, a kt\u00f3rych status kanoniczny i cywilny nie jest jeszcze ustalony. To te\u017c jest du\u017ca praca do wykonania.<\/p>\r\n<p><strong>Co wywar\u0142o na Ksi\u0119dzu najsilniejsze wra\u017cenie podczas pierwszych pobyt\u00f3w w tym miejscu?<\/strong><\/p>\r\n<p>&#8211; Kontrast mi\u0119dzy skromno\u015bci\u0105 miejsca a wielko\u015bci\u0105 dokona\u0144. Tu odbywaj\u0105 si\u0119 wielkie przemiany duchowe w postaci nawr\u00f3ce\u0144, ludzie odnajduj\u0105 drog\u0119 wiary poprzez modlitw\u0119, kontakt z Pismem \u015awi\u0119tym, uczestnictwo w sakramentach: we Mszy \u015bw., w sakramencie spowiedzi.<\/p>\r\n<p>To s\u0105 niematerialne, niewidoczne skutki pobytu tutaj. One s\u0105 frapuj\u0105ce. Mo\u017cna przyzna\u0107 temu miejscu nazw\u0119, kt\u00f3r\u0105 jest okre\u015blane &#8211; \u201ekonfesjona\u0142 \u015bwiata\u201d. I to w sytuacji, gdy w wielu krajach sakrament pokuty i pojednania nie jest praktykowany, w zwi\u0105zku z tym ludzie nie maj\u0105 poczucia grzechu, umiej\u0119tno\u015bci rozr\u00f3\u017cniania dobra i z\u0142a. Tutaj odkrywaj\u0105 to na nowo.<\/p>\r\n<p><strong>Jakie wnioski p\u0142yn\u0105 z dotychczasowego pobytu w Medjugorie, z rozm\u00f3w z ojcami franciszkanami, kt\u00f3rzy opiekuj\u0105 si\u0119 parafi\u0105, ze spotka\u0144 z pielgrzymami?<\/strong><\/p>\r\n<p>&#8211; W por\u00f3wnaniu z miejscami innych maryjnych objawie\u0144 &#8211; cho\u0107 tutejsze objawienia nie s\u0105 potwierdzone przez Ko\u015bci\u00f3\u0142, zatem ujmujemy je w cudzys\u0142\u00f3w &#8211; nie ma tu jakich\u015b rewolucyjnych nowo\u015bci. To, co jest wyr\u00f3\u017cnikiem i warto\u015bci\u0105 promowan\u0105, to nawr\u00f3cenia, a tak\u017ce powr\u00f3t do modlitwy, do odkrycia warto\u015bci postu, kt\u00f3ry zanika w Ko\u015bciele katolickim. W wielu krajach bardziej zauwa\u017ca si\u0119 ramadan ni\u017c Wielki Post. Spowiednicy m\u00f3wi\u0105, \u017ce nie ma dnia, \u017ceby nie mieli spowiedzi przypiecz\u0119towuj\u0105cej nawr\u00f3cenie, przemian\u0119 \u017cycia. Cz\u0119sto nawracaj\u0105 si\u0119 ludzie ze \u015bwiata show biznesu, celebryci, kt\u00f3rzy nie mieli nic wsp\u00f3lnego z wiar\u0105. Dzi\u015b s\u0105 \u015bwiadkami, bo ci, kt\u00f3rzy si\u0119 nawracaj\u0105, staj\u0105 si\u0119 \u015bwiadkami spotkania z Bogiem.<\/p>\r\n<p><strong>Spotyka tu Ekscelencja \u015bwiadk\u00f3w?<\/strong><\/p>\r\n<p>&#8211; Na pewno, niedawno mia\u0142em bardzo ciekawe spotkanie z grup\u0105 S\u0142owak\u00f3w, kt\u00f3rzy ko\u0144czyli tygodniowe rekolekcje o chlebie i wodzie. Jedn\u0105 z rzeczy proponowanych przez Medjugorie jest post o chlebie i wodzie w \u015brod\u0119 i w pi\u0105tek, ale s\u0105 te\u017c rekolekcje pi\u0119ciodniowe, sze\u015bciodniowe o chlebie i wodzie. Okazuje si\u0119 to mo\u017cliwe, ludzie bardzo g\u0142\u0119boko to prze\u017cywaj\u0105, w\u00f3wczas S\u0142owo Bo\u017ce naprawd\u0119 g\u0142\u0119boko ich penetruje. S\u0142owacy ko\u0144czyli rekolekcje oczywi\u015bcie w bardzo radosnych nastrojach. M\u00f3wi\u0142em im, \u017ce maj\u0105 teraz misj\u0119 do wykonania. M\u00f3wi\u0119 to wszystkim, kt\u00f3rzy tu przyje\u017cd\u017caj\u0105, \u017ce maj\u0105 by\u0107 misjonarzami, aposto\u0142ami, \u015bwiadkami spotkania z Bogiem. Si\u0142a \u015bwiadectwa jest najwa\u017cniejsza.<\/p>\r\n<p><strong>W Medjugorie odnajdujemy powr\u00f3t do tradycyjnych form pobo\u017cno\u015bci jak w\u0142a\u015bnie post, R\u00f3\u017caniec.<\/strong><\/p>\r\n<p>&#8211; Ko\u015bci\u00f3\u0142 jest z jednej strony \u017cywym organizmem, z drugiej strony si\u0119 rozwija, ale ramy jego dzia\u0142ania zawsze s\u0105 podobne, w zwi\u0105zku z tym trzeba si\u0119 wpisa\u0107 w organizm Ko\u015bcio\u0142a. Bardzo wa\u017cne, by modlitwa, post, pokuta wr\u00f3ci\u0142y do praktyk naszego \u017cycia i by ludzie karmili si\u0119 ze sto\u0142u S\u0142owa Bo\u017cego i ze Sto\u0142u Eucharystii. Z Medjugorie p\u0142ynie wezwanie do modlitwy osobistej i rodzinnej, to wszystko zanik\u0142o na Zachodzie, a zanik wiary zawsze jest poprzedzony zanikiem modlitwy.<\/p>\r\n<p>To, co uderza, to fakt, \u017ce ludzie do Medjugorie wracaj\u0105. Najcz\u0119\u015bciej nie jest to jednorazowa wizyta, ale pielgrzymuj\u0105 kilka razy do roku.<\/p>\r\n<p>Ka\u017cdy przywozi sytuacj\u0119 religijn\u0105 swojego kraju. Inaczej reaguj\u0105 Polacy, kt\u00f3rzy s\u0105 najcz\u0119\u015bciej lud\u017ami wierz\u0105cymi, praktykuj\u0105cymi, oczywi\u015bcie na r\u00f3\u017cnym stopniu praktykowania i wierzenia &#8211; cz\u0119sto jest to powierzchowne; a inaczej reaguj\u0105 ludzie Zachodu, kt\u00f3rzy odkrywaj\u0105 tu nieznan\u0105 im rzeczywisto\u015b\u0107 Ko\u015bcio\u0142a. Na Zachodzie og\u00f3lnie nie ma adoracji Naj\u015bwi\u0119tszego Sakramentu, nie ma propagowania R\u00f3\u017ca\u0144ca, nie odprawia si\u0119 Drogi Krzy\u017cowej, nie ma spowiedzi. Raz, \u017ce jest coraz mniej ksi\u0119\u017cy, a dwa ci, kt\u00f3rzy s\u0105, nie spowiadaj\u0105, zatem zwykli ludzie nie maj\u0105 takiego nawyku, potrzeby. Tu prze\u017cywaj\u0105 rekolekcje, kt\u00f3re powoduj\u0105 wydobycie z g\u0142\u0119bokiej pami\u0119ci, r\u00f3wnie\u017c pokoleniowej, spos\u00f3b bycia katolikiem, chrze\u015bcijaninem.<\/p>\r\n<p><strong>Ludzie z Zachodu odkrywaj\u0105 tu zapomnian\u0105 w ich krajach rzeczywisto\u015b\u0107 Ko\u015bcio\u0142a, a co odkrywaj\u0105 w Medjugorie Polacy?<\/strong><\/p>\r\n<p>&#8211; To jest te\u017c tajemnica tego miejsca. Polacy, kt\u00f3rzy tu przyje\u017cd\u017caj\u0105, m\u00f3wi\u0105, \u017ce odkrywaj\u0105 inn\u0105 atmosfer\u0119. Przecie\u017c w Polsce mamy dost\u0119p do spowiedzi, modlimy si\u0119 na R\u00f3\u017ca\u0144cu etc., a najwi\u0119ksza liczba pielgrzym\u00f3w przybywa obecnie do Medjugorie w\u0142a\u015bnie z Polski. Dawniej byli to W\u0142osi, ale we W\u0142oszech nie ma obecnie nast\u0119pstwa pokole\u0144 wierz\u0105cych, zatem przyje\u017cd\u017caj\u0105 g\u0142\u00f3wnie starsze osoby z W\u0142och. Polacy przyje\u017cd\u017caj\u0105 we wszystkich kategoriach wiekowych i ta liczba wzrasta &#8211; czasem przybywa nawet po kilkana\u015bcie autokar\u00f3w dziennie.<\/p>\r\n<p><strong>Sama znam osoby, kt\u00f3re wracaj\u0105 tu nawet kilka razy w roku, co ich tu przyci\u0105ga?<\/strong><\/p>\r\n<p>&#8211; Jak wida\u0107, r\u00f3wnie\u017c Polacy potrzebuj\u0105 oddycha\u0107 obecn\u0105 tu atmosfer\u0105. Czysto reporterskie spojrzenie staje si\u0119 ubogie, bo c\u00f3\u017c tu mo\u017cna zobaczy\u0107. S\u0105 dwa wymiary przebywania w takich miejscach &#8211; najpierw wymiar czasowy &#8211; trzeba by\u0107 tu d\u0142u\u017cej, aby zaanga\u017cowa\u0107 si\u0119, wej\u015b\u0107 w stref\u0119 ciszy, uczestniczy\u0107 w wydarzeniach, kt\u00f3re zaplanowane s\u0105 na ka\u017cdy dzie\u0144 tygodnia, nie tylko we Mszy \u015awi\u0119tej, ale w adoracji Naj\u015bwi\u0119tszego Sakramentu, w adoracji Krzy\u017ca w pi\u0105tek, odm\u00f3wi\u0107 codziennie wszystkie cz\u0119\u015bci R\u00f3\u017ca\u0144ca, przej\u015b\u0107 \u015bcie\u017ckami r\u00f3\u017ca\u0144cowymi, wej\u015b\u0107 na Kri\u00c5\u00beevac, odprawi\u0107 Drog\u0119 Krzy\u017cow\u0105. To wszystko wymaga czasu. Ko\u015bci\u00f3\u0142 parafialny \u015bw. Jakuba, G\u00f3ra Objawienia i krzy\u017c na Kri\u00c5\u00beevacu, postawiony w 1933 roku z okazji 1900. rocznicy Odkupienia &#8211; te miejsca wyznaczaj\u0105 tr\u00f3jk\u0105tn\u0105 przestrze\u0144 sakraln\u0105, jak\u0105 jest Medjugorie.<\/p>\r\n<p><strong>Pan B\u00f3g przewidzia\u0142, \u017ce cz\u0142owiekowi do spotkania z Nim potrzeba tego wyj\u015bcia \u201epoza ob\u00f3z\u201d i dlatego daje nam takie miejsca?<\/strong><\/p>\r\n<p>&#8211; To jest taki genius loci. S\u0105 ludzie, kt\u00f3rzy przyje\u017cd\u017caj\u0105 w te okolice na wakacje nad Adriatyk, wst\u0119puj\u0105 do Medjugorie, bo s\u0142yszeli o tym miejscu, i wyje\u017cd\u017caj\u0105 nawr\u00f3ceni. Tutaj \u0142aska czeka na cz\u0142owieka.<\/p>\r\n<p><strong>Wiele lat pos\u0142ugiwa\u0142 Ekscelencja w Rwandzie. Mo\u017cna dostrzec wsp\u00f3lne przestrzenie objawie\u0144 z Kibeho z wydarzeniami z Medjugorie?<\/strong><\/p>\r\n<p>&#8211; By\u0142em \u015bwiadkiem objawie\u0144 w Kibeho, kt\u00f3re s\u0105 ju\u017c uznane przez Ko\u015bci\u00f3\u0142, tutaj trudno\u015bci\u0105 pastoraln\u0105 jest to, \u017ce wci\u0105\u017c czekamy na stanowisko co do prawdziwo\u015bci lub braku prawdziwo\u015bci tych objawie\u0144.<\/p>\r\n<p>Oba objawienia mia\u0142y miejsce w tym samym roku. Na pewno mo\u017cemy m\u00f3wi\u0107 o ich profetycznym charakterze &#8211; Kibeho by\u0142o zapowiedzi\u0105 ludob\u00f3jstwa, w Medjugorie pad\u0142o ostrze\u017cenie przed wojn\u0105 na Ba\u0142kanach.<\/p>\r\n<p><strong>W tym rejonie mia\u0142a miejsce najwi\u0119ksza wojna w Europie po II wojnie \u015bwiatowej. Matka Bo\u017ca jest w Medjugorie szczeg\u00f3lnie czczona jako Kr\u00f3lowa Pokoju.<\/strong><\/p>\r\n<p>&#8211; Tak, jest to cecha wyr\u00f3\u017cniaj\u0105ca to miejsce. W Kibeho Matka Bo\u017ca objawi\u0142a si\u0119 jako Matka S\u0142owa Bo\u017cego, czyli Chrystusa, tutaj czcimy Matk\u0119 Bo\u017c\u0105 pod wezwaniem Kr\u00f3lowej Pokoju, co nie jest nowo\u015bci\u0105. Jest to wezwanie z Litanii loreta\u0144skiej, znane od wielu lat. Historia Medjugorie zacz\u0119\u0142a si\u0119 przed straszn\u0105 wojn\u0105 na Ba\u0142kanach, maj\u0105cej cechy masowych zbrodni, kwalifikowanych przez niekt\u00f3rych jako ludob\u00f3jstwo. Porozrywa\u0142o to jedno\u015b\u0107 tego regionu, kt\u00f3ry w tej chwili \u017cyje w nowo utworzonych pa\u0144stwach, wcze\u015bniej nieistniej\u0105cych. To generuje wielk\u0105 labilno\u015b\u0107, dlatego taki o\u015brodek promuj\u0105cy pok\u00f3j, skupiaj\u0105cy wszystkich, kt\u00f3rzy tu przyje\u017cd\u017caj\u0105, jest nies\u0142ychanie wa\u017cny. Warto zauwa\u017cy\u0107, \u017ce Medjugorie &#8211; jako jedno z nielicznych miejsc w by\u0142ej Jugos\u0142awii &#8211; zosta\u0142o oszcz\u0119dzone, tutaj nie by\u0142o dzia\u0142a\u0144 wojennych. Dlatego to jest tak wa\u017cny punkt, sk\u0105d apel pokoju rozchodzi si\u0119 na ca\u0142y \u015bwiat, nie tylko w wymiarze militarnym, bo punktem wyj\u015bcia jest pok\u00f3j wewn\u0119trzny ka\u017cdego cz\u0142owieka. \u0179yjemy dzi\u015b w cywilizacji i kulturze niepokoju, w zwi\u0105zku z czym konsumpcja \u015brodk\u00f3w uspokajaj\u0105cych jest gigantyczna, a plaga samob\u00f3jstw okre\u015bla brak pokoju wewn\u0119trznego i pozytywnego podej\u015bcia do \u017cycia.<\/p>\r\n<p><strong>\u201ePok\u00f3j i dobro\u201d &#8211; to has\u0142o zakonu franciszka\u0144skiego. Pos\u0142uga franciszkan\u00f3w wpisuje si\u0119 w charyzmat tego miejsca.<\/strong><\/p>\r\n<p>&#8211; Bardzo. Nie by\u0142oby Medjugorie bez franciszkan\u00f3w. W ocenie tego, co tu si\u0119 dzieje, nie wolno zapomina\u0107 przy ewaluacji i kryteriach oceny odczytania znak\u00f3w czasu w kontek\u015bcie rad ewangelicznych, \u017ce drzewo poznaje si\u0119 po owocach. Tutaj zdecydowanie owoce s\u0105 dobre i dojrza\u0142e. W zwi\u0105zku z tym, to nie mog\u0142o wyrosn\u0105\u0107 z jakiego\u015b drzewa szata\u0144skiego.<\/p>\r\n<p><strong>Zostawiaj\u0105c prawdziwo\u015b\u0107 objawie\u0144 w Medjugorie, poprzez maryjno\u015b\u0107 tego miejsca, p\u0142yn\u0105c\u0105 st\u0105d modlitw\u0119 r\u00f3\u017ca\u0144cow\u0105 wierni odpowiadaj\u0105 na pro\u015bby Maryi kierowane w objawieniach z XX wieku &#8211; o modlitw\u0119, post i nawr\u00f3cenie.<\/strong><\/p>\r\n<p>&#8211; O udziale Maryi w \u017cyciu Ko\u015bcio\u0142a i w dziele zbawczym m\u00f3wi \u00f3smy rozdzia\u0142 Konstytucji soborowej o Ko\u015bciele. Cz\u0119stotliwo\u015b\u0107 tych wielkich objawie\u0144 jest dzi\u015b wi\u0119ksza ni\u017c kiedy\u015b, bo \u015bwiat odchodzi od Boga. W zwi\u0105zku z tym Pan B\u00f3g posy\u0142a Maryj\u0119 do Lourdes, Fatimy czy Kibeho &#8211; by\u0107 mo\u017ce te\u017c do Medjugorie &#8211; by ludziom przypomnie\u0107, kto jest ich Stw\u00f3rc\u0105 i kto jest ich przeznaczeniem.<\/p>\r\n<p><strong>Pot\u0119ga Bo\u017cej \u0142aski objawia si\u0119 w Medjugorie tak\u017ce w uzdrowieniach fizycznych.<\/strong><\/p>\r\n<p>&#8211; Owszem. Jest tu bardzo fachowo prowadzone archiwum. Widzia\u0142em ogromn\u0105 ilo\u015b\u0107 dokumentacji medycznej po\u015bwiadczaj\u0105cej przez lekarzy cudowne uzdrowienia.<\/p>\r\n<p><strong>P\u0142ynie st\u0105d r\u00f3wnie\u017c wezwanie do modlitwy za kap\u0142an\u00f3w. Franciszkanie z Medjugorie propaguj\u0105 m.in. apostolat modlitewny Margaretka skupiaj\u0105cy osoby otaczaj\u0105ce modlitw\u0105 ksi\u0119\u017cy.<\/strong><\/p>\r\n<p>&#8211; Ko\u015bci\u00f3\u0142 nie mo\u017ce istnie\u0107 bez kap\u0142an\u00f3w, bo to oznacza Ko\u015bci\u00f3\u0142 bez Eucharystii, spowiedzi. Na Zachodzie mamy ostatnie liczniejsze pokolenie ksi\u0119\u017cy. Gdy pracowa\u0142em w Brukseli, jeden wnuczek pyta\u0142 si\u0119 babci, dlaczego, \u017ceby by\u0107 ksi\u0119dzem, trzeba by\u0107 starym, bo on m\u0142odego ksi\u0119dza nigdy nie widzia\u0142. Dlatego modlitwa za kap\u0142an\u00f3w jest tak wa\u017cna. Na Zachodzie status kap\u0142ana jest bardzo niski. Pami\u0119tam, kiedy jako m\u0142ody kap\u0142an by\u0142em we Francji i je\u017adzi\u0142em po tamtejszych plebaniach, by\u0142em zszokowany straszn\u0105 bied\u0105 ksi\u0119dza francuskiego, \u017cyj\u0105cego dos\u0142ownie w\u015br\u00f3d paj\u0119czyn. Pami\u0119tam wyprzeda\u017ce u\u017cywanych ubra\u0144 dla ksi\u0119\u017cy. Taki by\u0142 status ksi\u0119dza po wprowadzeniu rz\u0105d\u00f3w maso\u0144skich, gdy Ko\u015bcio\u0142owi wszystko odebrano. W Polsce tego nie by\u0142o, ale dzi\u015b by\u0107 ksi\u0119dzem w Polsce i pokaza\u0107 si\u0119 w koloratce jest trudne, w sytuacji gdy wi\u0119kszo\u015b\u0107 stron internetowych zamieszczaj\u0105cych negatywne teksty o kap\u0142anach ilustruje te materia\u0142y zdj\u0119ciami koloratki.<\/p>\r\n<p><strong>Czy misja Ekscelencji w Medjugorie nie ma horyzontu czasowego?<\/strong><\/p>\r\n<p>&#8211; Nie ma ogranicze\u0144. Trudno powiedzie\u0107, na pewno b\u0119dzie trwa\u0142a minimum rok, bo mam z\u0142o\u017cy\u0107 sprawozdanie po roku pobytu w Medjugorie, czyli do po\u0142owy 2019 r.<\/p>\r\n<p><strong>Ekscelencja zach\u0119ca wszystkich do pielgrzymowania do Medjugorie?<\/strong><\/p>\r\n<p>&#8211; Zach\u0119cam, ze wzgl\u0119du na to, \u017ce korzy\u015bci duchowe s\u0105 niew\u0105tpliwe.<\/p>\r\n<p><strong><em>Dzi\u0119kuj\u0119 za rozmow\u0119.<\/em><\/strong><\/p>\r\n<p class=\"zrodlo\">Za: <a href=\"https:\/\/naszdziennik.pl\/mysl\/201921,konfesjonal-swiata.html\">Nasz Dziennik, 7 pa\u017adziernika 2018<\/a><\/p>\r\n<h4>&nbsp;<\/h4>\r\n<hr style=\"background-color: #000000; border-width: 0; color: #000000; height: 2px; line-height: 0; text-align: center; width: 100%;\">\r\n<h4>&nbsp;<\/h4>","protected":false},"excerpt":{"rendered":"Zamieszczamy poni\u017cszy wywiad (&#8222;Konfesjona\u0142 \u015bwiata&#8221;) jako przestrog\u0119 ukazuj\u0105c\u0105 stan postrzegania wsp\u00f3\u0142czesnych hierarch\u00f3w nie potrafi\u0105cych ju\u017c rozezna\u0107 dobra od z\u0142a, dzie\u0142a Bo\u017cego od fa\u0142szywych objawie\u0144. Przyznajemy, \u017ce wi\u0105zali\u015bmy pewne nadzieje z obj\u0119ciem przez abp. Hosera misji w Medjugorie. Zawiedli\u015bmy si\u0119 ca\u0142kowicie. W wywiadzie Arcybiskup wprowadza przede wszystkim nieporozumienie. Jakkowiek sam kilkakrotnie podkre\u015bla problem z uznaniem autentyczno\u015bci [&hellip;]","protected":false},"author":1,"featured_media":0,"comment_status":"closed","ping_status":"closed","sticky":false,"template":"","format":"standard","meta":{"_acf_changed":false,"_monsterinsights_skip_tracking":false,"_monsterinsights_sitenote_active":false,"_monsterinsights_sitenote_note":"","_monsterinsights_sitenote_category":0,"ngg_post_thumbnail":0,"footnotes":"","_wp_rev_ctl_limit":""},"categories":[3],"tags":[74,33],"acf":[],"_links":{"self":[{"href":"https:\/\/www.bibula.com\/index.php?rest_route=\/wp\/v2\/posts\/104792"}],"collection":[{"href":"https:\/\/www.bibula.com\/index.php?rest_route=\/wp\/v2\/posts"}],"about":[{"href":"https:\/\/www.bibula.com\/index.php?rest_route=\/wp\/v2\/types\/post"}],"author":[{"embeddable":true,"href":"https:\/\/www.bibula.com\/index.php?rest_route=\/wp\/v2\/users\/1"}],"replies":[{"embeddable":true,"href":"https:\/\/www.bibula.com\/index.php?rest_route=%2Fwp%2Fv2%2Fcomments&post=104792"}],"version-history":[{"count":0,"href":"https:\/\/www.bibula.com\/index.php?rest_route=\/wp\/v2\/posts\/104792\/revisions"}],"wp:attachment":[{"href":"https:\/\/www.bibula.com\/index.php?rest_route=%2Fwp%2Fv2%2Fmedia&parent=104792"}],"wp:term":[{"taxonomy":"category","embeddable":true,"href":"https:\/\/www.bibula.com\/index.php?rest_route=%2Fwp%2Fv2%2Fcategories&post=104792"},{"taxonomy":"post_tag","embeddable":true,"href":"https:\/\/www.bibula.com\/index.php?rest_route=%2Fwp%2Fv2%2Ftags&post=104792"}],"curies":[{"name":"wp","href":"https:\/\/api.w.org\/{rel}","templated":true}]}}