{"id":104750,"date":"2018-10-09T10:11:27","date_gmt":"2018-10-09T14:11:27","guid":{"rendered":"http:\/\/www.bibula.com\/?p=104750"},"modified":"2020-09-19T11:17:53","modified_gmt":"2020-09-19T15:17:53","slug":"papiez-wiedzial-o-watpliwosciach-dotyczacych-mccarricka-potwierdza-to-list-kard-ouelleta","status":"publish","type":"post","link":"https:\/\/www.bibula.com\/?p=104750","title":{"rendered":"Papie\u017c wiedzia\u0142 o \u201ew\u0105tpliwo\u015bciach&#8221; dotycz\u0105cych McCarricka. Potwierdza to list kard. Ouelleta"},"content":{"rendered":"<p><strong>Zdaniem katolickiego publicysty Josepha Shaw\u2019a, odpowied\u017a jak\u0105 wystosowa\u0142 kardyna\u0142 Marc Ouellet wobec \u201e\u015awiadectwa\u201d abp. Vigano potwierdza dwie kwestie. Po pierwsze papie\u017c wiedzia\u0142 o \u201ew\u0105tpliwo\u015bciach\u201d dotycz\u0105cych McCarricka. Po drugie, mimo to przywr\u00f3ci\u0142 go do \u0142ask.<\/strong><\/p>\r\n<p>Felietonista portalu LifeSiteNews podkre\u015bli\u0142, \u017ce na szczeg\u00f3ln\u0105 uwag\u0119 zas\u0142uguje fragment wypowiedzi kard. Ouelleta m\u00f3wi\u0105cy o braku dokumentacji potwierdzaj\u0105cej na\u0142o\u017cenia sankcji przez papie\u017ca Benedykta XVI na by\u0142ego kardyna\u0142a Theodore\u2019a McCarricka.<\/p>\r\n<p>\u201eBy\u0142y kardyna\u0142 [McCarrick &#8211; przyp.red], kt\u00f3ry odszed\u0142 na emerytur\u0119 w maju 2006 r., zosta\u0142 poproszony o zaprzestanie podr\u00f3\u017cy oraz pokazywania si\u0119 publicznie, w celu unikni\u0119cia powstania kolejnych plotek na jego temat. Jest fa\u0142szywym m\u00f3wienie o tych pro\u015bbach jako o oficjalnych sankcjach na\u0142o\u017conych przez papie\u017ca Benedykta XVI, kt\u00f3re p\u00f3\u017aniej mia\u0142 znie\u015b\u0107 papie\u017c Franciszek. Przeszukuj\u0105c archiwa nie natrafi\u0142em na \u017cadn\u0105 dokumentacj\u0119 zawieraj\u0105c\u0105 podpis papie\u017ca (\u2026) Pow\u00f3d jest taki, \u017ce wtedy &#8211; odwrotnie jak dzisiaj &#8211; nie mieli\u015bmy ani jednego dowodu na potwierdzenie jego winy. Dlatego, decyzja Kongregacji Biskup\u00f3w by\u0142a podyktowana rozwag\u0105, a listy mojego poprzednika oraz moje w\u0142asne wezwa\u0142y go [McCarricka &#8211; przyp.red], najpierw przez r\u0119ce nuncjusza apostolskiego Pietro Sambiego oraz poprzez twoje [abp. Vigano] do prowadzenia \u017cycia na modlitwie i pokucie, maj\u0105c na celu jego w\u0142asne dobro oraz dobro ca\u0142ego Ko\u015bcio\u0142a\u201d.<\/p>\r\n<p>Zdaniem Shawa, s\u0142owa kard. Ouelleta potwierdzaj\u0105, \u017ce McCarrick by\u0142 podejrzany o nadu\u017cycia jeszcze przed zaprzysi\u0119\u017ceniem abp. Vigano w 2011 r. na nuncjusza apostolskiego w USA. Dodatkowo, potwierdzono, \u017ce na by\u0142ego kardyna\u0142a zosta\u0142y na\u0142o\u017cone zakazy podr\u00f3\u017cowania i uczestniczenia w wyst\u0105pieniach publicznych. Zdaniem katolickiego publicysty, reszta wypowiedzi kardyna\u0142a Ouelleta ma za zadanie umniejszy\u0107 znaczenie tych zakaz\u00f3w oraz przyczyn z jakich zosta\u0142y na\u0142o\u017cone.<\/p>\r\n<p>Shaw podkre\u015bla, \u017ce papie\u017c Franciszek musial wiedzie\u0107 co najmniej o w\u0105tpliwo\u015bciach dotycz\u0105cych Theodore&#8217;a McCarricka. Mimo to, przywr\u00f3ci\u0142 go do \u0142ask i &#8211; jak powiedzia\u0142 jeden z dziennikarzy &#8211; &#8222;wr\u00f3ci\u0142 do gry jak nigdy wcze\u015bniej&#8221;.\u00a0<\/p>\r\n<p>Dodatkowo, kard. Ouellet wezwa\u0142 osobi\u015bcie abp. Vigano do opami\u0119tania i \u201epowr\u00f3cenia do komunii i \u0142\u0105czno\u015bci z Papie\u017cem\u201d. Shaw zaznacza, \u017ce poprzez krytyk\u0119 papie\u017ca, abp Vigano nigdy nie straci\u0142 takiej \u0142\u0105czno\u015bci. Wezwanie do \u201epowrotu\u201d w opinii publicysty b\u0142\u0119dnie wskazuje jakoby sama krytyka papie\u017ca mia\u0142a by\u0107 powodem do zerwania z nim \u0142\u0105czno\u015bci.<\/p>\r\n<p>\u0179r\u00f3d\u0142o: lifesitenews.com<\/p>\r\n<p>PR \u00a0\u00a0\u00a0\u00a0<strong>\u00a0<\/strong><\/p>\r\n<p class=\"zrodlo\">Za: <a href=\"https:\/\/www.pch24.pl\/papiez-wiedzial--o-watpliwosciach-dotyczacych-mccarricka--potwierdza-to-list-kard--ouelleta,63342,i.html\">PoloniaChristiana &#8211; pch24.pl (2018-10-09)<\/a><\/p>\r\n<h4>\u00a0<\/h4>\r\n<hr style=\"background-color: #000000; border-width: 0; color: #000000; height: 2px; line-height: 0; text-align: center; width: 100%;\" \/>\r\n<h4>\u00a0<\/h4>\r\n<blockquote>\r\n<p><strong>KOMENTARZ <em>BIBU\u0141Y<\/em><\/strong>: O wiele powa\u017cniejsze oskar\u017cenia powinny pada\u0107 pod adresem jak\u017ce \u015bwi\u0119tego Jana Paw\u0142a II, kt\u00f3ry promowa\u0142 bp. McCarricka, pomimo tego \u017ce doskonale wiedzia\u0142 o jego lewicowych, antykatolickich (!) pogl\u0105dach. Przypomnijmy, \u017ce ju\u017c w 1967 roku McCarrick podpisa\u0142 s\u0142ynn\u0105 antykatolick\u0105 deklaracj\u0119 <em>Land O\u2019Lakes Statement<\/em>. Co ciekawsze, papie\u017c Jan Pawe\u0142 II widz\u0105c zagro\u017cenie p\u0142yn\u0105ce z tej deklaracji wyda\u0142 w 1990 roku Konstytucj\u0119 Apostolsk\u0105 o uniwersytetach katolickich &#8222;Ex corde Ecclesiae\u201d. To wszystko nie przeszkodzi\u0142o jednak jak\u017ce wielkiemu papie\u017cowi Janowi Paw\u0142owi II podczas ca\u0142ej tej dzia\u0142alno\u015bci wspiera\u0107 i promowa\u0107 tego hierarch\u0119 i w listopadzie 2000 roku zosta\u0142 on mianowany arcybiskupem Waszyngtonu, a w lutym 2001 Jan Pawe\u0142 II wyni\u00f3s\u0142 go do godno\u015bci kardynalskiej. Pomimo, \u017ce deklaracja <em>Land O\u2019Lakes Statement<\/em> &#8211; o kt\u00f3rej jako\u015b dziwnie milcz\u0105 polscy publicy\u015bci, bo chyba o niej nie s\u0142yszeli&#8230; &#8211; by\u0142a pierwszym jawnym i tak wielkim sprzeciwem wp\u0142ywowych hierarch\u00f3w i teolog\u00f3w odrzucaj\u0105cych w\u0142adz\u0119 Rzymu nad ameryka\u0144skimi uczelniami katolickimi, <strong>Jan Pawe\u0142 II po latach by\u0142 sk\u0142onny nazwa\u0107 kard. McCarricka &#8222;<em>drogim i wiernym przyjacielem<\/em>&#8222;<\/strong> (zob. <a href=\"http:\/\/www.bibula.com\/?p=103247\">tutaj<\/a>). W\u0142a\u015bnie ta dwuznaczno\u015b\u0107, kt\u00f3r\u0105 trzeba przypisa\u0107 Janowi Paw\u0142owi II, jest wa\u017cn\u0105 osnow\u0105 w budowie sztucznej reputacji osobom wrogim Ko\u015bcio\u0142owi. Jan Pawe\u0142 II wiedzia\u0142 o antykatolickiej deklaracji, zareagowa\u0142 na\u0144 Konstytucj\u0105 Apostolsk\u0105, a jednak jednego z sygnatariuszy nazwa\u0142 swoim &#8222;drogim i wiernym przyjacielem\u201d. To jest schizofrenia!<\/p>\r\n<p>A Franciszek-Bergoglio&#8230; Jest on jedynie skrajnym kontynuatorem posoborowych dewiacji, kt\u00f3re jednak &#8211; w tej i innej formie &#8211; by\u0142y piel\u0119gnowane przez wszystkich poprzednik\u00f3w.<\/p>\r\n<p><strong>CZYTAJ:<\/strong><\/p>\r\n<ul>\r\n\t<li id=\"post-103247\"><a title=\" Jan Pawe\u0142 II z pedofilem na witra\u017cu\u2026\" href=\"http:\/\/www.bibula.com\/?p=103247\" rel=\"bookmark\">Jan Pawe\u0142 II z pedofilem na witra\u017cu\u2026<\/a><\/li>\r\n\t<li><a href=\"http:\/\/www.bibula.com\/?p=30\" rel=\"bookmark\">Kardyna\u0142 McCarrick modli si\u0119 do Allaha!<\/a><\/li>\r\n\t<li><a href=\"http:\/\/www.bibula.com\/?p=394\" rel=\"bookmark\">Kardyna\u0142 McCarrick: nie jestem przeciwny zwi\u0105zkom homoseksualnym<\/a><\/li>\r\n\t<li><a class=\"content_sz\" href=\"http:\/\/www.bibula.com\/?p=01308\"><em>Georgetown University<\/em> zapowiedzia\u0142 oficjalne finansowanie organizacji homoseksualist\u00f3w<\/a><\/li>\r\n\t<li><a class=\"content_sz\" href=\"http:\/\/www.bibula.com\/?p=01219\" target=\"_blank\" rel=\"noopener noreferrer\">Uniwersytet <em>Georgetown<\/em> zmienia polityk\u0119 uczelni finansuj\u0105c pro-aborcyjne szkolenie<\/a><\/li>\r\n\t<li><a class=\"content_sz\" href=\"http:\/\/www.bibula.com\/?p=00674\">&#8222;Katolicki\u201d uniwersytet Georgetown honoruje Jezuit\u0119, d\u0142ugoletniego agresywnego dzia\u0142acza pro-aborcyjnego<\/a><\/li>\r\n\t<li><a class=\"content_sz\" href=\"http:\/\/www.bibula.com\/?p=00341\">Mrzonki o pokoju w wykonaniu apostat\u00f3w, schizmatyk\u00f3w, heretyk\u00f3w i wszelkiej ma\u015bci wrog\u00f3w Wiary Katolickiej<\/a><\/li>\r\n\t<li><a class=\"content_sz\" href=\"http:\/\/www.bibula.com\/?p=00317\">Dwudniowa ekumeniczna i mi\u0119dzyreligijna konferencja w <em>Georgetown University<\/em><\/a><\/li>\r\n<\/ul>\r\n<\/blockquote>\r\n<h4>\u00a0<\/h4>\r\n<hr style=\"background-color: #000000; border-width: 0; color: #000000; height: 2px; line-height: 0; text-align: center; width: 100%;\" \/>\r\n<h4>\u00a0<\/h4>","protected":false},"excerpt":{"rendered":"Zdaniem katolickiego publicysty Josepha Shaw\u2019a, odpowied\u017a jak\u0105 wystosowa\u0142 kardyna\u0142 Marc Ouellet wobec \u201e\u015awiadectwa\u201d abp. Vigano potwierdza dwie kwestie. Po pierwsze papie\u017c wiedzia\u0142 o \u201ew\u0105tpliwo\u015bciach\u201d dotycz\u0105cych McCarricka. Po drugie, mimo to przywr\u00f3ci\u0142 go do \u0142ask. Felietonista portalu LifeSiteNews podkre\u015bli\u0142, \u017ce na szczeg\u00f3ln\u0105 uwag\u0119 zas\u0142uguje fragment wypowiedzi kard. Ouelleta m\u00f3wi\u0105cy o braku dokumentacji potwierdzaj\u0105cej na\u0142o\u017cenia sankcji przez [&hellip;]","protected":false},"author":2,"featured_media":0,"comment_status":"closed","ping_status":"closed","sticky":false,"template":"","format":"standard","meta":{"_acf_changed":false,"_monsterinsights_skip_tracking":false,"_monsterinsights_sitenote_active":false,"_monsterinsights_sitenote_note":"","_monsterinsights_sitenote_category":0,"ngg_post_thumbnail":0,"footnotes":"","_wp_rev_ctl_limit":""},"categories":[3],"tags":[301,86,221,33],"acf":[],"_links":{"self":[{"href":"https:\/\/www.bibula.com\/index.php?rest_route=\/wp\/v2\/posts\/104750"}],"collection":[{"href":"https:\/\/www.bibula.com\/index.php?rest_route=\/wp\/v2\/posts"}],"about":[{"href":"https:\/\/www.bibula.com\/index.php?rest_route=\/wp\/v2\/types\/post"}],"author":[{"embeddable":true,"href":"https:\/\/www.bibula.com\/index.php?rest_route=\/wp\/v2\/users\/2"}],"replies":[{"embeddable":true,"href":"https:\/\/www.bibula.com\/index.php?rest_route=%2Fwp%2Fv2%2Fcomments&post=104750"}],"version-history":[{"count":2,"href":"https:\/\/www.bibula.com\/index.php?rest_route=\/wp\/v2\/posts\/104750\/revisions"}],"predecessor-version":[{"id":117933,"href":"https:\/\/www.bibula.com\/index.php?rest_route=\/wp\/v2\/posts\/104750\/revisions\/117933"}],"wp:attachment":[{"href":"https:\/\/www.bibula.com\/index.php?rest_route=%2Fwp%2Fv2%2Fmedia&parent=104750"}],"wp:term":[{"taxonomy":"category","embeddable":true,"href":"https:\/\/www.bibula.com\/index.php?rest_route=%2Fwp%2Fv2%2Fcategories&post=104750"},{"taxonomy":"post_tag","embeddable":true,"href":"https:\/\/www.bibula.com\/index.php?rest_route=%2Fwp%2Fv2%2Ftags&post=104750"}],"curies":[{"name":"wp","href":"https:\/\/api.w.org\/{rel}","templated":true}]}}