{"id":104502,"date":"2018-09-22T12:12:39","date_gmt":"2018-09-22T16:12:39","guid":{"rendered":"http:\/\/www.bibula.com\/?p=104502"},"modified":"2020-09-19T11:19:21","modified_gmt":"2020-09-19T15:19:21","slug":"wrog-publiczny-numer-jeden-postawiono-zarzuty-mezczyznie-ktory-wybil-okno-w-synagodze","status":"publish","type":"post","link":"https:\/\/www.bibula.com\/?p=104502","title":{"rendered":"Wr\u00f3g publiczny numer jeden. Postawiono zarzuty m\u0119\u017cczy\u017anie, kt\u00f3ry wybi\u0142 okno w synagodze"},"content":{"rendered":"<p><strong>Prokuratura uzna\u0142a, \u017ce wybicie okna to prawie zamach. Nara\u017cenie na bezpo\u015brednie niebezpiecze\u0144stwo utraty \u017cycia albo ci\u0119\u017ckiego uszczerbku na zdrowiu zarzuci\u0142a 27-letniemu m\u0119\u017cczy\u017anie Prokuratura Okr\u0119gowa w Gda\u0144sku, w zwi\u0105zku z wybiciem przez niego szyby w oknie synagogi w Gda\u0144sku-Wrzeszczu. 27-latek jest chory psychicznie.<\/strong><\/p>\r\n<p>Rzecznik prasowa Prokuratury Okr\u0119gowej w Gda\u0144sku Gra\u017cyna Wawryniuk poinformowa\u0142a w sobot\u0119\u00a0 \u017ce postawiony m\u0119\u017cczy\u017anie zarzut nara\u017cenia na bezpo\u015brednie niebezpiecze\u0144stwo utraty \u017cycia albo ci\u0119\u017ckiego uszczerbku, zagro\u017cony kar\u0105 do trzech lat wi\u0119zienia, obejmuje tak\u017ce z\u0142o\u015bliwe przeszkadzanie aktowi religijnemu oraz obraz\u0119 uczu\u0107 religijnych.<\/p>\r\n<p><img fetchpriority=\"high\" decoding=\"async\" class=\"entry-thumb aligncenter\" title=\"synagoga_Gda\u0144sk\" src=\"https:\/\/nczas.com\/wp-content\/uploads\/2018\/09\/synagoga_Gda\u0144sk.jpg\" alt=\"Wybita szyba w synagodze.| \u0179r\u00f3d\u0142o: Twitter\" width=\"600\" height=\"369\" \/><\/p>\r\n<p style=\"text-align: center;\"><em>Wybita szyba w synagodze. \/ \u0179r\u00f3d\u0142o: Twitter<\/em><\/p>\r\n<p>&#8211; <em>Podejrzany przyzna\u0142 si\u0119 do winy. Zar\u00f3wno tre\u015b\u0107 jego wyja\u015bnie\u0144, jak i zebrany do tej pory materia\u0142 dowodowy wskazuj\u0105, \u017ce jego zachowanie by\u0142o nast\u0119pstwem zaburze\u0144 psychicznych, stwierdzonej i rozpoznanej u niego choroby psychicznej. P\u00f3\u0142 roku wcze\u015bniej by\u0142o prowadzone przeciwko niemu post\u0119powanie o przest\u0119pstwo z tego samego rozdzia\u0142u Kodeksu karnego, czyli przeciwko wolno\u015bci sumienia i wyznania, zako\u0144czone wnioskiem do s\u0105du o umorzenie post\u0119powanie i umieszczenie m\u0119\u017cczyzny w zak\u0142adzie psychiatrycznym<\/em> &#8211; powiedzia\u0142a Wawryniuk.<\/p>\r\n<p><strong>Tamto zdarzenie dotyczy\u0142o ko\u015bcio\u0142a<\/strong><\/p>\r\n<p>Oba wnioski z poprzedniego \u015bledztwa przeciwko m\u0119\u017cczy\u017anie nie zosta\u0142y do tej pory rozpoznane przez s\u0105d.<\/p>\r\n<p>&#8211; <em>Prokurator podj\u0105\u0142 decyzj\u0119 o skierowaniu wniosku do s\u0105du o areszt dla m\u0119\u017cczyzny, bo te zachowania u niego eskaluj\u0105, i zachodzi obawa, \u017ce ponownie pope\u0142ni przest\u0119pstwo<\/em> &#8211; doda\u0142a prokurator.<\/p>\r\n<p>Wyja\u015bni\u0142a, \u017ce prokuratura b\u0119dzie te\u017c chcia\u0142a podda\u0107 podejrzanego badaniom psychiatrycznym.<\/p>\r\n<p>W gda\u0144skiej synagodze, gdzie w \u015brod\u0119 w godzinach popo\u0142udniowych trwa\u0142y przygotowania do modlitwy w ramach obchod\u00f3w \u015bwi\u0119ta \u017cydowskiego Jom Kipur, m\u0119\u017cczyzna zbi\u0142 kamieniem szyb\u0119 w oknie. Policja zatrzyma\u0142a sprawc\u0119 w pi\u0105tek. M\u0119\u017cczyzna jest mieszka\u0144cem gminy Tr\u0105bki Wielkie (Pomorskie).<\/p>\r\n<p>W czwartek w godzinach popo\u0142udniowych przed budynkiem Nowej Synagogi odby\u0142o si\u0119 spotkanie pot\u0119piaj\u0105ce atak na bo\u017cnic\u0119, zorganizowane z inicjatywy prezydenta Gda\u0144ska Paw\u0142a Adamowicza. Uczestniczyli w nim m.in. naczelny rabin Polski Michael Schudrich, przewodnicz\u0105cy Zwi\u0105zku Gmin Wyznaniowych \u017bydowskich w RP Les\u0142aw Piszewski oraz biskup pomocniczy archidiecezji gda\u0144skiej Wies\u0142aw Szlachetka. Na zako\u0144czenie spotkania dokonano symbolicznego ods\u0142oni\u0119cia nowego okna w synagodze.<\/p>\r\n<p><em>&#8211; Z ogromnym b\u00f3lem przyj\u0105\u0142em akt barbarzy\u0144stwa, do kt\u00f3rego dosz\u0142o w Gda\u0144sku, kiedy kto\u015b rzuci\u0142 kamieniem w okno synagogi w czasie modlitwy Jom Kipur<\/em> &#8211; powiedzia\u0142 Andrzej Duda.<\/p>\r\n<p>Ambasada Ameryka\u0144ska w Polsce wystosowa\u0142a specjalne o\u015bwiadczenie pot\u0119piaj\u0105ce \u201eantysemicki atak\u201d.<strong> Tak oto wybicie szyby przez chorego psychicznie cz\u0142owieka uros\u0142o do rangi zamachu i wydarzenia na skal\u0119 nie tylko kraju, ale \u015bwiata.<\/strong><\/p>\r\n<p class=\"zrodlo\">Za: <a href=\"https:\/\/nczas.com\/2018\/09\/22\/wrog-publiczny-numer-jeden-postawiono-zarzuty-mezczyznie-ktory-wybil-okno-w-synagodze\/\">Najwy\u017cszy Czas! (22\/09\/2018)<\/a><\/p>\r\n<h4>\u00a0<\/h4>\r\n<hr style=\"background-color: #000000; border-width: 0; color: #000000; height: 2px; line-height: 0; text-align: center; width: 100%;\" \/>\r\n<h4>\u00a0<\/h4>\r\n<h2>Jednorazowy atak na synagog\u0119 w Gda\u0144sku wywo\u0142a\u0142 mi\u0119dzynarodowe oburzenie. Po atakach na ko\u015bcio\u0142y i ambasad\u0119 RP w Izraelu cisza<\/h2>\r\n<p><strong>W samym Radomiu tylko na prze\u0142omie lipca i sierpnia zanotowano pi\u0119\u0107 w\u0142ama\u0144 do ko\u015bcio\u0142\u00f3w katolickich. W Polsce jest co najmniej kilkadziesi\u0105t takich przypadk\u00f3w. Tymczasem wielkie larum, w\u0142\u0105cznie z pot\u0119pieniem przez ambasadora USA, wywo\u0142uje\u2026 jednorazowe wrzucenie kamienia do synagogi.<\/strong><\/p>\r\n<p>Rzucenie kamienia do gda\u0144skiej synagogi pot\u0119pi\u0142a ju\u017c ambasador USA, Georgette Mosbacher. <em>Ambasada USA w Warszawie pot\u0119pia nienawistny i destrukcyjny czyn pope\u0142niony wobec gda\u0144skiej synagogi podczas Jom Kippur, naj\u015bwi\u0119tszego \u017cydowskiego \u015bwi\u0119ta. Stoimy u wszystkich tych, kt\u00f3rzy zjednoczyli si\u0119 w obliczu tego ataku<\/em> &#8211; napisano na oficjalnym profilu ameryka\u0144skiej ambasady w Polsce.<\/p>\r\n<p><blockquote class=\"twitter-tweet\" data-width=\"550\" data-dnt=\"true\"><p lang=\"pl\" dir=\"ltr\">Ambasada Stan\u00f3w Zjednoczonych w Warszawie pot\u0119pia pe\u0142en nienawi\u015bci, destrukcyjny akt wymierzony w synagog\u0119 w Gda\u0144sku, dokonany podczas Jom Kipur &#8211; najwa\u017cniejszego \u017cydowskiego \u015bwi\u0119ta. Solidaryzujemy si\u0119 ze wszystkimi, kt\u00f3rzy zjednoczyli si\u0119 w obliczu tego incydentu.<\/p>&mdash; US Embassy Warsaw (@USEmbassyWarsaw) <a href=\"https:\/\/twitter.com\/USEmbassyWarsaw\/status\/1043169149021814785?ref_src=twsrc%5Etfw\">September 21, 2018<\/a><\/blockquote><script async src=\"https:\/\/platform.twitter.com\/widgets.js\" charset=\"utf-8\"><\/script><\/p>\r\n<p>Tymczasem pr\u00f3\u017cno szuka\u0107 jakichkolwiek s\u0142\u00f3w pot\u0119pienia ze strony ambasadora USA czy jakiegokolwiek innego pa\u0144stwa w razie w\u0142amania do ko\u015bcio\u0142a w Polsce. Lokalne media informuj\u0105, \u017ce tylko na prze\u0142omie lipca i sierpnia w Radomiu mia\u0142y miejsce pi\u0119\u0107 w\u0142ama\u0144 do katolickich \u015bwi\u0105ty\u0144.<\/p>\r\n<p>W\u0142amania mia\u0142y charakter w wi\u0119kszo\u015bci z\u0142odziejski. Cz\u0119\u015b\u0107 jednak dokonywana by\u0142a z przyczyn wy\u0142\u0105cznie chuliga\u0144skich. Katolickie media w Polsce co kilkana\u015bcie dni informuj\u0105 o podobnym zdarzeniu na terenie naszego kraju.<\/p>\r\n<p>Przypominamy r\u00f3wnie\u017c, \u017ce USA nie zareagowa\u0142o w \u017caden spos\u00f3b, gdy w lutym polska ambasada w Izraelu zosta\u0142a zaatakowana przez nieznanych sprawc\u00f3w. Po protestach \u017byd\u00f3w przeciwko polskiej ustawie o IPN kto\u015b namalowa\u0142 wulgarne wobec Polak\u00f3w napisy na ogrodzeniu.<\/p>\r\n<p>Czy wi\u0119c jeste\u015bmy pa\u0144stwem partnerskich? A mo\u017ce jednak &#8211; wbrew propagandzie poszczeg\u00f3lnych rz\u0105d\u00f3w III RP &#8211; postkolonialnym Bantustanem Europy?<\/p>\r\n<p><em>\u0179r\u00f3d\u0142o: echodnia.eu\/rp.pl\/wprost.pl<\/em><\/p>\r\n<p class=\"zrodlo\">Za: <a href=\"https:\/\/nczas.com\/2018\/09\/22\/jednorazowy-atak-na-synagoge-w-gdansku-wywolal-miedzynarodowe-oburzenie-po-atakach-na-koscioly-i-ambasade-rp-w-izraelu-cisza\/\">Najwy\u017cszy Czas! (22\/09\/2018)<\/a><\/p>\r\n<h4>\u00a0<\/h4>\r\n<hr style=\"background-color: #000000; border-width: 0; color: #000000; height: 2px; line-height: 0; text-align: center; width: 100%;\" \/>\r\n<h4>\u00a0<\/h4>\r\n<h2>Ziemkiewicz skomentowa\u0142 z\u0142apanie sprawcy ataku na synagog\u0119<\/h2>\r\n<p><strong>INFO: Policja zatrzyma\u0142a sprawc\u0119 napa\u015bci na gda\u0144sk\u0105 synagog\u0119. Wydarzenie skomentowa\u0142 publicysta &#8222;Do Rzeczy&#8221; Rafa\u0142 Ziemkiewicz. <\/strong><\/p>\r\n<p>27-letni sprawca rzuci\u0142 kamieniem w okno synagogi nale\u017c\u0105cej do \u017bydowskiej Gminy Wyznaniowej w Gda\u0144sku Wrzeszczu. Wszystko zosta\u0142o nagrane przez monitoring, a funkcjonariusze udost\u0119pnili wizerunek m\u0119\u017cczyzny.<\/p>\r\n<p>P. Ziemkiewicz pogratulowa\u0142 szefowi MSWiA oraz policji szybkiego uj\u0119cia sprawcy. Publicysta zaapelowa\u0142 te\u017c, aby s\u0142u\u017cby tak samo traktowa\u0142y ataki na ko\u015bcio\u0142y i katolik\u00f3w.<\/p>\r\n<p>&#8222;Serdecznie gratuluj\u0119 @PolskaPolicja i @jbrudzinski szybkiego uj\u0119cia sprawcy ataku na synagog\u0119. Wyra\u017c\u0119, jak s\u0105dz\u0119, oczekiwanie mia\u017cd\u017c\u0105cej wi\u0119kszo\u015bci spo\u0142ecze\u0144stwa prosz\u0105c, by ataki na katolik\u00f3w i ko\u015bcio\u0142y traktowane by\u0142y przez Was z por\u00f3wnywaln\u0105 powag\u0105, sprawno\u015bci\u0105 i stanowczo\u015bci\u0105&#8221; &#8211; napisa\u0142 Ziemkiewicz.<\/p>\r\n<p>\u0179r\u00f3d\u0142o: <a href=\"https:\/\/dorzeczy.pl\/kraj\/77923\/Atak-na-synagoge-w-Gdansku-Ziemkiewicz-apeluje-do-ministra-i-policji.html\">dorzeczy.pl<\/a><\/p>\r\n<p>Opracowa\u0142: GK<\/p>\r\n<p class=\"zrodlo\">Za: <a href=\"http:\/\/korwin-mikke.pl\/polska\/zobacz\/ziemkiewicz_skomentowal_zlapanie_sprawcy_ataku_na_synagoge\/170730\">korwin-mikke.pl (23-09-2018)<\/a><\/p>\r\n<h4>\u00a0<\/h4>\r\n<hr style=\"background-color: #000000; border-width: 0; color: #000000; height: 2px; line-height: 0; text-align: center; width: 100%;\" \/>\r\n<h4>\u00a0<\/h4>\r\n<header class=\"entry-header\">\r\n<h2>Aresztowany za wybicie szyby w synagodze p\u00f3\u0142 roku temu zaatakowa\u0142 ko\u015bci\u00f3\u0142 katolicki<\/h2>\r\n<strong>Na trzy miesi\u0105ce do aresztu, decyzj\u0105 S\u0105du Rejonowego w Gda\u0144sku, trafi\u0142 27-letni m\u0119\u017cczyzna, kt\u00f3ry zbi\u0142 w \u015brod\u0119 kawa\u0142kiem p\u0142yty chodnikowej okno w Nowej Synagodze w Gda\u0144sku-Wrzeszczu. Zdaniem \u015bledczych podejrzany jest chory psychicznie. Grozi mu do trzech lat wi\u0119zienia.<\/strong>\r\n<p>Podejrzany przyzna\u0142 si\u0119 do winy i z\u0142o\u017cy\u0142 wyja\u015bnienia. <strong>Jak poinformowa\u0142 prokurator, p\u00f3\u0142 roku temu dopu\u015bci\u0142 si\u0119 czynu przeciwko wolno\u015bci sumienia i wyznania na szkod\u0119 parafii rzymskokatolickiej.<\/strong> Podczas prowadzonego w\u00f3wczas \u015bledztwa rozpoznano u niego chorob\u0119 psychiczn\u0105.<\/p>\r\n<p>&#8211; Prokurator podj\u0105\u0142 decyzj\u0119 o skierowaniu wniosku do s\u0105du o areszt dla m\u0119\u017cczyzny, poniewa\u017c istnieje uzasadniona obawa, \u017ce ponownie pope\u0142ni przest\u0119pstwo &#8211; wyja\u015bni\u0142a prokurator.<\/p>\r\n<p>Prokuratura zarzuci\u0142a m\u0119\u017cczy\u017anie, \u017ce swoim zachowaniem z\u0142o\u015bliwie przeszkodzi\u0142 w publicznym wykonywaniu aktu religijnego Gminie Wyznaniowej \u017bydowskiej, obra\u017caj\u0105c uczucia religijne cz\u0142onk\u00f3w wsp\u00f3lnoty oraz jednocze\u015bnie narazi\u0142 na bezpo\u015brednie niebezpiecze\u0144stwo utraty \u017cycia b\u0105d\u017a ci\u0119\u017ckiego uszczerbku na zdrowiu przebywaj\u0105ce w holu synagogi osoby. Grozi za to do trzech lat wi\u0119zienia.<\/p>\r\n<p>&#8211; Prokurator uzna\u0142 r\u00f3wnie\u017c, \u017ce podejrzany dzia\u0142a\u0142 publicznie i bez powodu, okazuj\u0105c przez to ra\u017c\u0105ce lekcewa\u017cenie porz\u0105dku prawnego &#8211; doda\u0142a Wawryniuk.<br \/>\r\nDoda\u0142a, \u017ce podejrzany przyzna\u0142 si\u0119 do winy i z\u0142o\u017cy\u0142 wyja\u015bnienia.<\/p>\r\n<p>&#8211; Ich tre\u015b\u0107 oraz dokonane ustalenia, dotycz\u0105ce rozpoznania u m\u0119\u017cczyzny w toku innego post\u0119powania choroby psychicznej wskazuj\u0105, \u017ce jego zachowanie mog\u0142o by\u0107 wynikiem zaburze\u0144 psychicznych. Choroba zosta\u0142a rozpoznana w toku post\u0119powania dotycz\u0105cego zdarzenia sprzed p\u00f3\u0142 roku. Podejrzany dopu\u015bci\u0142 si\u0119 w\u00f3wczas czynu przeciwko wolno\u015bci sumienia i wyznania na szkod\u0119 parafii rzymskokatolickiej &#8211; wyja\u015bni\u0142a Wawryniuk.<\/p>\r\n<p><strong>W poprzednim \u015bledztwie prokuratura z\u0142o\u017cy\u0142a do s\u0105du wniosek o umorzenie post\u0119powanie i umieszczenie m\u0119\u017cczyzny w zak\u0142adzie psychiatrycznym. Oba te wnioski nie zosta\u0142y jednak do tej pory rozpoznane przez s\u0105d.<\/strong><\/p>\r\n<p>M\u0119\u017cczyzna jest mieszka\u0144cem gminy Tr\u0105bki Wielkie (Pomorskie). W czwartek w godzinach popo\u0142udniowych przed budynkiem Nowej Synagogi odby\u0142o si\u0119 spotkanie pot\u0119piaj\u0105ce atak na bo\u017cnic\u0119, zorganizowane z inicjatywy prezydenta Gda\u0144ska Paw\u0142a Adamowicza.<\/p>\r\n<p>Wybicie szyby w synagodze przez chorego psychicznie m\u0119\u017cczyzn\u0119 wywo\u0142a\u0142o tymczasem historyczn\u0105 reakcj\u0119 ambasady USA.<\/p>\r\n<p>\u201eAmbasada USA w Warszawie pot\u0119pia nienawistny i destrukcyjny czyn pope\u0142niony wobec gda\u0144skiej synagogi podczas Jom Kippur. Stoimy u boku wszystkich tych, kt\u00f3rzy zjednoczyli si\u0119 w obliczu tego ataku\u201d &#8211; napisa\u0142a w pi\u0105tek na Twitterze ambasador USA w Warszawie Georgette Mosbacher.<\/p>\r\n<p><blockquote class=\"twitter-tweet\" data-width=\"550\" data-dnt=\"true\"><p lang=\"pl\" dir=\"ltr\">Ambasada Stan\u00f3w Zjednoczonych w Warszawie pot\u0119pia pe\u0142en nienawi\u015bci, destrukcyjny akt wymierzony w synagog\u0119 w Gda\u0144sku, dokonany podczas Jom Kipur &#8211; najwa\u017cniejszego \u017cydowskiego \u015bwi\u0119ta. Solidaryzujemy si\u0119 ze wszystkimi, kt\u00f3rzy zjednoczyli si\u0119 w obliczu tego incydentu.<\/p>&mdash; US Embassy Warsaw (@USEmbassyWarsaw) <a href=\"https:\/\/twitter.com\/USEmbassyWarsaw\/status\/1043169149021814785?ref_src=twsrc%5Etfw\">September 21, 2018<\/a><\/blockquote><script async src=\"https:\/\/platform.twitter.com\/widgets.js\" charset=\"utf-8\"><\/script><\/p>\r\n<p>\/Radio Zet, onet.pl, wpolityce.pl\/<\/p>\r\n<p class=\"zrodlo\">Za: <a href=\"https:\/\/www.magnapolonia.org\/aresztowany-za-wybicie-szyby-w-synagodze-pol-roku-temu-zaatakowal-kosciol-katolicki\/\">MagnaPolonia.pl (22 wrze\u015bnia 2018)<\/a><\/p>\r\n<h4>\u00a0<\/h4>\r\n<hr style=\"background-color: #000000; border-width: 0; color: #000000; height: 2px; line-height: 0; text-align: center; width: 100%;\" \/>\r\n<h2>\u00a0<\/h2>\r\n<h2>Wielkie k\u0142amstwo! Ambasada USA w Warszawie jeszcze bardziej pro\u017cydowska i antypolska. Polacy ich zniszczyli w komentarzach<\/h2>\r\n<p><strong>Pod nowymi rz\u0105dami ambasador Mosbacher plac\u00f3wka dyplomatyczna USA w Warszawie najwyra\u017aniej staje si\u0119 jeszcze bardziej pro\u017cydowska i antypolska ni\u017c do tej pory. Jaki\u015b debil &#8211; dos\u0142ownie debil, cz\u0142owiek ze stwierdzon\u0105 chorob\u0105 psychiczn\u0105, kt\u00f3ry kilka miesi\u0119cy temu zaatakowa\u0142 ko\u015bci\u00f3\u0142 &#8211; wybi\u0142 szyb\u0119 w synagodze w Gda\u0144sku i si\u0119 zacz\u0119\u0142o.<\/strong><\/p>\r\n<p>Zacz\u0119\u0142o si\u0119 od Gda\u0144ska, gdzie w tamtejszej synagodze kto\u015b wybi\u0142 szyb\u0119. Okaza\u0142o si\u0119, \u017ce, jak podaje Dziennik Ba\u0142tycki, zrobi\u0142 to chory psychicznie 27-latek z gminy Tr\u0105bki Wielkie, kt\u00f3ry mia\u0142 stwierdzone zaburzenia psychiczne przy okazji ataku na ko\u015bci\u00f3\u0142 kilka miesi\u0119cy temu. Ale teraz to nie choroba, bo to atak na synagog\u0119, wi\u0119c musia\u0142 by\u0107 to oczywi\u015bcie wielki akt tradycyjnego polskiego antysemityzmu, przypomnijmy &#8211; gorszego od Holokaustu!\u00a0<\/p>\r\n<p>Poni\u017cej nagranie czynu tego chorego cz\u0142owieka.<\/p>\r\n<p>Oczywi\u015bcie \u017bydzi od razu krzykn\u0119li <em>giewa\u0142t<\/em>, i \u017ce to nic innego jak polski antysemityzm. Tradycyjnie k\u0142amstwo zacz\u0119\u0142a kolportowa\u0107 ambasada Izraela w Warszawie.<\/p>\r\n<p>Czapkuj\u0105cy \u017bydom i Niemcom prezydent Gda\u0144ska Pawe\u0142 Adamowicz od razu pot\u0119pi\u0142 incydent i wzi\u0105\u0142 udzia\u0142, w towarzystwie rabina Szchudricha, w przepi\u0119knej uroczysto\u015bci wstawienia nowej szyby w synagodze. Nie, to nie \u017cart! Uroczy\u015bcie ods\u0142oni\u0119to now\u0105 szyb\u0119, pot\u0119piaj\u0105c oczywi\u015bcie ten jak\u017ce brutalny akt antysemityzmu. Co gorsza przy\u0142\u0105czy\u0142 si\u0119 do tego biskup pomocniczy<\/p>\r\n<p>archidiecezji gda\u0144skiej Wies\u0142aw Szlachetka. Zdj\u0119cie z tej wzruszaj\u0105cej chwili ilustruje niniejszy artyku\u0142, drugie poni\u017cej.<\/p>\r\n<p>https:\/\/twitter.com\/regem_et_regnum\/status\/1043531794086277120<\/p>\r\n<p>No a skoro rabin Schudrich pot\u0119pi\u0142 ten straszliwy akt i ambasada Izraela w Warszawie te\u017c, to od razu za\u0107wierka\u0142a ambasada imperium w Warszawie i da\u0142a taki oto wpis.<\/p>\r\n<p>\u201eAmbasada Stan\u00f3w Zjednoczonych w Warszawie pot\u0119pia pe\u0142en nienawi\u015bci, destrukcyjny akt wymierzony w synagog\u0119 w Gda\u0144sku, dokonany podczas Jom Kipur &#8211; najwa\u017cniejszego \u017cydowskiego \u015bwi\u0119ta. Solidaryzujemy si\u0119 ze wszystkimi, kt\u00f3rzy zjednoczyli si\u0119 w obliczu tego incydentu.\u201d<\/p>\r\n<p><img decoding=\"async\" class=\"aligncenter  wp-image-84676\" src=\"http:\/\/nczas.com\/wp-content\/uploads\/2018\/09\/ambasada_usa_warszawa_zydzi.jpg\" alt=\"\" width=\"599\" height=\"365\" \/><\/p>\r\n<p>Polskim internautom ci\u0119\u017cko by\u0142o pomin\u0105\u0107 takie p\u0142aszczenie si\u0119 przed \u017bydami przez plac\u00f3wk\u0119 dyplomatyczn\u0105 USA, wi\u0119c masowo skomentowali ten wpis, dok\u0142adniej pisz\u0105c \u201ezmasakrowali\u201d Amerykan\u00f3w. Poni\u017cej najlepsze komentarze.<\/p>\r\n<p><strong>cichy1974<\/strong>: <em>wy si\u0119 lepiej zjednoczcie by \u017cydzi zaprzestali nas..Polak\u00f3w ci\u0105gle upokarza\u0107 ;obsrywa\u0107 to co\u015bmy dla nich w czasie okupacji zrobili..tysi\u0105cami ukrywali\u015bmy ich przed \u015bmierci\u0105!cz\u0119sto za cen\u0119 \u015bmierci w\u0142asnej i naszych rodzin..<br \/>\r\ni niech w ko\u0144cu QRVA przestan\u0105 \u017c\u0105da\u0107 odszkodowa\u0144!???<\/em><\/p>\r\n<p><blockquote class=\"twitter-tweet\" data-width=\"550\" data-dnt=\"true\"><p lang=\"pl\" dir=\"ltr\">Czy wtedy by\u0142o jakie\u015b o\u015bwiadczenie ? <a href=\"https:\/\/t.co\/2Q6yUE8oVe\">pic.twitter.com\/2Q6yUE8oVe<\/a><\/p>&mdash; Marcin Rubczy\u0144ski (@Rubczynski_M) <a href=\"https:\/\/twitter.com\/Rubczynski_M\/status\/1043532967182786562?ref_src=twsrc%5Etfw\">September 22, 2018<\/a><\/blockquote><script async src=\"https:\/\/platform.twitter.com\/widgets.js\" charset=\"utf-8\"><\/script><\/p>\r\n<p><strong>Kamilla<\/strong>: <em>Czyli co stali\u015bcie si\u0119 ju\u017c ambasada Izreala w Polsce? Polska te\u017c to pot\u0119pia i \u015bciga sprawc\u0119 z urz\u0119du. \u0179enuj\u0105ce. Szkoda, ze nie jeste\u015bcie tacy gorliwi, gdy chodzi o ataki Izraela na dzieci palesty\u0144skie. Shame on you!!<\/em><\/p>\r\n<p>https:\/\/twitter.com\/Slaw_qh\/status\/1043408230620258305<\/p>\r\n<p>https:\/\/twitter.com\/mobajti\/status\/1043575847435812864<\/p>\r\n<p><blockquote class=\"twitter-tweet\" data-width=\"550\" data-dnt=\"true\"><p lang=\"pl\" dir=\"ltr\">To skandal!  Pot\u0119pienie dla chorego psychicznie cz\u0142owieka kt\u00f3ry nie ma \u015bwiadomo\u015bci co robi. Skandalem jest zachowanie Ambasady. Rasizm w USA jest godny pot\u0119pienia i zabijanie przez Izrael dzieci Palesty\u0144skich. Prosz\u0119 ostro\u017cnie z takimi uwagami<\/p>&mdash; ika jab\u0142onska (@IkaJab) <a href=\"https:\/\/twitter.com\/IkaJab\/status\/1043540390312398848?ref_src=twsrc%5Etfw\">September 22, 2018<\/a><\/blockquote><script async src=\"https:\/\/platform.twitter.com\/widgets.js\" charset=\"utf-8\"><\/script><\/p>\r\n<p>https:\/\/twitter.com\/nowoczesnyprl\/status\/1043446640231817216<\/p>\r\n<p>https:\/\/twitter.com\/WJA0716\/status\/1043603637447143426<\/p>\r\n<div id=\"adMapper24\" class=\"optAdIns\">https:\/\/twitter.com\/ulmusthic\/status\/1043596129915600897<\/div>\r\n<div class=\"optAdIns\">\r\n<p class=\"zrodlo\">Za: <a href=\"https:\/\/nczas.com\/2018\/09\/23\/wielkie-klamstwo-ambasada-usa-w-warszawie-jeszcze-bardziej-prozydowska-i-antypolska-polacy-ich-zniszczyli-w-komentarzach\/\">Najwy\u017cszy Czas! (23\/09\/2018)<\/a><\/p>\r\n<h4>\u00a0<\/h4>\r\n<hr style=\"background-color: #000000; border-width: 0; color: #000000; height: 2px; line-height: 0; text-align: center; width: 100%;\" \/>\r\n<h4>\u00a0<\/h4>\r\n<\/div>\r\n<\/header>","protected":false},"excerpt":{"rendered":"Prokuratura uzna\u0142a, \u017ce wybicie okna to prawie zamach. Nara\u017cenie na bezpo\u015brednie niebezpiecze\u0144stwo utraty \u017cycia albo ci\u0119\u017ckiego uszczerbku na zdrowiu zarzuci\u0142a 27-letniemu m\u0119\u017cczy\u017anie Prokuratura Okr\u0119gowa w Gda\u0144sku, w zwi\u0105zku z wybiciem przez niego szyby w oknie synagogi w Gda\u0144sku-Wrzeszczu. 27-latek jest chory psychicznie. Rzecznik prasowa Prokuratury Okr\u0119gowej w Gda\u0144sku Gra\u017cyna Wawryniuk poinformowa\u0142a w sobot\u0119\u00a0 \u017ce postawiony [&hellip;]","protected":false},"author":2,"featured_media":0,"comment_status":"closed","ping_status":"closed","sticky":false,"template":"","format":"standard","meta":{"_acf_changed":false,"_monsterinsights_skip_tracking":false,"_monsterinsights_sitenote_active":false,"_monsterinsights_sitenote_note":"","_monsterinsights_sitenote_category":0,"ngg_post_thumbnail":0,"footnotes":"","_wp_rev_ctl_limit":""},"categories":[8],"tags":[48,98,18,20],"acf":[],"_links":{"self":[{"href":"https:\/\/www.bibula.com\/index.php?rest_route=\/wp\/v2\/posts\/104502"}],"collection":[{"href":"https:\/\/www.bibula.com\/index.php?rest_route=\/wp\/v2\/posts"}],"about":[{"href":"https:\/\/www.bibula.com\/index.php?rest_route=\/wp\/v2\/types\/post"}],"author":[{"embeddable":true,"href":"https:\/\/www.bibula.com\/index.php?rest_route=\/wp\/v2\/users\/2"}],"replies":[{"embeddable":true,"href":"https:\/\/www.bibula.com\/index.php?rest_route=%2Fwp%2Fv2%2Fcomments&post=104502"}],"version-history":[{"count":2,"href":"https:\/\/www.bibula.com\/index.php?rest_route=\/wp\/v2\/posts\/104502\/revisions"}],"predecessor-version":[{"id":117945,"href":"https:\/\/www.bibula.com\/index.php?rest_route=\/wp\/v2\/posts\/104502\/revisions\/117945"}],"wp:attachment":[{"href":"https:\/\/www.bibula.com\/index.php?rest_route=%2Fwp%2Fv2%2Fmedia&parent=104502"}],"wp:term":[{"taxonomy":"category","embeddable":true,"href":"https:\/\/www.bibula.com\/index.php?rest_route=%2Fwp%2Fv2%2Fcategories&post=104502"},{"taxonomy":"post_tag","embeddable":true,"href":"https:\/\/www.bibula.com\/index.php?rest_route=%2Fwp%2Fv2%2Ftags&post=104502"}],"curies":[{"name":"wp","href":"https:\/\/api.w.org\/{rel}","templated":true}]}}