{"id":104257,"date":"2018-09-13T10:09:33","date_gmt":"2018-09-13T14:09:33","guid":{"rendered":"http:\/\/www.bibula.com\/?p=104257"},"modified":"2018-09-13T10:09:33","modified_gmt":"2018-09-13T14:09:33","slug":"roman-dmowski-obok-barucha-steinberga-kogo-uhonoruje-orderem-orla-bialego-andrzej-duda","status":"publish","type":"post","link":"https:\/\/www.bibula.com\/?p=104257","title":{"rendered":"Roman Dmowski obok Barucha Steinberga. Kogo uhonoruje orderem Or\u0142a Bia\u0142ego Andrzej Duda?"},"content":{"rendered":"<p><strong>Prezydent Andrzej Duda podj\u0105\u0142 decyzj\u0119 o po\u015bmiertnym przyznaniu Orderu Or\u0142a Bia\u0142ego 25 postaciom maj\u0105cym \u201ewybitne zas\u0142ugi dla polskiej niepodleg\u0142o\u015bci\u201d. W gronie uhonorowanych znalaz\u0142 si\u0119 m.in. Roman Dmowski, Janusz Korczak, Halina Konopacka czy rabin Baruch Steinberg.<\/strong><\/p>\r\n<p>&#8211; <em>Ordery, w tym Order Or\u0142a Bia\u0142ego mog\u0105 by\u0107 przyznane po\u015bmiertnie, ale tu\u017c po \u015bmierci danej, wybitnej postaci, ale generalnie nie s\u0105 przyznawane wstecz<\/em> &#8211; oznajmi\u0142 prezydent Duda. <em>&#8211; Ot\u00f3\u017c, w tym wyj\u0105tkowym roku, jakim jest stulecie odzyskania niepodleg\u0142o\u015bci chcieli\u015bmy zrobi\u0107 wyj\u0105tek (\u2026) spojrze\u0107 na polskie \u017cycie publiczne przez aspekt tych stu lat i popatrze\u0107, kto na tej przestrzeni (&#8230;) by\u0142 postaci\u0105 wybitn\u0105, a kto tym orderem uhonorowany nie zosta\u0142 <\/em>&#8211; uzasadnia\u0142.<\/p>\r\n<p>Wybrano zatem 25 nazwisk, kt\u00f3rym najwy\u017csze i najstarsze odznaczenie pa\u0144stwowe zostanie przyznane 11 listopada. Order Or\u0142a Bia\u0142ego nadawany jest za znamienite zas\u0142ugi cywilne i wojskowe dla po\u017cytku Rzeczypospolitej Polskiej, po\u0142o\u017cone zar\u00f3wno w czasie pokoju, jak i w czasie wojny.<\/p>\r\n<p>Do grona uhonorowanych w\u0142\u0105czono takie osoby jak Roman Dmowski, Stefan Banach, Halina Konopacka czy W\u0142adys\u0142aw Reymont. Najwy\u017csze pa\u0144stwowe odznaczenia otrzymaj\u0105 tak\u017ce m.in.: Leon Kryczy\u0144ski (prawnik i przedstawiciel spo\u0142eczno\u015bci Tatar\u00f3w w Polsce), biskup Juliusz Bursche (hierarcha Ko\u015bcio\u0142a ewangelicko-augsburskiego w Rzeczypospolitej Polskiej), ksi\u0105dz Szymon Fedoro\u0144ko (prawos\u0142awny duchowny, zamordowany w Katyniu) czy rabin Baruch Steinberg, naczelny rabin Wojska Polskiego r\u00f3wnie\u017c zamordowany przez funkcjonariuszy NKWD w Katyniu.<\/p>\r\n<p>Pocz\u0105tkowo, pomys\u0142 przyznania orderu Orla Bia\u0142ego obejmowa\u0142 postacie zaliczane do grona \u201eojc\u00f3w niepodleg\u0142o\u015bci\u201d. Po\u015bmiertne odznaczenie otrzyma\u0107 mieli J\u00f3zef Pi\u0142sudski, Roman Dmowski, Ignacy Daszy\u0144ski, Wincenty Witos, Jan Paderewski oraz Wojciech Korfanty.<\/p>\r\n<p>\u0179r\u00f3d\u0142o: tvn24.pl<\/p>\r\n<p>PR<\/p>","protected":false},"excerpt":{"rendered":"Prezydent Andrzej Duda podj\u0105\u0142 decyzj\u0119 o po\u015bmiertnym przyznaniu Orderu Or\u0142a Bia\u0142ego 25 postaciom maj\u0105cym \u201ewybitne zas\u0142ugi dla polskiej niepodleg\u0142o\u015bci\u201d. W gronie uhonorowanych znalaz\u0142 si\u0119 m.in. Roman Dmowski, Janusz Korczak, Halina Konopacka czy rabin Baruch Steinberg. &#8211; Ordery, w tym Order Or\u0142a Bia\u0142ego mog\u0105 by\u0107 przyznane po\u015bmiertnie, ale tu\u017c po \u015bmierci danej, wybitnej postaci, ale generalnie [&hellip;]","protected":false},"author":1,"featured_media":0,"comment_status":"closed","ping_status":"closed","sticky":false,"template":"","format":"standard","meta":{"_acf_changed":false,"_monsterinsights_skip_tracking":false,"_monsterinsights_sitenote_active":false,"_monsterinsights_sitenote_note":"","_monsterinsights_sitenote_category":0,"ngg_post_thumbnail":0,"footnotes":"","_wp_rev_ctl_limit":""},"categories":[8],"tags":[349,98,53],"acf":[],"_links":{"self":[{"href":"https:\/\/www.bibula.com\/index.php?rest_route=\/wp\/v2\/posts\/104257"}],"collection":[{"href":"https:\/\/www.bibula.com\/index.php?rest_route=\/wp\/v2\/posts"}],"about":[{"href":"https:\/\/www.bibula.com\/index.php?rest_route=\/wp\/v2\/types\/post"}],"author":[{"embeddable":true,"href":"https:\/\/www.bibula.com\/index.php?rest_route=\/wp\/v2\/users\/1"}],"replies":[{"embeddable":true,"href":"https:\/\/www.bibula.com\/index.php?rest_route=%2Fwp%2Fv2%2Fcomments&post=104257"}],"version-history":[{"count":0,"href":"https:\/\/www.bibula.com\/index.php?rest_route=\/wp\/v2\/posts\/104257\/revisions"}],"wp:attachment":[{"href":"https:\/\/www.bibula.com\/index.php?rest_route=%2Fwp%2Fv2%2Fmedia&parent=104257"}],"wp:term":[{"taxonomy":"category","embeddable":true,"href":"https:\/\/www.bibula.com\/index.php?rest_route=%2Fwp%2Fv2%2Fcategories&post=104257"},{"taxonomy":"post_tag","embeddable":true,"href":"https:\/\/www.bibula.com\/index.php?rest_route=%2Fwp%2Fv2%2Ftags&post=104257"}],"curies":[{"name":"wp","href":"https:\/\/api.w.org\/{rel}","templated":true}]}}