{"id":104240,"date":"2018-09-12T09:00:24","date_gmt":"2018-09-12T13:00:24","guid":{"rendered":"http:\/\/www.bibula.com\/?p=104240"},"modified":"2018-09-12T09:00:24","modified_gmt":"2018-09-12T13:00:24","slug":"kardynal-wuerl-opublikowal-dokument-nie-bedzie-juz-arcybiskupem-waszyngtonu","status":"publish","type":"post","link":"https:\/\/www.bibula.com\/?p=104240","title":{"rendered":"Kardyna\u0142 Wuerl opublikowa\u0142 dokument: nie b\u0119dzie ju\u017c arcybiskupem Waszyngtonu?"},"content":{"rendered":"<p><strong>Kardyna\u0142 Donald Wuerl w opublikowanym we wtorek li\u015bcie do ksi\u0119\u017cy Archidiecezji Waszyngton poinformowa\u0142 o swoim zamiarze udania si\u0119 w najbli\u017cszym czasie do Rzymu. Wsp\u00f3lnie z papie\u017cem pochyli si\u0119 tam nad swym ewentualnym ust\u0105pieniem z urz\u0119du arcybiskupa Waszyngtonu. <\/strong><\/p>\r\n<p>W dokumencie kardyna\u0142 Wuerl ujawni\u0142, \u017ce 3 wrze\u015bnia spotka\u0142 si\u0119 Ojcem \u015awi\u0119tym. Franciszek poprosi\u0142 go w\u00f3wczas o rozeznanie tego, jak post\u0119powa\u0107 w \u015bwietle upublicznienia \u201erozmiaru horroru nadu\u017cy\u0107 kleru wobec dzieci i nieudanego nadzoru ze strony hierarchii\u201d.<\/p>\r\n<p>Kardyna\u0142 Wuerl z\u0142o\u017cy\u0142 rezygnacj\u0119 ju\u017c 3 lata temu, 12 listopada 2015 roku. Jednak nie zosta\u0142a ona w\u00f3wczas przyj\u0119ta.&nbsp;<\/p>\r\n<p>Wyniesiony w 2010 roku do godno\u015bci kardyna\u0142a Donald Wuerl sprawowa\u0142 w latach 1988-2006 urz\u0105d biskupa Pittsburgha. Po opublikowaniu raportu dotycz\u0105cego wykorzystywania nieletnich przez duchownych w Pensylwanii pojawi\u0142y si\u0119 zarzuty, \u017ce jako biskup Pittsburgha nie reagowa\u0142 dostatecznie na nadu\u017cycia.&nbsp;<\/p>\r\n<p>\u0179r\u00f3d\u0142o: lifesitenews.com<\/p>\r\n<p>mjend<\/p>","protected":false},"excerpt":{"rendered":"Kardyna\u0142 Donald Wuerl w opublikowanym we wtorek li\u015bcie do ksi\u0119\u017cy Archidiecezji Waszyngton poinformowa\u0142 o swoim zamiarze udania si\u0119 w najbli\u017cszym czasie do Rzymu. Wsp\u00f3lnie z papie\u017cem pochyli si\u0119 tam nad swym ewentualnym ust\u0105pieniem z urz\u0119du arcybiskupa Waszyngtonu. W dokumencie kardyna\u0142 Wuerl ujawni\u0142, \u017ce 3 wrze\u015bnia spotka\u0142 si\u0119 Ojcem \u015awi\u0119tym. Franciszek poprosi\u0142 go w\u00f3wczas o rozeznanie [&hellip;]","protected":false},"author":1,"featured_media":0,"comment_status":"closed","ping_status":"closed","sticky":false,"template":"","format":"standard","meta":{"_acf_changed":false,"_monsterinsights_skip_tracking":false,"_monsterinsights_sitenote_active":false,"_monsterinsights_sitenote_note":"","_monsterinsights_sitenote_category":0,"ngg_post_thumbnail":0,"footnotes":"","_wp_rev_ctl_limit":""},"categories":[4],"tags":[86,221],"acf":[],"_links":{"self":[{"href":"https:\/\/www.bibula.com\/index.php?rest_route=\/wp\/v2\/posts\/104240"}],"collection":[{"href":"https:\/\/www.bibula.com\/index.php?rest_route=\/wp\/v2\/posts"}],"about":[{"href":"https:\/\/www.bibula.com\/index.php?rest_route=\/wp\/v2\/types\/post"}],"author":[{"embeddable":true,"href":"https:\/\/www.bibula.com\/index.php?rest_route=\/wp\/v2\/users\/1"}],"replies":[{"embeddable":true,"href":"https:\/\/www.bibula.com\/index.php?rest_route=%2Fwp%2Fv2%2Fcomments&post=104240"}],"version-history":[{"count":0,"href":"https:\/\/www.bibula.com\/index.php?rest_route=\/wp\/v2\/posts\/104240\/revisions"}],"wp:attachment":[{"href":"https:\/\/www.bibula.com\/index.php?rest_route=%2Fwp%2Fv2%2Fmedia&parent=104240"}],"wp:term":[{"taxonomy":"category","embeddable":true,"href":"https:\/\/www.bibula.com\/index.php?rest_route=%2Fwp%2Fv2%2Fcategories&post=104240"},{"taxonomy":"post_tag","embeddable":true,"href":"https:\/\/www.bibula.com\/index.php?rest_route=%2Fwp%2Fv2%2Ftags&post=104240"}],"curies":[{"name":"wp","href":"https:\/\/api.w.org\/{rel}","templated":true}]}}