{"id":104227,"date":"2018-09-11T10:52:45","date_gmt":"2018-09-11T14:52:45","guid":{"rendered":"http:\/\/www.bibula.com\/?p=104227"},"modified":"2018-09-11T10:52:45","modified_gmt":"2018-09-11T14:52:45","slug":"bp-libera-zarzadzil-modlitwe-post-i-pokute-za-naduzycia-seksualne-w-kosciele","status":"publish","type":"post","link":"https:\/\/www.bibula.com\/?p=104227","title":{"rendered":"Bp Libera zarz\u0105dzi\u0142 modlitw\u0119, post i pokut\u0119 za nadu\u017cycia seksualne w Ko\u015bciele"},"content":{"rendered":"<p><strong>Biskup p\u0142ocki Piotr Libera w odpowiedzi na ostatni \u201eList Papie\u017ca Franciszka do Ludu Bo\u017cego\u201d zarz\u0105dzi\u0142 w ca\u0142ej diecezji 14. wrze\u015bnia post i pokut\u0119 za nadu\u017cycia seksualne, nadu\u017cycia w\u0142adzy i sumienia. Specjalne nabo\u017ce\u0144stwo w tej intencji zostanie tak\u017ce odprawione w p\u0142ockiej katedrze.<\/strong><\/p>\r\n<p>W odpowiedzi na \u201eList papie\u017ca Franciszka do Ludu Bo\u017cego\u201d z 20. sierpnia oraz jego pro\u015bb\u0119 o modlitw\u0119 i pokut\u0119 za nadu\u017cycia seksualne, nadu\u017cycia w\u0142adzy i sumienia przez osoby duchowne i \u015bwieckie, bp Piotr Libera w ca\u0142ej diecezji p\u0142ockiej zarz\u0105dzi\u0142 dzie\u0144 14. wrze\u015bnia, czyli \u015bwi\u0119to Podwy\u017cszenia Krzy\u017ca \u015awi\u0119tego, dniem postu i pokuty.<\/p>\r\n<p>Natomiast ju\u017c we wtorek 11 wrze\u015bnia o godz. 10.00 w bazylice katedralnej w P\u0142ocku odprawione zostanie nabo\u017ce\u0144stwo pokutne w intencji ofiar nadu\u017cy\u0107 w Ko\u015bciele. Podobne nabo\u017ce\u0144stwa pokutne zostan\u0105 odprawione we wszystkich dekanatach diecezji w dniu 14. wrze\u015bnia, z udzia\u0142em wszystkich kap\u0142an\u00f3w dekanatu.<\/p>\r\n<p>Odpowiedzialnymi za ich zorganizowanie s\u0105 dziekani, a poprowadz\u0105 je ojcowie duchowni dekanat\u00f3w. Duchowni powinni zach\u0119ci\u0107 do udzia\u0142u w nabo\u017ce\u0144stwach wiernych \u015bwieckich.<\/p>\r\n<p>Ponadto 14. wrze\u015bnia wierni w diecezji p\u0142ockiej b\u0119d\u0105 si\u0119 r\u00f3wnie\u017c modli\u0107 za tych, kt\u00f3rzy porzucili stan kap\u0142a\u0144ski lub zakonny.<\/p>\r\n<p>20 sierpnia papie\u017c Franciszek, w odpowiedzi na ostatnie doniesienia o nadu\u017cyciach seksualnych w Ko\u015bciele, napisa\u0142 specjalny list. Stwierdzi\u0142 w nim m.in. \u017ce przest\u0119pstwa seksualne wobec nieletnich \u201ewywo\u0142uj\u0105 g\u0142\u0119bokie rany cierpienia i niemocy\u201d. Cierpienie ofiar i ich rodzin jest wsp\u00f3lnym b\u00f3lem Ko\u015bcio\u0142a, to skarga, kt\u00f3ra dotyka duszy, a kt\u00f3ra przez d\u0142ugi czas by\u0142a ignorowana. Ojciec \u015bwi\u0119ty ze skruch\u0105 przyznaje, \u017ce nie uda\u0142o si\u0119 wsp\u00f3lnocie Ko\u015bcio\u0142a zadzia\u0142a\u0107 w por\u0119 i rozpozna\u0107 powagi szkody u wielu os\u00f3b. Odpowiedzialno\u015b\u0107 za to nale\u017cy przyj\u0105\u0107 w spos\u00f3b globalny i wsp\u00f3lnotowy. Nawr\u00f3cenie dzia\u0142ania ko\u015bcielnego musi odby\u0107 si\u0119 z udzia\u0142em wszystkich cz\u0142onk\u00f3w ludu Bo\u017cego. Trzeba wykorzeni\u0107 \u201ekultur\u0119 nadu\u017cy\u0107\u201d ze wsp\u00f3lnot.<\/p>\r\n<p>Ojciec \u015bwi\u0119ty zaleci\u0142 rozpoznanie i pot\u0119pienie \u201epotworno\u015bci pope\u0142nionych przez osoby konsekrowane, duchownych, a tak\u017ce przez tych wszystkich, kt\u00f3rzy mieli misj\u0119 czuwania\u201d. Doda\u0142, \u017ce \u015bwiadomo\u015b\u0107 grzechu pomo\u017ce uzna\u0107 b\u0142\u0119dy, przest\u0119pstwa i rany zadane w przesz\u0142o\u015bci, pozwoli otworzy\u0107 si\u0119 i zaanga\u017cowa\u0107 bardziej w proces ponownego nawr\u00f3cenia, a pokuta i modlitwa pomog\u0105 uwra\u017cliwi\u0107 oczy i serce na cierpienia innych oraz na pokonanie \u017c\u0105dzy panowania i posiadania, kt\u00f3re tak cz\u0119sto staj\u0105 si\u0119 \u017ar\u00f3d\u0142em z\u0142a: \u201eNiech Duch \u015awi\u0119ty da nam \u0142ask\u0119 nawr\u00f3cenia i namaszczenia wewn\u0119trznego, aby\u015bmy w obliczu tego przest\u0119pstwa nadu\u017cy\u0107 mogli wyrazi\u0107 nasz\u0105 skruch\u0119 i nasz\u0105 stanowczo\u015b\u0107, by odwa\u017cnie z nimi walczy\u0107\u201d &#8211; zako\u0144czy\u0142 sw\u00f3j list papie\u017c Franciszek.<\/p>\r\n<p>KAI<\/p>\r\n<p>TK<\/p>","protected":false},"excerpt":{"rendered":"Biskup p\u0142ocki Piotr Libera w odpowiedzi na ostatni \u201eList Papie\u017ca Franciszka do Ludu Bo\u017cego\u201d zarz\u0105dzi\u0142 w ca\u0142ej diecezji 14. wrze\u015bnia post i pokut\u0119 za nadu\u017cycia seksualne, nadu\u017cycia w\u0142adzy i sumienia. Specjalne nabo\u017ce\u0144stwo w tej intencji zostanie tak\u017ce odprawione w p\u0142ockiej katedrze. W odpowiedzi na \u201eList papie\u017ca Franciszka do Ludu Bo\u017cego\u201d z 20. sierpnia oraz jego [&hellip;]","protected":false},"author":1,"featured_media":0,"comment_status":"closed","ping_status":"closed","sticky":false,"template":"","format":"standard","meta":{"_acf_changed":false,"_monsterinsights_skip_tracking":false,"_monsterinsights_sitenote_active":false,"_monsterinsights_sitenote_note":"","_monsterinsights_sitenote_category":0,"ngg_post_thumbnail":0,"footnotes":"","_wp_rev_ctl_limit":""},"categories":[5],"tags":[26,98,86],"acf":[],"_links":{"self":[{"href":"https:\/\/www.bibula.com\/index.php?rest_route=\/wp\/v2\/posts\/104227"}],"collection":[{"href":"https:\/\/www.bibula.com\/index.php?rest_route=\/wp\/v2\/posts"}],"about":[{"href":"https:\/\/www.bibula.com\/index.php?rest_route=\/wp\/v2\/types\/post"}],"author":[{"embeddable":true,"href":"https:\/\/www.bibula.com\/index.php?rest_route=\/wp\/v2\/users\/1"}],"replies":[{"embeddable":true,"href":"https:\/\/www.bibula.com\/index.php?rest_route=%2Fwp%2Fv2%2Fcomments&post=104227"}],"version-history":[{"count":0,"href":"https:\/\/www.bibula.com\/index.php?rest_route=\/wp\/v2\/posts\/104227\/revisions"}],"wp:attachment":[{"href":"https:\/\/www.bibula.com\/index.php?rest_route=%2Fwp%2Fv2%2Fmedia&parent=104227"}],"wp:term":[{"taxonomy":"category","embeddable":true,"href":"https:\/\/www.bibula.com\/index.php?rest_route=%2Fwp%2Fv2%2Fcategories&post=104227"},{"taxonomy":"post_tag","embeddable":true,"href":"https:\/\/www.bibula.com\/index.php?rest_route=%2Fwp%2Fv2%2Ftags&post=104227"}],"curies":[{"name":"wp","href":"https:\/\/api.w.org\/{rel}","templated":true}]}}