{"id":104205,"date":"2018-09-09T08:53:18","date_gmt":"2018-09-09T12:53:18","guid":{"rendered":"http:\/\/www.bibula.com\/?p=104205"},"modified":"2018-09-14T12:25:36","modified_gmt":"2018-09-14T16:25:36","slug":"rzad-morawieckiego-wciska-nam-hindusow-nepalczykow-czy-bengalczykow","status":"publish","type":"post","link":"https:\/\/www.bibula.com\/?p=104205","title":{"rendered":"Rz\u0105d Morawieckiego wciska nam Hindus\u00f3w, Nepalczyk\u00f3w czy Bengalczyk\u00f3w"},"content":{"rendered":"<p><strong><em>Natychmiast zamkn\u0105\u0107 wydzia\u0142 konsularny Ambasady Polskiej w New Delhi!<\/em><\/strong><\/p>\r\n<p>Ostatnio portal medianarodowe.com opublikowa\u0142 m\u00f3j artyku\u0142: <a href=\"http:\/\/opinia-piotr-blaszkowski-poland-easy-work-visa-success-99-kolonizacja-z-indii-do-polski\/\">Poland easy work visa success 99%\u201d &#8211; kolonizacja z Indii do Polski<\/a>..&nbsp;<\/p>\r\n<p>Mamy kolej\u0105 ods\u0142on\u0119 w tym planie uczynienia z naszej Ojczyzny multikulturowej magmy.<\/p>\r\n<p>Lobby imigracyjne co rusz wysy\u0142a balony pr\u00f3bne, ale ja skupi\u0119 si\u0119 na opublikowanym 1.09.2018 na money.pl i zaraz podj\u0119tego przez portal na wp.pl&nbsp;&nbsp;artyku\u0142u <strong>\u201eHindusi ch\u0119tni do pracy w Polsce. Konsulat nie wyrabia z rozpatrywaniem wniosk\u00f3w\u201d<\/strong>.<\/p>\r\n<p>\u015awiatem rz\u0105dz\u0105 spiski oraz ca\u0142kiem banalne zdarzenia i dzia\u0142ania. Nie doszukujmy si\u0119 wi\u0119c wielkiej skomplikowanej operacji, to wydzia\u0142 konsularny RP w New Delhi kolonizuje Warszaw\u0119. [<em>to \u017carcik Autora &#8211; bo chyba nie naiwno\u015b\u0107??<\/em> MD]<\/p>\r\n<p>Z historii wiemy, \u017ce zwyk\u0142y przedstawiciel dyplomatyczny jak Chiune Sugihara, Raoul Wallenberg, Henryk S\u0142awik, Konstanty Rokicki, dzia\u0142aj\u0105c samodzielnie lub w grupie, wiz\u0105, piecz\u0105tka i podpisem mo\u017ce przerzuci\u0107 na drugi kontynent tysi\u0105ce os\u00f3b.<\/p>\r\n<p>Co nam si\u0119 szykuje portal pisze wprost:&nbsp;<strong>S\u0142ysza\u0142em, \u017ce 30 tysi\u0119cy Hindus\u00f3w czeka na wjazd do Polski, a Konsulat RP w New Delhi nie wyrabia z rozpatrywaniem wniosk\u00f3w<\/strong> &#8211; m\u00f3wi <a href=\"https:\/\/www.money.pl\/gospodarka\/wiadomosci\/artykul\/praca-w-polsce-hindusi-uber-eats,54,0,2414646.html\">money.pl<\/a>. Jacek Zieli\u0144ski z Promoman, kt\u00f3ry zajmuje si\u0119 rekrutowaniem Azjat\u00f3w do pracy w Polsce. Jak dodaje, codziennie odbiera po 20 telefon\u00f3w w sprawie zatrudnienia. Dzwoni\u0105 polskie firmy i pytaj\u0105 o mo\u017cliwo\u015b\u0107 \u015bci\u0105gni\u0119cia do pracy Azjat\u00f3w. Nie tylko Hindus\u00f3w, ale te\u017c Nepalczyk\u00f3w czy Bengalczyk\u00f3w.<\/p>\r\n<p>Poznajmy nazwiska \u201epo\u017cytecznych idiot\u00f3w\u201d: Piotr K\u0142odkowski &#8211; Ambasador RP w Indiach.<\/p>\r\n<p>Sam artyku\u0142 w money.pl zosta\u0142 napisany w formacie \u201ekopiuj-wklej\u201d. Dawniej pisano \u201ewspaniali, tani, zdyscyplinowani pracownicy z Ukrainy, dzi\u015b zmieniono na \u201ewspaniali, tani, zdyscyplinowani pracownicy z Indii\u201d. Wszystko oblane sosem kapitalistycznych utyskiwa\u0144, na brak ch\u0142op\u00f3w pa\u0144szczy\u017anianych, kt\u00f3rzy uciekli im do Anglii.<\/p>\r\n<p>Co robi\u0107?&nbsp;\u0179\u0105da\u0107 zamkni\u0119cia wydzia\u0142\u00f3w konsularnych w Indiach. Pisa\u0107 na <a href=\"mailto:rzecznik@msz.gov.pl\">rzecznik@msz.gov.pl<\/a> ,&nbsp;a jak nie to zawy\u017cy\u0107 kryteria przyznawania wiz, aby by\u0142o to niemo\u017cliwe.<\/p>\r\n<p>Pisa\u0107 protesty na adres ambasady i konsulatu w Indiach: <a href=\"mailto:newdelhi.polemb.info@msz.gov.pl\">newdelhi.polemb.info@msz.gov.pl<\/a> , <a href=\"mailto:mumbaj.kg.info@msz.gov.pl\">mumbaj.kg.info@msz.gov.pl<\/a><\/p>\r\n<p>Jak nie pomo\u017ce musimy wyj\u015b\u0107 na Al.Ch. Szucha 23 w Warszawie z manifestacj\u0105.<\/p>\r\n<p>Oby nie by\u0142o za p\u00f3\u017ano.<\/p>\r\n<p><em><strong>Piotr B\u0142aszkowski<\/strong><\/em><\/p>\r\n<p>[\u0179r\u00f3d\u0142o:] <a href=\"https:\/\/medianarodowe.com\/opinia-blaszkowski-natychmiast-zamknac-wydzial-konsularny-ambasady-polskiej-w-new-delhi\/\">https:\/\/medianarodowe.com\/opinia-blaszkowski-natychmiast-zamknac-wydzial-konsularny-ambasady-polskiej-w-new-delhi\/<\/a><\/p>\r\n<p class=\"zrodlo\">Za: <a href=\"http:\/\/dakowski.pl\/index.php?option=com_content&amp;task=view&amp;id=23767&amp;Itemid=100\">Strona prof. Miros\u0142awa Dakowskiego (07.09.2018)<\/a><\/p>\r\n<h4>&nbsp;<\/h4>\r\n<hr style=\"background-color: #000000; border-width: 0; color: #000000; height: 2px; line-height: 0; text-align: center; width: 100%;\">\r\n<h4>&nbsp;<\/h4>\r\n<h2>Samuel Pereira z TVP.Info wciska lewack\u0105 propagand\u0119 ws. imigrant\u00f3w. Internauci zniszczyli go w komentarzach<\/h2>\r\n<p style=\"text-align: center;\"><img fetchpriority=\"high\" decoding=\"async\" class=\"aligncenter\" src=\"https:\/\/nczas.com\/wp-content\/uploads\/2018\/09\/pereira_imigranci.jpg\" alt=\"Samuel Pereira z rz\u0105dowego portalu TVP.Info promuje po lewacku masow\u0105 imigracj\u0119 do Polski.\" width=\"598\" height=\"403\"><\/p>\r\n<p style=\"text-align: center;\"><em>Samuel Pereira z rz\u0105dowego portalu TVP.Info promuje po lewacku masow\u0105 imigracj\u0119 do Polski.<\/em><\/p>\r\n<p><strong>Szef rz\u0105dowego, propagandowego portalu TVP.Info Samuel Pereira zamie\u015bci\u0142 na Twitterze proimigrancki wpis ze zdj\u0119ciem. Typowo lewackim przekazem chce przekona\u0107 Polak\u00f3w do masowego przyjmowania przybysz\u00f3w z Azji i Afryki. Komentatorzy nie zostawili na nim suchej nitki.<\/strong><\/p>\r\n<p><em>\u201eTo tych \u201eobcych\u201d boj\u0105 si\u0119 narodowcy i sprzyjaj\u0105cy im dziennikarze? Mi\u0142ego wieczoru &#x1f60e;\u201d<\/em> &#8211; napisa\u0142 na Twitterze Pereira wklejaj\u0105c swoje zdj\u0119cie z dwoma \u0142adnymi dziewczynami o egzotycznych rysach. Podobnie robi\u0105 unijni lewacy pokazuj\u0105c w mediach g\u0142ownie kobiety i dzieci.<\/p>\r\n<p>https:\/\/twitter.com\/SamPereira_\/status\/1038165994596909057<\/p>\r\n<p>Wygl\u0105da na to, \u017ce teraz b\u0119dzie taki przekaz p\u0142yn\u0105\u0142 do nas z rz\u0105dowych przeka\u017anik\u00f3w. Rz\u0105d PiS zobowi\u0105za\u0142 si\u0119 do przyjmowania imigrant\u00f3w z Azji i Afryki, wi\u0119c m\u0105dro\u015b\u0107 etapu wymaga aby us\u0142u\u017cni dziennikarze j\u0105 nag\u0142a\u015bniali.<\/p>\r\n<p>Internauci nie zostawili na szefie rz\u0105dowej propagandy z TVP.Info suchej nitki.<\/p>\r\n<p><em>\u201eTu nie chodzi o argument nad jednostkami, tylko o to \u017ce masowa imigracja do Polski, (nad kt\u00f3r\u0105 suweren nie ma w tej chwili g\u0142osu), zmienia i zmieni Polsk\u0119, tak samo jak zmieni\u0142 Zach\u00f3d. Zreszt\u0105 czu\u0107 t\u0105 zmian\u0119 poprzez pojawienie si\u0119 \u201eidentity politics\u201d do dyskursu publicznego\u201d<\/em> &#8211; napisa\u0142 <strong>Stefan Tompson<\/strong>.<\/p>\r\n<p>Dalej jest tylko ostrzej. Komentatorzy zabili argumentami g\u0142upi\u0105 agitk\u0119 Pereiry.<\/p>\r\n<blockquote>\r\n<p><strong>@Wojtas1404<\/strong>: <em>\u201ePrzerabiali\u015bmy ju\u017c tak\u0105 propagand\u0119. Czekam na Twoje zdj\u0119cia z lotniska z transparentem \u201ePrzytul imigranta\u201d&#x1f926;&#x200d;&#x2642;&#xfe0f;\u201d<\/em><\/p>\r\n<p><strong>@MisMiodojad<\/strong>: <em>\u201eZ Kopaczow\u0105 na kaw\u0119 chodzi, czy jak?. Sam tego nie wymy\u015bli\u0142. Co\u015b tu zaczyna \u015bmierdzie\u0107.. Nowa m\u0105dro\u015b\u0107 etapu?\u201d<\/em><\/p>\r\n<p><strong>@Bob_Gedron<\/strong>: <em>\u201eJa rozumiem, \u017ce Pan Pereira w\u015br\u00f3d ludzi r\u00f3\u017cnej nacji czuje si\u0119 lepiej, bo sam si\u0119 nieco wyr\u00f3\u017cnia. Ale nie rozumiem, jak kto\u015b kto uko\u0144czy\u0142 UKSW, by\u0142 dziennikarzem podobno prawicowych portali tak promuje mulitkulti i rozwala praw\u0105 stron\u0119. Robi cz\u0142owiek wi\u0119cej z\u0142ego ni\u017c dobrego.\u201d<\/em><\/p>\r\n<p><strong>@NowyPolskiShow<\/strong>: <em>\u201eMam ma\u0142\u0105 rad\u0119 do Pana redaktora. Prosz\u0119 si\u0119 przej\u015b\u0107 przez wschodni Londyn wieczorem, ale przez Brixton. Szybko by ci \u201eobcy\u201d Pana wyleczyli z publikowania takich g\u0142upot i \u017cenady!\u201d<\/em><\/p>\r\n<p><strong>@NarodowyRzeszow<\/strong>: <em>\u201eProsz\u0119 bezczelnie tanimi zagrywkami nie \u201eociepla\u0107\u201d multi-kulti w Polsce. Dobrze Pan wie, \u017ce nie chodzi o jednostki, lecz milionow\u0105 mas\u0119 imigrant\u00f3w, kt\u00f3ra po dekadach generuje nieuchronne i negatywne skutki spo\u0142eczno-kulturowe i polityczne. Nie dla podmiany populacji w Polsce!\u201d<\/em><\/p>\r\n<p><strong>@TheRealVGrinko<\/strong>: <em>\u201eNie s\u0105dzi\u0142em, \u017ce Pereira jest A\u0179 TAK dyspozycyjny. Ciekawe, jakie to uczucie, nie mie\u0107 kr\u0119gos\u0142upa\u2026\u201d<\/em><\/p>\r\n<p><strong>@Anna7M7<\/strong>: <em>\u201ePan bardzo by pasowa\u0142 do Gazety Wyborczej\u2026. Swoj\u0105 drog\u0105 ciekawe \u017ce w kwestii migracji narracja TVP I GW cosik jakby podobna\u2026.\u201d<\/em><\/p>\r\n<p>@iniakto: <em>\u201eTo gdyby kto\u015b mia\u0142 jeszcze w\u0105tpliwo\u015bci jaki kurs przyjmie polityka imigracyjna #PiS Nast\u0119puje teraz oswajanie z rzeczywisto\u015bci\u0105 multi-kulti metod\u0105 ma\u0142ych krok\u00f3w\u2026 Ciekawi mnie co zrobi\u0105 z tymi milionami Ukrai\u0144c\u00f3w kiedy jebnie koniunktura\u2026\u201d<\/em><\/p>\r\n<p><strong>@Adam__Koziel<\/strong>: \u201ePanie #Pereira, to jest SKANDAL, \u017ce szef stacji \u201einformacyjnej\u201d ( w\u0119\u017cykiem, w\u0119\u017cykiem ) #TVPInfo, za nasze pieni\u0105dze, JEDNOSTRONNIE anga\u017cuje si\u0119 w temat IMIGRACJI, kt\u00f3ra w obecnej skali jest ZAGRO\u0179ENIEM dla KULTURY i BEZPIECZE\u0143STWA Polak\u00f3w &#x1f92c; NIE PASUJE -&gt; WYPAD\u201d<\/p>\r\n<\/blockquote>\r\n<p class=\"zrodlo\">Za: <a href=\"https:\/\/nczas.com\/2018\/09\/09\/samuel-pereira-z-tvp-info-wciska-lewacka-propagande-ws-imigrantow-internauci-zniszczyli-go-w-komentarzach\/\">Najwy\u017cszy Czas! (09\/09\/2018)<\/a><\/p>\r\n<h4>&nbsp;<\/h4>\r\n<hr style=\"background-color: #000000; border-width: 0; color: #000000; height: 2px; line-height: 0; text-align: center; width: 100%;\">\r\n<h4>&nbsp;<\/h4>\r\n<h2>Ilu naprawd\u0119 jest w Polsce przybysz\u00f3w z kraj\u00f3w muzu\u0142ma\u0144skich?<\/h2>\r\n<p><strong>Po wypowiedzi ministra spraw zagranicznych Jacka Czaputowicza dla francuskiej gazety \u201eLe Figaro\u201d o \u201e2 700 migrantach przys\u0142anych do Polski przez Europ\u0119 Zachodni\u0105\u201d, w naszym kraju zawrza\u0142o. Do tej pory klarowna sytuacja, stabilizowana zapewnieniami rz\u0105du o nieprzyjmowaniu narzucanych nam przez w\u0142adze UE grup tzw. uchod\u017ac\u00f3w z kraj\u00f3w muzu\u0142ma\u0144skich, sta\u0142a si\u0119 obecnie niejasna i &#8211; jak na razie &#8211; nikt z decydent\u00f3w nie ma zamiaru jej wyja\u015bni\u0107. <\/strong><\/p>\r\n<p>Dociekliwym pozostaj\u0105 ciekawe dane o cudzoziemcach w Polsce, na bie\u017c\u0105co publikowane przez oficjalne strony rz\u0105dowe. Znajdziemy tam, dla przyk\u0142adu, informacj\u0119 o 3 tysi\u0105cach imigrant\u00f3w &#8211; m.in. z Afganistanu, Algierii, Iraku &#8211; kt\u00f3rzy otrzymali w tym roku pozwolenie na pobyt nad Wis\u0142\u0105.<\/p>\r\n<p>Jako pierwszy wyja\u015bnienia s\u0142\u00f3w Jacka Czaputowicza za\u017c\u0105da\u0142, podczas wyst\u0105pienia w Sejmie, pose\u0142 Robert Winnicki. Jednak szef resortu spraw zagranicznych sam ju\u017c w tej sprawie milcza\u0142. Jego s\u0142owa pr\u00f3bowa\u0142o za to wyja\u015bni\u0107 w komunikacie samo ministerstwo. W o\u015bwiadczeniu tym t\u0142umaczono, \u017ce \u201e2 700 emigrant\u00f3w\u201d, o kt\u00f3rych powiedzia\u0142 \u201eLe Figaro\u201d minister, to nie s\u0105 przybysze narzuceni nam przez UE w skutek przymusowej relokacji, a migranci \u201edla kt\u00f3rych Polska by\u0142a pierwszym krajem wjazdu do UE\u201d. Czyli zapewne resortowi chodzi g\u0142\u00f3wnie o Czeczen\u00f3w, kt\u00f3rzy przedostali si\u0119 tu z Bia\u0142orusi i Ukrainy, zanim granica nie zosta\u0142a uszczelniona, i zostali w naszym kraju, w strefie Schengen, po raz pierwszy zarejestrowani jako imigranci spoza UE. Przy tym jednak wyja\u015bnieniu ministerstwo paradoksalnie zaciemni\u0142o spraw\u0119, podaj\u0105c liczb\u0119 3,7 tys. os\u00f3b (polsk\u0105 granic\u0119 mieli oni przekroczy\u0107 w latach 2015-2017), a nie 2,7 tys., przekazan\u0105 w wywiadzie przez Czaputowicza. Dalej wi\u0119c nie bardzo wiadomo, o co z tymi \u201euchod\u017acami\u201d chodzi.<\/p>\r\n<p>W kr\u0119gu \u015bcis\u0142ego zainteresowania opinii publicznej w Polsce s\u0105 przybysze, kt\u00f3rzy chc\u0105 si\u0119 u nas osiedli\u0107. Zainteresowanie to wi\u0105\u017ce si\u0119 z faktem, i\u017c osoby te pochodz\u0105 g\u0142\u00f3wnie z kraj\u00f3w muzu\u0142ma\u0144skich, kojarzonych z zamachami terrorystycznymi. Dlatego zagraniczny wywiad ministra spotka\u0142 si\u0119 z tak mocnym odbiorem spo\u0142ecznym.<\/p>\r\n<p><strong>Pomieszanie poj\u0119\u0107<\/strong><\/p>\r\n<p>Takie wypowiedzi mog\u0105 te\u017c wywo\u0142ywa\u0107 niejasno\u015bci i zam\u0119t z powodu wielo\u015bci r\u00f3\u017cnych termin\u00f3w, jakich si\u0119 u\u017cywa dla okre\u015blenia obcokrajowc\u00f3w przyje\u017cd\u017caj\u0105cych do naszego kraju. Do\u015b\u0107 cz\u0119sto, g\u0142\u00f3wnie w przekazach medialnych, ale i w s\u0142owach polityk\u00f3w, uchod\u017acy myleni s\u0105 z imigrantami. Z definicji uchod\u017aca to osoba, kt\u00f3ra na skutek uzasadnionej obawy przed prze\u015bladowaniem z powodu swojej rasy, religii, narodowo\u015bci, przekona\u0144 politycznych lub przynale\u017cno\u015bci do okre\u015blonej grupy spo\u0142ecznej, zmuszona by\u0142a opu\u015bci\u0107 kraj pochodzenia. Takiej osobie nadaje si\u0119 w Polsce specjalny status uchod\u017acy i ochron\u0119 socjaln\u0105 &#8211; zasi\u0142ki, mieszkanie itp. Za imigranta natomiast uwa\u017ca si\u0119 osob\u0119, kt\u00f3ra przybywa do innego kraju, aby si\u0119 tam osiedli\u0107, g\u0142\u00f3wnie z powod\u00f3w ekonomicznych.<\/p>\r\n<p>Najcz\u0119\u015bciej jednak, nawet w wypowiedziach polityk\u00f3w, terminem imigrant lub emigrant obejmuje si\u0119 wszystkich cudzoziemc\u00f3w, kt\u00f3rzy chc\u0105 si\u0119 w Polsce zamieszka\u0107 &#8211; czy to czasowo czy na sta\u0142e. Aby uzyska\u0107 orientacj\u0119, jak si\u0119 ma w naszym kraju sprawa z przybyszami, najlepiej przeanalizowa\u0107 oficjalne internetowe strony rz\u0105dowe, gdzie znale\u017a\u0107 mo\u017cna ciekawe informacje i liczby &#8211; tak archiwalne jak i bie\u017c\u0105ce.<\/p>\r\n<p>Z danych Urz\u0119du ds. Cudzoziemc\u00f3w wynika, i\u017c Polska z roku na rok przyjmuje do siebie coraz wi\u0119cej uchod\u017ac\u00f3w. W roku 2016 status taki otrzyma\u0142o 108 os\u00f3b &#8211; 40 obywateli Syrii, 16 cudzoziemc\u00f3w z Ukrainy, 10 Czeczen\u00f3w &#8211; obywateli Federacji Rosyjskiej, 20 os\u00f3b pochodz\u0105cych z Turkmenistanu i 6 z Tad\u017cykistanu. Natomiast ju\u017c w roku 2017 za uchod\u017ac\u00f3w uznano a\u017c 150 os\u00f3b (wzrost o 39 procent). 56 Ukrai\u0144c\u00f3w, 17 Syryjczyk\u00f3w, 14 Czeczen\u00f3w &#8211; obywateli Federacji Rosyjskiej i 13 Irakijczyk\u00f3w. Jak wida\u0107, sporo w\u015br\u00f3d nich jest muzu\u0142man\u00f3w, czyli przedstawicieli bardzo odleg\u0142ego kr\u0119gu cywilizacyjnego. Nierzadko rodzi to konflikty spo\u0142eczne.<\/p>\r\n<p><strong>Rok 2018 pod znakiem cudzoziemca<\/strong><\/p>\r\n<p>W bie\u017c\u0105cym 2018 roku (dane Urz\u0119du ds. Cudzoziemc\u00f3w) Polska przyj\u0119\u0142a ju\u017c 3 009 imigrant\u00f3w z Afganistanu, Algierii, Iraku, Tunezji, Libii czy Syrii. Wi\u0119kszo\u015b\u0107 z nich otrzyma\u0142a zezwolenie na pobyt czasowy. Prawo do pobytu sta\u0142ego, z tej liczby, dosta\u0142o 163 imigrant\u00f3w. Jest to wi\u0119c wi\u0119cej os\u00f3b ni\u017c w ca\u0142ym roku 2017 uznano za uchod\u017ac\u00f3w (150 os\u00f3b), cho\u0107 pochodz\u0105 one praktycznie z tych samych, \u201eniespokojnych\u201d kraj\u00f3w. Jakimi kryteriami si\u0119 wi\u0119c kierowano? W roku obecnym za uchod\u017ac\u00f3w uznano ju\u017c ponad 100 os\u00f3b.<\/p>\r\n<p>Stale ro\u015bnie liczba cudzoziemc\u00f3w ubiegaj\u0105cych si\u0119 o r\u00f3\u017cne formy pobytu w naszym kraju. Chodzi m.in. o pobyt sta\u0142y, czasowy czy pobyt rezydenta d\u0142ugoterminowego UE. Wed\u0142ug danych utworzonego rok temu, rz\u0105dowego portalu migracje.gov.pl, w roku 2018 takich wniosk\u00f3w w urz\u0119dach wojew\u00f3dzkich ca\u0142ego kraju z\u0142o\u017cono ju\u017c ponad 70 tysi\u0119cy! A zauwa\u017cmy, \u017ce nie ma jeszcze po\u0142owy roku. Najwi\u0119cej wniosk\u00f3w z\u0142o\u017cono w Mazowieckim Urz\u0119dzie Wojew\u00f3dzkim &#8211; ponad 22 tys. Jest to ogromny wzrost zainteresowania cudzoziemc\u00f3w pobytem w mazowieckiem, zw\u0142aszcza bior\u0105c pod uwag\u0119, \u017ce w ca\u0142ym roku 2014 takich wniosk\u00f3w by\u0142o zaledwie nieco ponad 4 tys.<\/p>\r\n<p>Natomiast w ca\u0142ym kraju od pocz\u0105tku stycznia wnioski o pobyt sta\u0142y z\u0142o\u017cy\u0142o ju\u017c ponad 6 tysi\u0119cy cudzoziemc\u00f3w. Do tej pory pozytywnie rozpatrzono 4&nbsp;800 pr\u00f3\u015bb. Z kolei o pobyt czasowy ubiega\u0142o si\u0119 a\u017c 69 tysi\u0105ce os\u00f3b. Pozytywn\u0105 decyzj\u0119 dosta\u0142o ju\u017c z tej liczby ponad 37 tysi\u0105ce os\u00f3b. Wi\u0119kszo\u015b\u0107 z os\u00f3b ubiegaj\u0105cych si\u0119 w urz\u0119dach o r\u00f3\u017cne formy pobytu w Polsce, jest w wieku od 20 do 39 lat. Po\u0142owa z nich to m\u0119\u017cczy\u017ani. W przeciwie\u0144stwie do lat ubieg\u0142ych, obecnie du\u017co wniosk\u00f3w o pobyt w Polsce sk\u0142adaj\u0105 kobiety.<\/p>\r\n<p>Zdecydowana wi\u0119kszo\u015b\u0107 chc\u0105cych uzyska\u0107 w roku 2018 pozwolenie na pobyt w Polsce to obywatele Ukrainy. Obecnie, wed\u0142ug danych rz\u0105dowego portalu migracje.gov.pl, jest to oko\u0142o 45 tysi\u0119cy os\u00f3b. Ro\u015bnie te\u017c liczba obywateli Bia\u0142orusi zainteresowanych pobytem w Polsce. Do pocz\u0105tku maja odnotowano oko\u0142o 4 tysi\u0105ce wniosk\u00f3w z\u0142o\u017conych przez nich o pobyt, przewa\u017cnie czasowy.<\/p>\r\n<p>Oficjalny, rz\u0105dowy portal migracje.gov.pl publikuj\u0105c liczb\u0119 ponad 15 tysi\u0119cy os\u00f3b ubiegaj\u0105cych si\u0119 pozwolenie na pobyt w Polsce w roku 2018, enigmatycznie narodowo\u015b\u0107 tych os\u00f3b okre\u015bla wsp\u00f3lnym mianownikiem \u201einne kraje\u201d. Jak uda\u0142o si\u0119 nam ustali\u0107, nie brakuje po\u015br\u00f3d nich obywateli kraj\u00f3w muzu\u0142ma\u0144skich, w kt\u00f3rych swoj\u0105 aktywn\u0105 dzia\u0142alno\u015b\u0107 prowadz\u0105 organizacje terrorystyczne, m.in. ISIS &#8211; chodzi o Pakistan (523 wniosk\u00f3w), Egipt (288 wniosk\u00f3w) Turkmenistan (34 wniosk\u00f3w), Afganistan ( 54 wnioski).<\/p>\r\n<p>Nie s\u0142abnie zainteresowanie pobytem w naszym kraju po\u015br\u00f3d obywateli Rosji, kt\u00f3rymi s\u0105 przewa\u017cnie Czeczeni. Od pocz\u0105tku roku do dzi\u015b 2,4 tys. takich os\u00f3b ubiega si\u0119 o prawo do zamieszkania w Polsce, cz\u0119sto ze statusem uchod\u017acy.<\/p>\r\n<p><strong>Co z t\u0105 asymilacj\u0105?<\/strong><\/p>\r\n<p>Uchod\u017acy przebywaj\u0105cy w Polsce zazwyczaj \u017cyj\u0105 w specjalnych o\u015brodkach. Najwi\u0119cej jest tam w\u0142a\u015bnie Czeczen\u00f3w. G\u0142\u00f3wne tego typu plac\u00f3wki znajduj\u0105 si\u0119 w wojew\u00f3dztwie podlaskim &#8211; w Bia\u0142ymstoku i Czerwonym Borze ko\u0142o \u0141om\u017cy. Cho\u0107 Czeczeni nie s\u0105 grup\u0105, kt\u00f3ra stwarza nam problemy wi\u0119ksze ni\u017c inni go\u015bcie, to jednak dochodzi do przest\u0119pczych zdarze\u0144 z ich udzia\u0142em. G\u0142o\u015bna by\u0142a sprawa pobicia stra\u017cnika i Wietnamczyk\u00f3w na terenie strze\u017conego o\u015brodka dla cudzoziemc\u00f3w przy ul. Bema w Bia\u0142ymstoku. Prokuratura i policja prowadzi\u0142y te\u017c \u015bledztwo w sprawie pobicia Polaka, na kt\u00f3rego w \u0141om\u017cy mia\u0142o napa\u015b\u0107 trzech Czeczen\u00f3w. W Bia\u0142ymstoku toczy\u0142 si\u0119 niedawno g\u0142o\u015bny proces ich rodak\u00f3w, oskar\u017conych m.in. o pomoc bojownikowi ISIS i zakup broni dla tej terrorystycznej organizacji.<\/p>\r\n<p>W miastach, w kt\u00f3rych s\u0105 ulokowane o\u015brodki dla uchod\u017ac\u00f3w, z regu\u0142y rodzi si\u0119 protest spo\u0142eczny, zwi\u0105zany ze sposobem zachowania mieszkaj\u0105cych w o\u015brodkach cudzoziemc\u00f3w. Tak jest m.in. w G\u00f3rze Kalwarii. Natomiast obecnie cz\u0142onkowie jednej ze spo\u0142ecznych organizacji przygotowuj\u0105 wniosek do Urz\u0119du ds. Cudzoziemc\u00f3w oraz MSW o przeniesienie bia\u0142ostockiego o\u015brodka dla uchod\u017ac\u00f3w do Warszawy. &#8211; <em>W \u017caden spos\u00f3b uchod\u017acy nie asymiluj\u0105 si\u0119. Poruszaj\u0105 si\u0119 w zwartych grupach, cz\u0119sto w wieczornych godzinach, s\u0105 uzbrojeni, o czym si\u0119 nie m\u00f3wi, ale kto wie, ten wie. Mieszka\u0144cy boj\u0105 si\u0119 jednak porusza\u0107 temat zwi\u0105zany z tym o\u015brodkiem w obawie o swoje zdrowie i \u017cycie<\/em> &#8211; m\u00f3wi Marcin Sawicki ze Stowarzyszenia \u201eKocham Bia\u0142ystok\u201d.<\/p>\r\n<p><strong>Korytarze humanitarne jak szklane domy<\/strong><\/p>\r\n<p>W roku 2017 \u00f3wczesny dyrektor Caritas Polska, ks. Marian Subocz wyszed\u0142 z propozycj\u0105 utworzenia tzw. korytarzy humanitarnych. Mia\u0142yby one polega\u0107 na przyjmowaniu w Polsce na specjalistyczne leczenie ma\u0142ych, wyselekcjonowanych grup ofiar konflikt\u00f3w zbrojnych. Pomys\u0142 ten popar\u0142 polski Episkopat. Ks. kardyna\u0142 Kazimierz Nycz, metropolita warszawski rozpocz\u0105\u0142 nawet na terenie swojej archidiecezji przygotowania do przyjmowania uchod\u017ac\u00f3w, kt\u00f3rzy mieli do Polski przybywa\u0107 korytarzami humanitarnymi. Nie dosz\u0142o jednak, jak do tej pory, do ich powstania, gdy\u017c negatywnie odni\u00f3s\u0142 si\u0119 do tego pomys\u0142u rz\u0105d, stoj\u0105cy na stanowisku \u017ce pomocy &#8211; r\u00f3wnie\u017c medycznej &#8211; trzeba udziela\u0107 ofiarom konflikt\u00f3w na miejscu, w ich rodzimych krajach.<\/p>\r\n<p>Rz\u0105d do tej pory oficjalnie nie tworzy \u017cadnych korytarzy humanitarnych. Minister spraw zagranicznych Jacek Czaputowicz kilkukrotnie zapytywany przez media w tej sprawie, odpowiada \u017ce tymi kwestiami zajmuje si\u0119 Beata Kempa, koordynator pomocy humanitarnej ds. uchod\u017ac\u00f3w. Ona za\u015b, zabieraj\u0105c ostatnio g\u0142os w sprawie korytarzy humanitarnych powiedzia\u0142a, \u017ce ten termin rozumie jako pomoc, jak\u0105 Polska udziela ofiarom wojen i konflikt\u00f3w ju\u017c od d\u0142u\u017cszego czasu. &#8211; <em>Bo jak nazwa\u0107 to co robi\u0105 nasze organizacje pozarz\u0105dowe? To jest szeroko p\u0142yn\u0105ca korytarzem humanitarnym pomoc, ze wsparciem naszego rz\u0105du<\/em> &#8211; powiedzia\u0142a Beata Kempa podczas podsumowania dzia\u0142alno\u015bci organizacji \u201ePomoc Ko\u015bcio\u0142owi w Potrzebie\u201d.<\/p>\r\n<p>Sprawa nap\u0142ywu uchod\u017ac\u00f3w do naszego kraju, jeszcze niedawno g\u0142o\u015bna, obecnie nie jest tematem z pierwszych stron gazet. R\u00f3wnie\u017c przedstawiciele rz\u0105du z w\u0142asnej inicjatywy raczej nie wypowiadaj\u0105 si\u0119 na ten temat. Nie zmusza ich r\u00f3wnie\u017c do udzielania takich wypowiedzi obecna sytuacja, w kt\u00f3rej kolejne kraje UE wobec uchod\u017ac\u00f3w i imigrant\u00f3w przyjmuj\u0105 to\u017csame z Polsk\u0105 stanowisko, i\u017c poszkodowanym trzeba pomaga\u0107 w ich rodzinnych krajach, a nie umo\u017cliwia\u0107 uchod\u017acom osiedlania si\u0119 na sta\u0142e w Europie &#8211; co nikomu nie wychodzi na zdrowie.<\/p>\r\n<p><strong><em>Adam Bia\u0142ous<\/em><\/strong><\/p>\r\n<p><strong>Zobacz tak\u017ce:<\/strong><\/p>\r\n<ul>\r\n\t<li><a href=\"https:\/\/www.ksiegarnia.poloniachristiana.pl\/produkt,polonia-christiana-nr-18,106.html\">Polonia Christiana 18. Wojny demograficzne<\/a><\/li>\r\n<\/ul>\r\n<p class=\"zrodlo\">Za: <a href=\"https:\/\/www.pch24.pl\/ilu-naprawde-jest-w-polsce-przybyszow-z-krajow-muzulmanskich-,60242,i.html\">PoloniaChristiana &#8211; pch24.pl (2018-05-14)<\/a><\/p>\r\n<h4>&nbsp;<\/h4>\r\n<hr style=\"background-color: #000000; border-width: 0; color: #000000; height: 2px; line-height: 0; text-align: center; width: 100%;\">\r\n<h4>&nbsp;<\/h4>\r\n<h2>To ju\u017c si\u0119 dzieje! Czecze\u0144scy imigranci bij\u0105 Polak\u00f3w w Bia\u0142ymstoku, a urz\u0105d ich kryje!<\/h2>\r\n<p><strong>Krzysztof Bosak poinformowa\u0142 trzy dni temu na Twitterze o ataku czecze\u0144skich imigrant\u00f3w na polskie dzieci w Bia\u0142ymstoku. Przez ten czas okaza\u0142o si\u0119, \u017ce problem jest o wiele g\u0142\u0119bszy &#8211; Urz\u0105d ds. Cudzoziemc\u00f3w zdaje si\u0119 sta\u0107 po stronie sprawc\u00f3w napadu!<\/strong><\/p>\r\n<p>&#8211; <em>Nieletni uchod\u017acy czecze\u0144scy z O\u015brodka dla Cudzoziemc\u00f3w w Bia\u0142ymstoku zaatakowali z no\u017cem dzi\u015b po po\u0142udniu polskie dzieci przy Al. 1000-lecia Pa\u0144stwa Polskiego. Nikt nie ucierpia\u0142. Trwa interwencja policji<\/em> &#8211; napisa\u0142 Krzysztof Bosak.<\/p>\r\n<p>Sprawa okaza\u0142a si\u0119 by\u0107 o wiele grubsza. Urz\u0105d ds. Cudzoziemc\u00f3w na oficjalnym profilu na Twitterze zarzuci\u0142 wiceszefowi Ruchu Narodowego k\u0142amstwo. &#8211; <em>Poni\u017csze informacje s\u0105 nieprawdziwe. Dzieci mieszkaj\u0105ce w o\u015brodku nie zaatakowa\u0142y nikogo no\u017cem. Potwierdza to miejski monitoring oraz informacje policji. Dosz\u0142o do sprzeczki s\u0142ownej mi\u0119dzy 9, 10, 11 i 12-latkami z o\u015brodka i ich r\u00f3wie\u015bnikami ze szko\u0142y<\/em> &#8211; czytamy w stanowisku urz\u0119du udost\u0119pnionym wraz z wpisem Krzysztofa Bosaka.<\/p>\r\n<p><blockquote class=\"twitter-tweet\" data-width=\"550\" data-dnt=\"true\"><p lang=\"pl\" dir=\"ltr\">Poni\u017csze informacje s\u0105 nieprawdziwe. Dzieci mieszkaj\u0105ce w o\u015brodku nie zaatakowa\u0142y nikogo no\u017cem. Potwierdza to miejski monitoring oraz informacje policji.<br>Dosz\u0142o do sprzeczki s\u0142ownej mi\u0119dzy 9, 10, 11 i 12-latkami z o\u015brodka i ich r\u00f3wie\u015bnikami ze szko\u0142y. <a href=\"https:\/\/t.co\/E7DnWLSEEm\">https:\/\/t.co\/E7DnWLSEEm<\/a><\/p>&mdash; Urz\u0105d do Spraw Cudzoziemc\u00f3w (@UdSC_gov_pl) <a href=\"https:\/\/twitter.com\/UdSC_gov_pl\/status\/1036973998343639041?ref_src=twsrc%5Etfw\">September 4, 2018<\/a><\/blockquote><script async src=\"https:\/\/platform.twitter.com\/widgets.js\" charset=\"utf-8\"><\/script><\/p>\r\n<p>Polityk jednak udowodni\u0142, \u017ce mia\u0142 racj\u0119. Wezwa\u0142 te\u017c Urz\u0105d ds. cudzoziemc\u00f3w do \u201eskasowania poni\u017cszego wpisu upowszechniaj\u0105cego nieprawdziwe informacje i bezzasadnie podwa\u017caj\u0105cego wiarygodno\u015b\u0107 moich doniesie\u0144\u201d.<\/p>\r\n<p>https:\/\/twitter.com\/krzysztofbosak\/status\/1037369468228456454<\/p>\r\n<p>Interwencja policji i ustalenie przebiegu zaj\u015bcia wskazuje, \u017ce rzeczywi\u015bcie dosz\u0142o do ataku z u\u017cyciem no\u017ca. &#8211; <em>4 ma\u0142ych Czeczen\u00f3w zaatakowa\u0142o spokojnie stoj\u0105cych Kub\u0119 i Mateusza. W sumie 12 cios\u00f3w i kopni\u0119\u0107. Ci nie oddawali. W ich obronie stan\u0119\u0142a 10-letnia Wiktoria. Jeden z Czeczen\u00f3w zacz\u0105\u0142 j\u0105 goni\u0107. Drugi go pr\u00f3bowa\u0142 przytrzyma\u0107. Wiktoria widzia\u0142a \u017ce wyj\u0105\u0142 n\u00f3\u017c<\/em> &#8211; napisa\u0142 narodowiec.<\/p>\r\n<p>Zeznania \u015bwiadk\u00f3w r\u00f3wnie\u017c s\u0105 jednoznaczne. &#8211; <em>Ch\u0142opcy stali pod sklepem i nagle z wewn\u0105trz wysz\u0142a grupa czterech ch\u0142opc\u00f3w z o\u015brodka dla uchod\u017ac\u00f3w, kt\u00f3rzy bez \u017cadnej konfrontacji pobili ich. Na miejscu by\u0142a te\u017c dziewczynka, kt\u00f3ra pr\u00f3bowa\u0142a ich powstrzyma\u0107. Dzieci opowiadaj\u0105, \u017ce ci, kt\u00f3rzy ich zaatakowali, zacz\u0119li ucieka\u0107, ale jeden ch\u0142opak, kt\u00f3ry by\u0142 najbardziej agresywny wyj\u0105\u0142 n\u00f3\u017c i zacz\u0105\u0142 goni\u0107 dziewczynk\u0119. Ta uciek\u0142a do sklep\u00f3w<\/em> &#8211; opowiada w rozmowie z Polskim Radiem Bia\u0142ystok matka jednego z pokrzywdzonych dzieci.<\/p>\r\n<p>&#8211; <em>Wyszed\u0142em z lokalu i zobaczy\u0142em jak w moj\u0105 stron\u0119 biegnie dziewczynka. By\u0142a przera\u017cona, bardzo wystraszona, roztrz\u0119siona. Powiedzia\u0142a, \u017ce goni\u0142 j\u0105 ch\u0142opak narodowo\u015bci czecze\u0144skiej z no\u017cem w r\u0119ku. Wyszed\u0142em na zewn\u0105trz, ale zobaczy\u0142em tylko dw\u00f3ch ch\u0142opak\u00f3w, kt\u00f3rzy odje\u017cd\u017cali na rowerach<\/em> &#8211; m\u00f3wi Radiu inny \u015bwiadek.&nbsp;<\/p>\r\n<p>Nast\u0119pnego dnia po napadzie na dzieci dosz\u0142o do kradzie\u017cy w Biedronce, kt\u00f3rej dokona\u0142a r\u00f3wnie\u017c Czeczenka. Od jej m\u0119\u017ca posypa\u0142y si\u0119 gro\u017aby\u2026 gwa\u0142t\u00f3w na Polkach!<\/p>\r\n<p>https:\/\/twitter.com\/krzysztofbosak\/status\/1037355309025636352<\/p>\r\n<p>Sprawa jest w toku. Jak poinformowa\u0142 Bosak, pe\u0142nomocnik wojew\u00f3dzki RN mec. Wojciech W\u00f3jcicki uczestniczy\u0142 w rozmowie z matk\u0105 zaatakowanej dziewczynki i uzgodniono, \u017ce \u201eb\u0119dzie reprezentowa\u0142 j\u0105 prawnie\u201d. &#8211;<em> Rodzice i mieszka\u0144cy blok\u00f3w przy Al. 1000-lecia Pa\u0144stwa Polskiego 10 s\u0105 oburzeni manipulacjami @UdSC_gov_pl<\/em> &#8211; podsumowa\u0142 polityk.<\/p>\r\n<p>https:\/\/twitter.com\/krzysztofbosak\/status\/1037436773062852613<\/p>\r\n<p>Witold Tumanowicz stwierdza za\u015b, \u017ce \u201ezmowa milczenia dotycz\u0105ca bandyckiego zachowania Czeczen\u00f3w jest podyktowana tym by nie zburzy\u0107 mitu o istnieniu <span class=\"ILfuVd yZ8quc\">\u00bb<\/span>dobrej imigracji<span class=\"ILfuVd yZ8quc\">\u00ab\u201d.<\/span><\/p>\r\n<p><blockquote class=\"twitter-tweet\" data-width=\"550\" data-dnt=\"true\"><p lang=\"pl\" dir=\"ltr\">Zmowa milczenia dotycz\u0105ca bandyckiego zachowania Czeczen\u00f3w jest podyktowana tym by nie zburzy\u0107 mitu o istnieniu \u201edobrej imigracji\u201d. Ka\u017cda masowa migracja ludno\u015bci, niezale\u017cnie z jakich kr\u0119g\u00f3w kulturowych, doprowadza do konflikt\u00f3w i problem\u00f3w miejscowych. <a href=\"https:\/\/twitter.com\/hashtag\/StopImigracji?src=hash&amp;ref_src=twsrc%5Etfw\">#StopImigracji<\/a><\/p>&mdash; Witold Tumanowicz (@WTumanowicz) <a href=\"https:\/\/twitter.com\/WTumanowicz\/status\/1037675203797676034?ref_src=twsrc%5Etfw\">September 6, 2018<\/a><\/blockquote><script async src=\"https:\/\/platform.twitter.com\/widgets.js\" charset=\"utf-8\"><\/script><\/p>\r\n<p><em>\u0179r\u00f3d\u0142a: twitter.com\/radio.bialystok.pl<\/em><\/p>\r\n<p class=\"zrodlo\">Za: <a href=\"https:\/\/nczas.com\/2018\/09\/06\/to-juz-sie-dzieje-czeczenscy-imigranci-bija-polakow-w-bialymstoku-a-urzad-ich-kryje\/\">Najwy\u017cszy Czas! (06\/09\/2018)<\/a><\/p>\r\n<h4>&nbsp;<\/h4>\r\n<hr style=\"background-color: #000000; border-width: 0; color: #000000; height: 2px; line-height: 0; text-align: center; width: 100%;\">\r\n<h4>&nbsp;<\/h4>\r\n<h2>Muzu\u0142manki z powod\u00f3w religijnych nie chcia\u0142y z\u0142o\u017cy\u0107 wyja\u015bnie\u0144 policji<\/h2>\r\n<div class=\"entry-content clearfix\">\r\n<p>Dwie muzu\u0142ma\u0144skie dziewczynki z powod\u00f3w religijnych nie chcia\u0142y z\u0142o\u017cy\u0107 wyja\u015bnie\u0144 funkcjonariuszom policji ws. wypadku.<\/p>\r\n<p>Niedawno&nbsp;w Pruszkowie (Warszawa) kierowca potr\u0105ci\u0142 dw\u00f3jk\u0119 dzieci. Jak si\u0119 p\u00f3\u017aniej okaza\u0142o, poszkodowane zosta\u0142y dwie dziewczynki, muzu\u0142manki. Wezwani na miejsce funkcjonariusze policji rozpocz\u0119li rutynowe czynno\u015bci polegaj\u0105ce na przes\u0142uchaniu uczestnik\u00f3w wypadku. I tu napotkali na problemy.<\/p>\r\n<p>Jak si\u0119 okaza\u0142o, dziewczynki jednak nie zamierza\u0142y rozmawia\u0107 z funkcjonariuszami policji, gdy\u017c ich nie znaj\u0105, a religia zakazuje im rozm\u00f3w z obcymi. W takiej sytuacji policja nie mog\u0142a przeprowadzi\u0107 rutynowych czynno\u015bci.<\/p>\r\n<p>W zwi\u0105zku z zaistnieniem powy\u017cszej sytuacji, w internecie rozpocz\u0119\u0142a si\u0119 \u017cywa dyskusja na temat obowi\u0105zku przestrzegania prawa polskiego, przez osoby r\u00f3\u017cnych wyzna\u0144.<\/p>\r\n<p>Natomiast na portalu wpr24.pl, kt\u00f3ry jako pierwszy opublikowa\u0142 informacje na temat zaistnia\u0142ego incydentu, pewien m\u0119\u017cczyzna zacz\u0105\u0142 krytykowa\u0107 postaw\u0119 policji. Zarzuci\u0142 im, \u017ce nie powinni niczego \u017c\u0105da\u0107 od dziewczynek,<strong> gdy\u017c religia zabrania im z policj\u0105 rozmawia\u0107.&nbsp;<\/strong><\/p>\r\n<p>Poda\u0142 te\u017c zdementowane p\u00f3\u017aniej informacje, jakoby policjanci bezwzgl\u0119dnie za\u017c\u0105dali od dziewczynek natychmiastowych wyja\u015bnie\u0144 ws. wypadku.<\/p>\r\n<p>Do ca\u0142ej sytuacji odnios\u0142a si\u0119&nbsp;rzeczniczka prasowa Komendy Powiatowej Policji w Pruszkowie.<\/p>\r\n<blockquote>\r\n<p>Najstarsza siostra, opiekunka dzieci, nie chcia\u0142a rozmawia\u0107 z funkcjonariuszami. Osoba postronna, u kt\u00f3rej zamieszkuje rodzina, poinformowa\u0142a policjant\u00f3w, \u017ce kobieta nie mo\u017ce z nimi rozmawia\u0107 ze wzgl\u0119du na swoje wyznanie. Na miejsce zosta\u0142a wi\u0119c wezwana funkcjonariuszka policji. Chwil\u0119 przed jej przybyciem na miejscu wypadku pojawi\u0142 si\u0119 ojciec dzieci. Ka\u017cdy policjant ma obowi\u0105zek szanowa\u0107 narodowo\u015b\u0107, wyznanie i pogl\u0105dy polityczne drugiego cz\u0142owieka. Przechodzimy w tym celu odpowiednie szkolenia. Z ust policjant\u00f3w interweniuj\u0105cych przy ul. Sienkiewicza nie pad\u0142y s\u0142owa, o kt\u00f3rych wspominaj\u0105 pa\u0144stwa czytelnicy. &#8211; Karolina Ka\u0144ka<\/p>\r\n<\/blockquote>\r\n<p>\u017ar\u00f3d\u0142o: medianarodowe.com, wpr24.pl<\/p>\r\n<p class=\"zrodlo\">Za: <a href=\"http:\/\/narodowcy.net\/muzulmanki-z-powodow-religijnych-nie-chcialy-zlozyc-wyjasnien-policji\/\">narodowcy.net (8 wrze\u015bnia 2018)<\/a><\/p>\r\n<h4>&nbsp;<\/h4>\r\n<hr style=\"background-color: #000000; border-width: 0; color: #000000; height: 2px; line-height: 0; text-align: center; width: 100%;\">\r\n<h4>&nbsp;<\/h4>\r\n<h2>Przyjmowanie imigrant\u00f3w i pozwolenie na promocj\u0119 LGBT w Polsce staje si\u0119 smutn\u0105 rzeczywisto\u015bci\u0105<\/h2>\r\n<p align=\"center\"><strong><em>Oto prawdziwy pow\u00f3d dla kt\u00f3rego PiS b\u0119dzie przyjmowa\u0107 imigrant\u00f3w i pozwala\u0107 na promocj\u0119 LGBT<\/em><\/strong><\/p>\r\n<p>W ostatnim okresie cz\u0119\u015b\u0107 elektoratu PiS i os\u00f3b umiarkowanie sympatyzuj\u0105cych, zacz\u0119\u0142a prze\u017cywa\u0107 dysonans poznawczy, zauwa\u017cywszy sprzeczno\u015b\u0107 pomi\u0119dzy deklaracjami a codzienn\u0105 polityczn\u0105 praktyk\u0105 partii \u201drz\u0105dz\u0105cej\u201d.<\/p>\r\n<p><strong>Chodzi o przyjmowanie do Polski coraz to wi\u0119kszej liczby migrant\u00f3w muzu\u0142ma\u0144skich, a tak\u017ce o zgod\u0119 na agresywn\u0105 promocj\u0119 marksizmu antykulturowego w formie propagandy LGBT.<\/strong><\/p>\r\n<p>Do najpowa\u017cniejszych kwestii nale\u017cy tak\u017ce, pomimo mo\u017cliwo\u015bci legislacyjnych,&nbsp;<strong>wstrzymywanie prac nad projektem &#8222;wstrzymaj aborcj\u0119\u201d, umo\u017cliwiaj\u0105cym ochron\u0119 dzieci z zespo\u0142em Downa.<\/strong><\/p>\r\n<figure id=\"attachment_66913\" class=\"wp-caption aligncenter\" style=\"width: 598px;\"><img decoding=\"async\" class=\"wp-image-66913 \" src=\"http:\/\/46bah7dkfu-flywheel.netdna-ssl.com\/wp-content\/uploads\/2018\/09\/Mapa_migranto\u00cc\u0081w-muzu\u0142anskich-1.jpg\" sizes=\"(max-width: 511px) 100vw, 511px\" srcset=\"http:\/\/46bah7dkfu-flywheel.netdna-ssl.com\/wp-content\/uploads\/2018\/09\/Mapa_migranto\u00cc\u0081w-muzu\u0142anskich-1.jpg 511w, http:\/\/46bah7dkfu-flywheel.netdna-ssl.com\/wp-content\/uploads\/2018\/09\/Mapa_migranto\u00cc\u0081w-muzu\u0142anskich-1-300x213.jpg 300w, http:\/\/46bah7dkfu-flywheel.netdna-ssl.com\/wp-content\/uploads\/2018\/09\/Mapa_migranto\u00cc\u0081w-muzu\u0142anskich-1-200x142.jpg 200w\" alt=\"\" width=\"598\" height=\"425\">\r\n<figcaption class=\"wp-caption-text\"><em>Oficjalna liczba (9287) migrant\u00f3w z kraj\u00f3w Afryki, Bliskiego Wschodu, Azji, Rosji (Czeczenia), w wi\u0119kszo\u015bci muzu\u0142man\u00f3w, posiadaj\u0105cych prawo do legalnego pobytu na terenie Polski. Stan na 26 sierpnia 2018 roku.<\/em><\/figcaption>\r\n<\/figure>\r\n<p class=\"western\">==================<\/p>\r\n<h3 class=\"western\">Dlaczego tak si\u0119 dzieje?<\/h3>\r\n<p>Ma to jednoznaczny zwi\u0105zek z przyj\u0119t\u0105 do realizacji przez PiS (prezydent i rz\u0105d) polityk\u0105 podporz\u0105dkowania Polski dyrektywom, kt\u00f3re zosta\u0142y sformu\u0142owane przez ONZ w formie wytycznych swoistego&nbsp;<strong>manifestu komunistycznego&nbsp;<\/strong>zatytu\u0142owanego:<\/p>\r\n<p align=\"center\"><strong>&nbsp;&#8222;Przekszta\u0142canie naszego \u015bwiata:<\/strong><\/p>\r\n<p align=\"center\"><strong>Agenda na Rzecz Zr\u00f3wnowa\u017conego Rozwoju &#8211; 2030\u201d.<\/strong><\/p>\r\n<p><strong>Dyrektywy Agendy 2030 zosta\u0142y powieszone na stronie rz\u0105dowej, a premier Morawiecki podczas swojego urz\u0119dowania zd\u0105\u017cy\u0142 ju\u017c wypowiedzie\u0107 kilkaset razy zbitk\u0119 s\u0142own\u0105 &#8222;zr\u00f3wnowa\u017cony rozw\u00f3j\u201d.<\/strong><\/p>\r\n<p>Fakt implementowania do polityki spo\u0142ecznej, gospodarczej, imigracyjnej wytycznych Agendy 2030, t\u0142umaczy niech\u0119\u0107 PiS do uniewa\u017cnienia konwencji genderowej (stambulskiej), przyj\u0119tej przed wyborami przez PO.&nbsp;<strong>Konwencja ta zaleca zmian\u0119 stereotyp\u00f3w dotycz\u0105cych tradycyjnej roli m\u0119\u017cczyzn i kobiet.<\/strong><\/p>\r\n<p>&#8222;Prezes Instytutu Ordo Iuris prof. Aleksander St\u0119pkowski przyzna\u0142, \u017ce \u201e<strong>Konwencja Stambulska jest najbardziej zaawansowanym instrumentem prawnym, kt\u00f3ry ma wprowadza\u0107 ideologi\u0119 gender w krajach nale\u017c\u0105cych do Rady Europy\u201d.<\/strong>&nbsp; Wskaza\u0142, \u017ce art. 6 konwencji zobowi\u0105zuje do kierowania si\u0119 przez administracj\u0119 publiczn\u0105 perspektyw\u0105 gender\u201d. \/&nbsp;PCh24.pl\/.<\/p>\r\n<p><img decoding=\"async\" class=\" wp-image-66914 aligncenter\" src=\"http:\/\/46bah7dkfu-flywheel.netdna-ssl.com\/wp-content\/uploads\/2018\/09\/Agenda-2030-na-stronie-min.png\" sizes=\"(max-width: 1029px) 100vw, 1029px\" srcset=\"http:\/\/46bah7dkfu-flywheel.netdna-ssl.com\/wp-content\/uploads\/2018\/09\/Agenda-2030-na-stronie-min.png 1029w, http:\/\/46bah7dkfu-flywheel.netdna-ssl.com\/wp-content\/uploads\/2018\/09\/Agenda-2030-na-stronie-min-300x131.png 300w, http:\/\/46bah7dkfu-flywheel.netdna-ssl.com\/wp-content\/uploads\/2018\/09\/Agenda-2030-na-stronie-min-768x335.png 768w, http:\/\/46bah7dkfu-flywheel.netdna-ssl.com\/wp-content\/uploads\/2018\/09\/Agenda-2030-na-stronie-min-1024x447.png 1024w, http:\/\/46bah7dkfu-flywheel.netdna-ssl.com\/wp-content\/uploads\/2018\/09\/Agenda-2030-na-stronie-min-200x87.png 200w\" alt=\"\" width=\"596\" height=\"260\"><\/p>\r\n<h2>&nbsp;<\/h2>\r\n<p>*<\/p>\r\n<h4 class=\"western\">Kr\u00f3tka historia bezece\u0144stwa opakowanego w humanizm i prawa cz\u0142owieka &#8211; &#8222;przekszta\u0142canie naszego \u015bwiata\u201d<\/h4>\r\n<p>&#8222;W dniach 25-27 wrze\u015bnia 2015 r. w siedzibie g\u0142\u00f3wnej ONZ w Nowym Jorku odby\u0142 si\u0119 szczyt Agendy Zr\u00f3wnowa\u017conego Rozwoju 2030, w kt\u00f3rym udzia\u0142 wzi\u0119\u0142o ponad 100 g\u0142\u00f3w pa\u0144stw i szef\u00f3w rz\u0105d\u00f3w, a tak\u017ce przedstawiciele grup religijnych, biznesu i spo\u0142ecze\u0144stwa obywatelskiego. Polsk\u0119 reprezentowa\u0142 prezydent Andrzej Duda. W trakcie szczytu \u015bwiatowi przyw\u00f3dcy przyj\u0119li dokument &#8222;Przekszta\u0142canie naszego \u015bwiata:&nbsp;<em>Agenda na Rzecz Zr\u00f3wnowa\u017conego Rozwoju &#8211; 2030<\/em>\u201d.<\/p>\r\n<p><img loading=\"lazy\" decoding=\"async\" class=\"aligncenter  wp-image-66915\" src=\"http:\/\/46bah7dkfu-flywheel.netdna-ssl.com\/wp-content\/uploads\/2018\/09\/Agenda-2030-okladka.jpg\" sizes=\"(max-width: 666px) 100vw, 666px\" srcset=\"http:\/\/46bah7dkfu-flywheel.netdna-ssl.com\/wp-content\/uploads\/2018\/09\/Agenda-2030-okladka.jpg 666w, http:\/\/46bah7dkfu-flywheel.netdna-ssl.com\/wp-content\/uploads\/2018\/09\/Agenda-2030-okladka-231x300.jpg 231w, http:\/\/46bah7dkfu-flywheel.netdna-ssl.com\/wp-content\/uploads\/2018\/09\/Agenda-2030-okladka-154x200.jpg 154w\" alt=\"\" width=\"595\" height=\"773\"><\/p>\r\n<p><strong>Agenda 2030<\/strong>&nbsp;zosta\u0142a nazwana ju\u017c przez niekt\u00f3rych \u201eNowym Porz\u0105dkiem \u015awiata\u201d (NWO). W dokumencie zawarto 17 Cel\u00f3w \u201eZr\u00f3wnowa\u017conego Rozwoju\u201d wraz z 169 powi\u0105zanymi z nimi zadaniami, kt\u00f3re s\u0105 \u201ewsp\u00f3\u0142zale\u017cne i niepodzielne\u201d. Chodzi o promocj\u0119&nbsp;<em>polityki r\u00f3wno\u015bciowej<\/em>&nbsp;realizuj\u0105cej cele feministyczne, zapewnienie poszanowania \u201epraw reprodukcyjnych\u201d (prawo do aborcji wed\u0142ug uznania), &nbsp;stworzenie spo\u0142ecze\u0144stwa &nbsp;\u201e inkluzywnego\u201d &#8211; otwartego na imigracj\u0119 i zwi\u0105zan\u0105 z ni\u0105 multikulturowo\u015b\u0107. Wed\u0142ug s\u0142\u00f3w sekretarza ONZ, Ban Ki-Moona, Agenda wraz z porozumieniem osi\u0105gni\u0119tym w Addis Abebie ma by\u0107 pocz\u0105tkiem \u201enowej ery\u201d \/&nbsp;PCh24.pl\/.<\/p>\r\n<p align=\"center\">Cytat:<\/p>\r\n<blockquote>\r\n<p><strong>B\u0119dziemy wsp\u00f3\u0142pracowa\u0107 na arenie mi\u0119dzynarodowej na rzecz zapewnienia bezpiecznych, uporz\u0105dkowanych i regularnych migracji, odbywaj\u0105cych si\u0119 z pe\u0142nym poszanowaniem praw cz\u0142owieka i z zapewnieniem humanitarnego traktowania migrant\u00f3w, niezale\u017cnie od ich statusu imigracyjnego, z uwzgl\u0119dnieniem uchod\u017ac\u00f3w i os\u00f3b wysiedlonych.<\/strong><\/p>\r\n<\/blockquote>\r\n<p><strong>Co to znaczy \u201eniezale\u017cnie od ich statusu imigracyjnego\u201d?<\/strong><\/p>\r\n<p>Chodzi o tzw. nielegalnych imigrant\u00f3w, kt\u00f3rzy na si\u0142\u0119 przekraczaj\u0105 granic\u0119 pa\u0144stwowe. Dyrektywa imigracyjna jest zbie\u017cna z&nbsp;<strong>Deklaracj\u0105 z Marrakeszu, zalecaj\u0105c\u0105 walk\u0119 z ksenofobi\u0105 i otwarcie si\u0119 na imigracj\u0119,&nbsp;<\/strong><strong>zaakceptowan\u0105&nbsp; przez Morawieckiego&nbsp;<\/strong>(odrzucon\u0105 przez W\u0119gry).<\/p>\r\n<p align=\"center\">Cytat:<\/p>\r\n<blockquote>\r\n<p><strong>Zapewni\u0107 powszechny dost\u0119p do ochrony zdrowia seksualnego i prokreacyjnego oraz korzystanie z praw prokreacyjnych, zgodnie z Programem dzia\u0142a\u0144 mi\u0119dzynarodowej konferencji na rzecz ludno\u015bci i rozwoju<\/strong><\/p>\r\n<\/blockquote>\r\n<p align=\"center\"><a href=\"https:\/\/www.youtube.com\/watch?v=4wrAdFYoDy8\" target=\"_blank\" rel=\"noopener\"><span style=\"text-decoration: underline;\">Zr\u00f3wnowa\u017cony rozw\u00f3j &#8211; uniwersalna religia poga\u0144ska\u201d &#8211; Dr Aldona Ciborowska<\/span><\/a><\/p>\r\n<p align=\"center\"><strong>ponad dwie i p\u00f3\u0142 godziny<\/strong><\/p>\r\n<p><iframe src=\"https:\/\/www.youtube.com\/embed\/4wrAdFYoDy8\" allowfullscreen=\"allowfullscreen\" width=\"640\" height=\"360\" frameborder=\"0\"><\/iframe><br>\r\n*<br>\r\n<iframe src=\"https:\/\/www.youtube.com\/embed\/hBmKBmQu_kw\" allowfullscreen=\"allowfullscreen\" width=\"640\" height=\"360\" frameborder=\"0\"><\/iframe><\/p>\r\n<p align=\"center\">=================================<\/p>\r\n<p><em>mail z Berlina:<br>\r\n<\/em><\/p>\r\n<p><em>Cytat z Dyrektyw<\/em>y Imigracyjnej ONZ:<\/p>\r\n<p style=\"padding-left: 30px;\">\u201e<strong>Zapewni\u0107 powszechny dost\u0119p do ochrony zdrowia seksualnego i prokreacyjnego oraz korzystanie z praw prokreacyjnych, zgodnie z Programem dzia\u0142a\u0144 mi\u0119dzynarodowej konferencji na rzecz ludno\u015bci i rozwoju<\/strong><\/p>\r\n<p style=\"padding-left: 30px;\"><strong>Teraz rozumiem, dlaczego pa\u0144stwo niemieckie wyp\u0142aca owym nachod\u017acom podw\u00f3jn\u0105 ilo\u015b\u0107 pomocy socjalnej, a wiec nie 400 euro, jak tubylcom, ale ponad 800 euro (plus czynsz za mieszkanie) &#8211; \u017ceby mogli i\u015b\u0107 do burdelu. Mo\u017ce nawet pa\u0144stwo zwraca im osobno pieni\u0105dze za burdel, bo dziwnie usta\u0142y ich skargi na to, \u017ce im \u201ej\u0105dra puchn\u0105\u201d.&nbsp;<\/strong><\/p>\r\n<p><em><strong>Czarna Limuzyna<\/strong><\/em><\/p>\r\n<p>\u0179r\u00f3d\u0142o:&nbsp;&nbsp;<a href=\"https:\/\/www.ekspedyt.org\/2018\/08\/27\/oto-prawdziwy-powod-dla-ktorego-pis-bedzie-przyjmowac-imigrantow-i-pozwalac-na-promocje-lgbt\/\">LEGION \u015aW. EKSPEDYTA<\/a>&nbsp;, 27 sierpnia 2018.<\/p>\r\n<p class=\"zrodlo\">Za: <a href=\"http:\/\/www.polishclub.org\/2018\/09\/04\/przyjmowanie-imigrantow-i-pozwolenie-na-promocje-lgbt-w-polsce-staje-sie-smutna-rzeczywistoscia\/\">Polish Club Online (<span class=\"posted-on\">04\/09\/2018<\/span>)<\/a><\/p>\r\n<h4>&nbsp;<\/h4>\r\n<hr style=\"background-color: #000000; border-width: 0; color: #000000; height: 2px; line-height: 0; text-align: center; width: 100%;\">\r\n<h4>&nbsp;<\/h4>\r\n<h2>Ostry komentarz w sprawie imigrant\u00f3w w Polsce. Witold Gadowski m\u00f3wi, dlaczego ,,Warszawa pe\u0142na jest Hindus\u00f3w, ludzi z Bangladeszu, Pakistanu, Nepalu oraz ludzi z kraj\u00f3w arabskich\u201d<\/h2>\r\n<p>Witold Gadowski w&nbsp;swoim ,,Komentarzu Tygodnia\u201d zamie\u015bci\u0142 niezwykle <a class=\"rw_word\" href=\"https:\/\/adserwer.xwords.pl\/st.js?t=c&amp;c=78&amp;w=ostr\u0105&amp;s=3\" target=\"_blank\" rel=\"noopener\" data-cid=\"78\">ostr\u0105<\/a> krytyk\u0119 poczyna\u0144 rz\u0105du w&nbsp;zakresie imigracji. &#8211; Czas na&nbsp;polsk\u0105 samoobron\u0119, bo&nbsp;utoniemy w&nbsp;tym, w&nbsp;czym tonie Europa &#8211; apelowa\u0142.<\/p>\r\n<p>Gadowski zwr\u00f3ci\u0142 uwag\u0119, \u017ce&nbsp;,,Warszawa pe\u0142na jest Hindus\u00f3w, ludzi z&nbsp;Bangladeszu, Pakistanu, Nepalu oraz&nbsp;ludzi z&nbsp;kraj\u00f3w arabskich. Sk\u0105d oni si\u0119 bior\u0105? Czy&nbsp;Prawo i&nbsp;Sprawiedliwo\u015b\u0107 m\u00f3wi jedno, a&nbsp;robi drugie?\u201d.<\/p>\r\n<blockquote>\r\n<p>Je\u017celi&nbsp;prawd\u0105 jest, \u017ce&nbsp;PiS w&nbsp;Marrakeszu zgodzi\u0142 si\u0119 na&nbsp;pewne formy przyjmowania migrant\u00f3w &#8211; czyli&nbsp;ludzi, kt\u00f3rzy dokonuj\u0105 inwazj\u0119 na&nbsp;Europ\u0119 w&nbsp;tej chwili &#8211; to Prawo i&nbsp;Sprawiedliwo\u015b\u0107 straci moje poparcie, bo&nbsp;k\u0142amie. Ju\u017c na&nbsp;ulicach polskich miast wida\u0107 bardzo wielu ludzi z&nbsp;innych kultur. PiS mia\u0142 zrobi\u0107 porz\u0105dek z&nbsp;korporacj\u0105 \u201euber\u201d &#8211; nie zrobi\u0142 nic, \u201euber\u201d rozrasta si\u0119, jak o\u015bmiornica, a&nbsp;w tym \u201euberze\u201d pracuj\u0105 ludzie z&nbsp;innych kultur<\/p>\r\n<\/blockquote>\r\n<p>&#8211; <a class=\"rw_word\" href=\"https:\/\/adserwer.xwords.pl\/st.js?t=c&amp;c=77&amp;w=m\u00f3wi\u0142&amp;s=3\" target=\"_blank\" rel=\"noopener\" data-cid=\"77\">m\u00f3wi\u0142<\/a>. Publicysta podkre\u015bla\u0142, \u017ce&nbsp;obecnie sytuacja mo\u017ce sprawia\u0107 wra\u017cenie, \u017ce&nbsp;wymyka si\u0119 spod&nbsp;kontroli.<\/p>\r\n<blockquote>\r\n<p>Ju\u017c nie m\u00f3wi\u0119 o&nbsp;tym, \u017ce&nbsp;w Polsce jest 2 mln Ukrai\u0144c\u00f3w, szmuglowana jest przez&nbsp;nich bro\u0144, we Wroc\u0142awiu dzia\u0142a restauracja ukrai\u0144ska, do&nbsp;kt\u00f3rej nie wpuszcza si\u0119 Polak\u00f3w. Na&nbsp;samym Dolnym \u015al\u0105sku oficjalnie zarejestrowanych jest ponad 360 tys. Ukrai\u0144c\u00f3w. Inwazja Ukrai\u0144c\u00f3w na&nbsp;Polsk\u0119 &#8211; to si\u0119 dzieje<\/p>\r\n<\/blockquote>\r\n<p>&#8211; powiedzia\u0142. Odni\u00f3s\u0142 si\u0119 tak\u017ce do&nbsp;przypadk\u00f3w Irlandii i&nbsp;Hiszpanii, kt\u00f3rych to sekularyzacja ma budzi\u0107 entuzjazm ,,Gazety Wyborczej\u201d.<\/p>\r\n<blockquote>\r\n<p>Jak przestaj\u0105 by\u0107 katolickie, to jakie b\u0119d\u0105? Muzu\u0142ma\u0144skie? Czy&nbsp;\u201eGazeta Wyborcza\u201d ju\u017c szykuje si\u0119 do&nbsp;tego, by na&nbsp;stronie tytu\u0142owej zamieszcza\u0107 p\u00f3\u0142ksi\u0119\u017cyc? My\u015blicie, \u017ce&nbsp;wsz\u0119dzie b\u0119dzie panowa\u0142o lewicowe bezho\u0142owie, bezwarto\u015bcie, <a class=\"rw_word\" href=\"https:\/\/adserwer.xwords.pl\/st.js?t=c&amp;c=76&amp;w=bezbo\u017ce&amp;s=3\" target=\"_blank\" rel=\"noopener\" data-cid=\"76\">bezbo\u017ce<\/a>? Nie. <a class=\"rw_word\" href=\"https:\/\/adserwer.xwords.pl\/st.js?t=c&amp;c=79&amp;w=\u015awiat&amp;s=3\" target=\"_blank\" rel=\"noopener\" data-cid=\"79\">\u015awiat<\/a> zawsze ma idee porz\u0105dkuj\u0105ce. Je\u017celi&nbsp;rugujecie idee, kt\u00f3re pozwala\u0142y wam swobodnie dzia\u0142a\u0107 i&nbsp;\u017cy\u0107, to przyjd\u0105 takie idee, kt\u00f3re naucz\u0105 was rozumu, b\u0119dziecie kl\u0119cze\u0107 w&nbsp;k\u0105cie i&nbsp;wali\u0107 \u0142bem w&nbsp;asfalt<\/p>\r\n<\/blockquote>\r\n<p>&#8211; powiedzia\u0142 wprost.<\/p>\r\n<p>Jego zdaniem, imigracja powinna by\u0107 jasno uregulowana:<\/p>\r\n<blockquote>\r\n<p>chcemy, \u017ceby przybysze do&nbsp;Polski przyjmowani byli na&nbsp;jasnych warunkach: uczysz si\u0119 bracie polskiego, znajdujesz sobie prac\u0119 i&nbsp;podpisujesz deklaracj\u0119, \u017ce&nbsp;to, co dzieje si\u0119 w&nbsp;Polsce &#8211; ustr\u00f3j polski, dominuj\u0105ce pr\u0105dy religijne &#8211; jest przez&nbsp;ciebie akceptowane i&nbsp;nie b\u0119dziesz d\u0105\u017cy\u0142 do&nbsp;ich wywr\u00f3cenia. Je\u015bli nie podpiszesz takiej deklaracji &#8211; fora ze dwora! Ksenofobiczne? Rasistowskie? Nie, samoobro\u0144cze! Czas na&nbsp;polsk\u0105 samoobron\u0119, bo&nbsp;utoniemy w&nbsp;tym, w&nbsp;czym tonie Europa<\/p>\r\n<\/blockquote>\r\n<p>[youtube =akQM8UAWGR4 width=&#8221;600&#8243;]<\/p>\r\n<p class=\"zrodlo\">Za: <a href=\"https:\/\/niezlomni.com\/ostry-komentarz-w-sprawie-imigrantow-w-polsce-witold-gadowski-mowi-dlaczego-warszawa-pelna-jest-hindusow-ludzi-z-bangladeszu-pakistanu-nepalu-oraz-ludzi-z-krajow-arabskich\/\">Niezlomni.pl (<span class=\"meta-time\"><time datetime=\"2018-09-07T12:58:18+00:00\">2018\/09\/07<\/time><\/span>)<\/a><\/p>\r\n<h4>&nbsp;<\/h4>\r\n<hr style=\"background-color: #000000; border-width: 0; color: #000000; height: 2px; line-height: 0; text-align: center; width: 100%;\">\r\n<h4>&nbsp;<\/h4>\r\n<\/div>","protected":false},"excerpt":{"rendered":"Natychmiast zamkn\u0105\u0107 wydzia\u0142 konsularny Ambasady Polskiej w New Delhi! Ostatnio portal medianarodowe.com opublikowa\u0142 m\u00f3j artyku\u0142: Poland easy work visa success 99%\u201d &#8211; kolonizacja z Indii do Polski..&nbsp; Mamy kolej\u0105 ods\u0142on\u0119 w tym planie uczynienia z naszej Ojczyzny multikulturowej magmy. Lobby imigracyjne co rusz wysy\u0142a balony pr\u00f3bne, ale ja skupi\u0119 si\u0119 na opublikowanym 1.09.2018 na money.pl [&hellip;]","protected":false},"author":1,"featured_media":0,"comment_status":"closed","ping_status":"closed","sticky":false,"template":"","format":"standard","meta":{"_acf_changed":false,"_monsterinsights_skip_tracking":false,"_monsterinsights_sitenote_active":false,"_monsterinsights_sitenote_note":"","_monsterinsights_sitenote_category":0,"ngg_post_thumbnail":0,"footnotes":"","_wp_rev_ctl_limit":""},"categories":[8],"tags":[76,70,98,20],"acf":[],"_links":{"self":[{"href":"https:\/\/www.bibula.com\/index.php?rest_route=\/wp\/v2\/posts\/104205"}],"collection":[{"href":"https:\/\/www.bibula.com\/index.php?rest_route=\/wp\/v2\/posts"}],"about":[{"href":"https:\/\/www.bibula.com\/index.php?rest_route=\/wp\/v2\/types\/post"}],"author":[{"embeddable":true,"href":"https:\/\/www.bibula.com\/index.php?rest_route=\/wp\/v2\/users\/1"}],"replies":[{"embeddable":true,"href":"https:\/\/www.bibula.com\/index.php?rest_route=%2Fwp%2Fv2%2Fcomments&post=104205"}],"version-history":[{"count":0,"href":"https:\/\/www.bibula.com\/index.php?rest_route=\/wp\/v2\/posts\/104205\/revisions"}],"wp:attachment":[{"href":"https:\/\/www.bibula.com\/index.php?rest_route=%2Fwp%2Fv2%2Fmedia&parent=104205"}],"wp:term":[{"taxonomy":"category","embeddable":true,"href":"https:\/\/www.bibula.com\/index.php?rest_route=%2Fwp%2Fv2%2Fcategories&post=104205"},{"taxonomy":"post_tag","embeddable":true,"href":"https:\/\/www.bibula.com\/index.php?rest_route=%2Fwp%2Fv2%2Ftags&post=104205"}],"curies":[{"name":"wp","href":"https:\/\/api.w.org\/{rel}","templated":true}]}}