{"id":10379,"date":"2009-06-15T12:03:03","date_gmt":"2009-06-15T17:03:03","guid":{"rendered":"http:\/\/www.bibula.com\/?p=10379"},"modified":"2009-06-15T12:03:03","modified_gmt":"2009-06-15T17:03:03","slug":"kolumbia-lewicowi-terrorysci-zamordowali-dzialacza-katolickiego","status":"publish","type":"post","link":"https:\/\/www.bibula.com\/?p=10379","title":{"rendered":"Kolumbia: lewicowi terrory\u015bci zamordowali dzia\u0142acza katolickiego"},"content":{"rendered":"<p><strong>Oburzenie i g\u0142\u0119boki smutek wywo\u0142a\u0142a wiadomo\u015b\u0107 o barbarzy\u0144skim zamordowaniu przez partyzantk\u0119 kolumbijsk\u0105 prof. Jorge Humberto Echeverriego Garro &#8211; stwierdza o\u015bwiadczenie Krajowego Sekretariatu Duszpasterstwa Spo\u0142ecznego Kolumbii. Ofiar\u0105 jest 40-letni katechista, nauczyciel i dzia\u0142acz spo\u0142eczny, zaanga\u017cowany w szereg projekt\u00f3w, realizowanych obecnie w tym kraju.<br \/>\r\n <\/strong><br \/>\r\n Do zbrodni dosz\u0142o w miejscowo\u015bci Colonos w okr\u0119gu Panam\u00e1 de Arauca na p\u00f3\u0142nocy Kolumbii w pobli\u017cu granicy z Wenezuel\u0105. \u201eProfesor bra\u0142 udzia\u0142 w spotkaniu, po\u015bwi\u0119conym jednemu z projekt\u00f3w, prowadzonym przez Ko\u015bci\u00f3\u0142 w tym rejonie na rzecz umocnienia miejscowej wsp\u00f3lnoty w porozumieniu z Caritas Niemiec\u201d &#8211; g\u0142osi komunikat podpisany przez pra\u0142. Hectora Fabio Henao Gaviri\u0119, dyrektora krajowego sekretariatu.<br \/>\r\n <br \/>\r\n Wed\u0142ug o\u015bwiadczenia, grupa uzbrojonych terroryst\u00f3w wdar\u0142a si\u0119 na miejsce posiedzenia, pr\u00f3buj\u0105c zak\u0142\u00f3ci\u0107 jego przebieg. W pewnej chwili jeden z napastnik\u00f3w zastrzeli\u0142 Echeverriego.<br \/>\r\n <br \/>\r\n By\u0142 on nie tylko og\u00f3lnie uznanym przyw\u00f3dc\u0105 miejscowej spo\u0142eczno\u015bci, ale tak\u017ce katechist\u0105 i cz\u0142onkiem sieci utworzonej przez nauczycieli w ramach innego projektu Duszpasterstwa Spo\u0142ecznego we wsp\u00f3\u0142pracy z o\u015brodkami kszta\u0142c\u0105cymi ludzi do pokoju i wsp\u00f3\u0142\u017cycia, kt\u00f3ry r\u00f3wnie\u017c jest rozwijany na tym obszarze &#8211; poinformowa\u0142o Duszpasterstwo Spo\u0142eczne. Wyra\u017cono \u201ewielkie zatroskanie nadal trwaj\u0105cym wci\u0105ganiem ludno\u015bci cywilnej w konflikt zbrojny, r\u00f3wnie\u017c w rejonach humanitarnych i neutralnych, uruchamianych przez Ko\u015bci\u00f3\u0142 katolicki w tym regionie i w ca\u0142ym kraju\u201d.<br \/>\r\n <br \/>\r\n Obecne zab\u00f3jstwo jest kolejnym tego rodzaju przypadkiem, gdy ofiar\u0105 padaj\u0105 nauczyciele pracuj\u0105cy na trudno dost\u0119pnych obszarach. 9 czerwca w Puerto Rond\u00f3n uzbrojony oddzia\u0142 zastrzeli\u0142 Pablo Garci\u0119 &#8211; Indianina ze szczepu Sikuani, pracuj\u0105cego w szkole na terenie wsp\u00f3lnoty tubylczej Cuiloto Marreros (grupa etniczna Hitnu).<br \/>\r\n <br \/>\r\n Dzie\u0144 wcze\u015bniej w rejonie znanym jako Tres Cruces (Trzy Krzy\u017ce) inna zbrojna grupa uprowadzi\u0142a i prawdopodobnie zamordowa\u0142a 16-letniego Indianina Lindermana Germ\u00e1na Fariasa z narodowo\u015bci Makaguan.<br \/>\r\n <br \/>\r\n 24 kwietnia w Szkole El Naranjo w rejonie wiejskim nieustalone dotychczas ugrupowanie zbrojne zastrzeli\u0142o Miltona Blanco, kt\u00f3ry pracowa\u0142 jako nauczyciel w innej szkole.<br \/>\r\n <br \/>\r\n \u0179r\u00f3d\u0142o: KAI<\/p>","protected":false},"excerpt":{"rendered":"Oburzenie i g\u0142\u0119boki smutek wywo\u0142a\u0142a wiadomo\u015b\u0107 o barbarzy\u0144skim zamordowaniu przez partyzantk\u0119 kolumbijsk\u0105 prof. Jorge Humberto Echeverriego Garro &#8211; stwierdza o\u015bwiadczenie Krajowego Sekretariatu Duszpasterstwa Spo\u0142ecznego Kolumbii. Ofiar\u0105 jest 40-letni katechista, nauczyciel i dzia\u0142acz spo\u0142eczny, zaanga\u017cowany w szereg projekt\u00f3w, realizowanych obecnie w tym kraju. Do zbrodni dosz\u0142o w miejscowo\u015bci Colonos w okr\u0119gu Panam\u00e1 de Arauca na p\u00f3\u0142nocy [&hellip;]","protected":false},"author":1,"featured_media":0,"comment_status":"closed","ping_status":"closed","sticky":false,"template":"","format":"standard","meta":{"_acf_changed":false,"_monsterinsights_skip_tracking":false,"_monsterinsights_sitenote_active":false,"_monsterinsights_sitenote_note":"","_monsterinsights_sitenote_category":0,"ngg_post_thumbnail":0,"footnotes":"","_wp_rev_ctl_limit":""},"categories":[3],"tags":[100,114],"acf":[],"_links":{"self":[{"href":"https:\/\/www.bibula.com\/index.php?rest_route=\/wp\/v2\/posts\/10379"}],"collection":[{"href":"https:\/\/www.bibula.com\/index.php?rest_route=\/wp\/v2\/posts"}],"about":[{"href":"https:\/\/www.bibula.com\/index.php?rest_route=\/wp\/v2\/types\/post"}],"author":[{"embeddable":true,"href":"https:\/\/www.bibula.com\/index.php?rest_route=\/wp\/v2\/users\/1"}],"replies":[{"embeddable":true,"href":"https:\/\/www.bibula.com\/index.php?rest_route=%2Fwp%2Fv2%2Fcomments&post=10379"}],"version-history":[{"count":0,"href":"https:\/\/www.bibula.com\/index.php?rest_route=\/wp\/v2\/posts\/10379\/revisions"}],"wp:attachment":[{"href":"https:\/\/www.bibula.com\/index.php?rest_route=%2Fwp%2Fv2%2Fmedia&parent=10379"}],"wp:term":[{"taxonomy":"category","embeddable":true,"href":"https:\/\/www.bibula.com\/index.php?rest_route=%2Fwp%2Fv2%2Fcategories&post=10379"},{"taxonomy":"post_tag","embeddable":true,"href":"https:\/\/www.bibula.com\/index.php?rest_route=%2Fwp%2Fv2%2Ftags&post=10379"}],"curies":[{"name":"wp","href":"https:\/\/api.w.org\/{rel}","templated":true}]}}