{"id":103683,"date":"2018-09-05T12:23:44","date_gmt":"2018-09-05T16:23:44","guid":{"rendered":"http:\/\/www.bibula.com\/?p=103683"},"modified":"2018-09-05T12:23:44","modified_gmt":"2018-09-05T16:23:44","slug":"francja-najwiekszy-meczet-w-europie-powstanie-w-sasiedztwie-parlamentu-europejskiego","status":"publish","type":"post","link":"https:\/\/www.bibula.com\/?p=103683","title":{"rendered":"Francja: najwi\u0119kszy meczet w Europie powstanie w s\u0105siedztwie Parlamentu Europejskiego"},"content":{"rendered":"<p><strong>Mimo protestu mieszka\u0144c\u00f3w, w Strasburgu &#8211; stolicy Alzacji i miejscu siedziby Parlamentu Europejskiego &#8211; budowany jest najwi\u0119kszy meczet w Europie.<\/strong><\/p>\r\n<p>Budowy i sfinansowania inwestycji podj\u0119\u0142a si\u0119 Unia Spraw Turecko-Islamskich materialnie wspomagana przez prezydenta Erdogana. Pa\u0144stwo tureckie pokryje cze\u015b\u0107 koszt\u00f3w budowy tego islamskiego centrum, gdy\u017c obok ogromnego meczetu powstan\u0105 szko\u0142y, prywatne muzu\u0142ma\u0144skie liceum, pot\u0119\u017cny budynek tureckiego konsulatu oraz reprezentacji dyplomatycznej przy instytucjach europejskich. Tego typu projekt m\u00f3g\u0142 by\u0107 zrealizowany tylko przy poparciu socjalistycznej wi\u0119kszo\u015bci w radzie miasta, kt\u00f3re nie waha\u0142o si\u0119 nawet w tym celu zmieni\u0107 przepis\u00f3w urbanistycznych.<\/p>\r\n<p>Znaj\u0105c socjalistycznego mera Rolanda Ries i jego zast\u0119pc\u00f3w zajmuj\u0105cych si\u0119 sprawami kulturowymi, jest ewidentne, \u017ce chodzi o sympatie lewicy wobec muzu\u0142man\u00f3w i cynizm, a nie o naiwno\u015b\u0107, tym bardziej, \u017ce w Strasburgu dzia\u0142aj\u0105 ju\u017c 3 muzu\u0142ma\u0144skie miejsca kultu.<\/p>\r\n<p>Mieszka\u0144cy dzielnicy, w kt\u00f3rej ma powsta\u0107 meczet, z\u0142o\u017cyli pozew do s\u0105du administracyjnego, domagaj\u0105c si\u0119 anulowania wydanego przez merostwo zezwolenia na budow\u0119, wskazuj\u0105c na szereg formalnych i prawnych nieprawid\u0142owo\u015bci. Niestety, ich dzia\u0142anie okaza\u0142o si\u0119 bezskuteczne. Oficjalne uroczyste rozpocz\u0119cie budowy muzu\u0142ma\u0144skiego kompleksu z meczetem posiadaj\u0105cym 38 metrowe minarety odby\u0142o si\u0119 15 pa\u017adziernika 2017 roku. Koszt budowy kompleksu szacuje si\u0119 na 30 mln euro.<\/p>\r\n<p>Przeciwko tej konstrukcji protestuj\u0105 tak\u017ce francuscy katolicy. Od kilkunastu dni w internecie mo\u017cna podpisa\u0107 petycj\u0119 przeciwko budowie meczetu, opublikowan\u0105 przez portal Avenu de la Culture. Podpisa\u0142o j\u0105 ju\u017c ponad 1500 os\u00f3b.<\/p>\r\n<p>FLC<\/p>","protected":false},"excerpt":{"rendered":"Mimo protestu mieszka\u0144c\u00f3w, w Strasburgu &#8211; stolicy Alzacji i miejscu siedziby Parlamentu Europejskiego &#8211; budowany jest najwi\u0119kszy meczet w Europie. Budowy i sfinansowania inwestycji podj\u0119\u0142a si\u0119 Unia Spraw Turecko-Islamskich materialnie wspomagana przez prezydenta Erdogana. Pa\u0144stwo tureckie pokryje cze\u015b\u0107 koszt\u00f3w budowy tego islamskiego centrum, gdy\u017c obok ogromnego meczetu powstan\u0105 szko\u0142y, prywatne muzu\u0142ma\u0144skie liceum, pot\u0119\u017cny budynek tureckiego [&hellip;]","protected":false},"author":1,"featured_media":0,"comment_status":"closed","ping_status":"closed","sticky":false,"template":"","format":"standard","meta":{"_acf_changed":false,"_monsterinsights_skip_tracking":false,"_monsterinsights_sitenote_active":false,"_monsterinsights_sitenote_note":"","_monsterinsights_sitenote_category":0,"ngg_post_thumbnail":0,"footnotes":"","_wp_rev_ctl_limit":""},"categories":[6],"tags":[23,191,70],"acf":[],"_links":{"self":[{"href":"https:\/\/www.bibula.com\/index.php?rest_route=\/wp\/v2\/posts\/103683"}],"collection":[{"href":"https:\/\/www.bibula.com\/index.php?rest_route=\/wp\/v2\/posts"}],"about":[{"href":"https:\/\/www.bibula.com\/index.php?rest_route=\/wp\/v2\/types\/post"}],"author":[{"embeddable":true,"href":"https:\/\/www.bibula.com\/index.php?rest_route=\/wp\/v2\/users\/1"}],"replies":[{"embeddable":true,"href":"https:\/\/www.bibula.com\/index.php?rest_route=%2Fwp%2Fv2%2Fcomments&post=103683"}],"version-history":[{"count":0,"href":"https:\/\/www.bibula.com\/index.php?rest_route=\/wp\/v2\/posts\/103683\/revisions"}],"wp:attachment":[{"href":"https:\/\/www.bibula.com\/index.php?rest_route=%2Fwp%2Fv2%2Fmedia&parent=103683"}],"wp:term":[{"taxonomy":"category","embeddable":true,"href":"https:\/\/www.bibula.com\/index.php?rest_route=%2Fwp%2Fv2%2Fcategories&post=103683"},{"taxonomy":"post_tag","embeddable":true,"href":"https:\/\/www.bibula.com\/index.php?rest_route=%2Fwp%2Fv2%2Ftags&post=103683"}],"curies":[{"name":"wp","href":"https:\/\/api.w.org\/{rel}","templated":true}]}}