{"id":103641,"date":"2018-09-02T14:36:57","date_gmt":"2018-09-02T18:36:57","guid":{"rendered":"http:\/\/www.bibula.com\/?p=103641"},"modified":"2018-09-03T10:28:33","modified_gmt":"2018-09-03T14:28:33","slug":"wpadka-macierewicza-z-kardynalem-z-usa","status":"publish","type":"post","link":"https:\/\/www.bibula.com\/?p=103641","title":{"rendered":"Wpadka Macierewicza z kardyna\u0142em z USA"},"content":{"rendered":"<p>By\u0107 mo\u017ce pan pose\u0142 Antoni Macierewicz, b. szef MON, da\u0142 si\u0119 nie\u015bwiadomie \u201ewpu\u015bci\u0107 w maliny\u201d. Jednak wymienieni przez niego trzej wa\u017cni hierarchowie nie mogli nie wiedzie\u0107. Jak i ambasada polska w USA. \u0179e nie wspomn\u0119 o s\u0142u\u017cbach specjalnych, o ile takie w og\u00f3le prowadz\u0105 jakiekolwiek dzia\u0142ania wobec Amerykan\u00f3w.<\/p>\r\n<p>A na przysz\u0142o\u015b\u0107 radz\u0119 panu AM, \u017ce \u201enie wszystko co ameryka\u0144skiej jest z\u0142ote\u201d.<\/p>\r\n<p><strong><em>Ks. Tadeusz Isakowicz-Zaleski<\/em><\/strong><br>\r\n<br>\r\n<\/p>\r\n<p><img fetchpriority=\"high\" decoding=\"async\" class=\"alignleft\" src=\"http:\/\/isakowicz.pl\/wp-content\/uploads\/2018\/09\/Maciarewicz-McCarrick-300x214.png\" width=\"289\" height=\"206\"> <img decoding=\"async\" class=\"\" src=\"http:\/\/isakowicz.pl\/wp-content\/uploads\/2018\/09\/Maciarewicz-McCarrick2-260x300.png\" width=\"271\" height=\"313\"><\/p>\r\n<p style=\"padding-left: 30px;\"><em>Facebook &#8211;&nbsp; Antoni Macierewicz added a <span style=\"text-decoration: underline;\"><a href=\"https:\/\/www.facebook.com\/macierewiczantoni\/posts\/768003556864922\">post<\/a><\/span> from August 31 at 2:30 PM to their timeline.<\/em><\/p>\r\n<p style=\"padding-left: 30px;\">W nawi\u0105zaniu do artyku\u0142u pt. \u201eMacierewicz zaprosi\u0142 na konferencj\u0119 ksi\u0119dza oskar\u017conego o pedofili\u0119. I jeszcze si\u0119 tym chwali\u0142!\u201d, zamieszczonego dzisiaj na portalu Fakt24.pl, stanowczo o\u015bwiadczam, \u017ce w czasie wizyty ks. kard. dr Theodora McCarricka, arcybiskupa seniora Waszyngtonu i radcy waszyngto\u0144skiego Centrum Studi\u00f3w Strategicznych i Mi\u0119dzynarodowych, nie istnia\u0142y jakiekolwiek poszlaki na temat reputacji duchownego. Podczas wizyty w Polsce, ks. kard. dr Theodor McCarrick sp<span class=\"text_exposed_show\">otyka\u0142 si\u0119 m.in. z ks. kard. dr Kazimierzem Nyczem \u201d\u201d arcybiskupem metropolit\u0105 warszawskim, ks. abp. Salvatorem Pennacchio \u201d\u201d nuncjuszem apostolskim w Rzeczypospolitej Polskiej oraz dziekanem korpusu dyplomatycznego i ks. kard. Oswaldem Graciasem \u201d\u201d cz\u0142onkiem grupy dziewi\u0119ciu kardyna\u0142\u00f3w doradc\u00f3w papie\u017ca Franciszka. Sprawuj\u0105c funkcj\u0119 Ministra Obrony Narodowej, pozna\u0142em ks. kard. dr Theodora McCarricka jako przewodnicz\u0105cego organizacji humanitarnej Catholic Relief Services, omawiaj\u0105c planowan\u0105 pomoc dla g\u0142oduj\u0105cej ludno\u015bci Po\u0142udniowego Sudanu. <\/span><\/p>\r\n<p style=\"padding-left: 30px;\">W momencie wizyty w Polsce ks. kard. dr Theodor McCarrick kierowa\u0142 nadal fundacj\u0105 Catholic Relief Services, wcze\u015bniej by\u0142 rektorem Katolickiego Uniwersytetu Ameryki. Ks. kard. dr Theodore McCarrick s\u0142u\u017cy\u0142 w Komisji ds. Mi\u0119dzynarodowej Wolno\u015bci Religijnej (federalny organ Stan\u00f3w Zjednoczonych, kt\u00f3ry dostarcza Prezydentowi, Sekretarzowi Stanu i Kongresowi niezale\u017cne zalecenia polityczne). Duchowny zosta\u0142 mianowany jako wybitny wizytuj\u0105cy naukowiec (distinguished visiting scholar) w Bibliotece Kongresu, uzyska\u0142 27 doktorat\u00f3w honoris causa oraz nagrod\u0119 im. Eleanory Roosevelt, wyr\u00f3\u017cnienie przyznane mu przez prezydenta Billa Clintona.<\/p>\r\n<p style=\"padding-left: 30px;\">Przypominam, \u017ce konferencja, o kt\u00f3rej pisze portal Fakt24.pl odby\u0142a si\u0119 4 czerwca 2018 roku. Dopiero 20 czerwca 2018 roku zosta\u0142y upublicznione oskar\u017cenia zwi\u0105zane z wydarzeniami sprzed oko\u0142o 50 lat, a 28 lipca 2018 papie\u017c Franciszek przyj\u0105\u0142 jego rezygnacj\u0119 z zasiadania w Kolegium Kardyna\u0142\u00f3w. Nie ma w\u0105tpliwo\u015bci, \u017ce zapewne nikt w Polsce, \u0142\u0105cznie z duchowie\u0144stwem, nie mia\u0142 o tym jakichkolwiek informacji, ale je\u015bli portal Fakt24.pl mia\u0142 na ten temat wiedz\u0119, dlaczego nie poinformowa\u0142 opinii publicznej?<\/p>\r\n<p class=\"zrodlo\">Za: <a href=\"http:\/\/isakowicz.pl\/wpadka-macierewicza-z-kardynalem-z-usa\/\">isakowicz.pl (1 wrze\u015bnia 2018)<\/a><\/p>\r\n<h4>&nbsp;<\/h4>\r\n<hr style=\"background-color: #000000; border-width: 0; color: #000000; height: 2px; line-height: 0; text-align: center; width: 100%;\">\r\n<h4>&nbsp;<\/h4>\r\n<blockquote>\r\n<p><strong>KOMENTARZ<em> BIBU\u0141Y<\/em><\/strong>: W tym sporze musimy stan\u0105\u0107 po stronie ministra Macierewicza, kt\u00f3ry przyj\u0105\u0142 kard. McCarricka w Polsce jako duchownego, wobec kt\u00f3rego w\u00f3wczas&nbsp; oficjalnie nie by\u0142o \u017cadnych oskar\u017ce\u0144 i kt\u00f3ry ca\u0142y czas pe\u0142ni\u0142 wa\u017cne funkcje, na dodatek cieszy\u0142 si\u0119 zaufaniem Papie\u017ca. Przy tym kard. McCarrick spotka\u0142 si\u0119 nie tylko ze stron\u0105 rz\u0105dow\u0105, ale i z najwa\u017cniejszymi przedstawicielami Ko\u015bcio\u0142a w Polsce. Czy zarzut, \u017ce minister Macierewicz nie podj\u0105\u0142 stara\u0144 aby zasi\u0119gn\u0105\u0107 informacji od s\u0142u\u017cb specjalnych jest uzasadniony? Nie, poniewa\u017c nawet je\u015bli te s\u0142u\u017cby posiada\u0142y tak\u0105 wiedz\u0119 (a powinny posiada\u0107), nie zwalnia\u0142o to strony rz\u0105dowej od przyjmowania takich go\u015bci. Co innego strona ko\u015bcielna, bo tutaj i tylko tutaj le\u017cy ca\u0142e z\u0142o dwuznaczno\u015bci wobec osoby kard. MaCarrick. A strona ko\u015bcielna to nie tylko ludzie pokroju kard. Nycza, ale i jeszcze wy\u017cej, a\u017c do Watykanu, a\u017c do obecnego rezydenta, Biskupa Rzymu. To tutaj le\u017cy przyczyna zaistnia\u0142ej sytuacji i to ta strona powinna przedsiewzi\u0105\u0107 powa\u017cne i stanowcze kroki. Niestety, by\u0142o odwrotnie &#8211; krycie nawet najwi\u0119kszych gorszycieli, a nawet ich promowanie.<\/p>\r\n<p>A sam MaCarrick &#8211; o czym pisali\u015bmy wcze\u015bniej &#8211; znany by\u0142 z lewicowych, by nie powiedzie\u0107 antykatolickich inklinacji nie tylko w aspekcie jego zachowa\u0144 homoseksualnych, ale przecie\u017c ju\u017c w 1967 roku podpisa\u0142 s\u0142ynn\u0105 antykatolick\u0105 deklaracj\u0119 <em>Land O&#8217;Lakes Statement<\/em>. Co ciekawsze, papie\u017c Jan Pawe\u0142 II widz\u0105c zagro\u017cenie p\u0142yn\u0105ce z tej deklaracji wyda\u0142 w 1990 roku Konstytucj\u0119 Apostolsk\u0105 o uniwersytetach katolickich &#8222;Ex corde Ecclesiae&#8221;. Pomimo tego,<strong> Jan Pawe\u0142 II po latach by\u0142 sk\u0142onny nazwa\u0107 kard. McCarricka &#8222;<em>drogim i wiernym przyjacielem<\/em>&#8222;<\/strong> (zob. <span style=\"text-decoration: underline;\"><a href=\"http:\/\/www.bibula.com\/?p=103247\">tutaj<\/a><\/span>). W\u0142a\u015bnie ta dwuznaczno\u015b\u0107, kt\u00f3r\u0105 trzeba przypisa\u0107 Janowi Paw\u0142owi II, jest wa\u017cn\u0105 osnow\u0105 w budowie sztucznej reputacji osobom wrogim Ko\u015bcio\u0142owi. Jan Pawe\u0142 II wiedzia\u0142 o antykatolickiej deklaracji, zareagowa\u0142 na\u0144 Konstytucj\u0105 Apostolsk\u0105, a jednak jednego z sygnatariuszy nazwa\u0142 swoim &#8222;drogim i wiernym przyjacielem&#8221;. To jest schizofrenia!<\/p>\r\n<\/blockquote>\r\n<h4>&nbsp;<\/h4>\r\n<hr style=\"background-color: #000000; border-width: 0; color: #000000; height: 2px; line-height: 0; text-align: center; width: 100%;\">\r\n<h4>&nbsp;<\/h4>","protected":false},"excerpt":{"rendered":"By\u0107 mo\u017ce pan pose\u0142 Antoni Macierewicz, b. szef MON, da\u0142 si\u0119 nie\u015bwiadomie \u201ewpu\u015bci\u0107 w maliny\u201d. Jednak wymienieni przez niego trzej wa\u017cni hierarchowie nie mogli nie wiedzie\u0107. Jak i ambasada polska w USA. \u0179e nie wspomn\u0119 o s\u0142u\u017cbach specjalnych, o ile takie w og\u00f3le prowadz\u0105 jakiekolwiek dzia\u0142ania wobec Amerykan\u00f3w. A na przysz\u0142o\u015b\u0107 radz\u0119 panu AM, \u017ce [&hellip;]","protected":false},"author":1,"featured_media":0,"comment_status":"closed","ping_status":"closed","sticky":false,"template":"","format":"standard","meta":{"_acf_changed":false,"_monsterinsights_skip_tracking":false,"_monsterinsights_sitenote_active":false,"_monsterinsights_sitenote_note":"","_monsterinsights_sitenote_category":0,"ngg_post_thumbnail":0,"footnotes":"","_wp_rev_ctl_limit":""},"categories":[8],"tags":[98,86,221],"acf":[],"_links":{"self":[{"href":"https:\/\/www.bibula.com\/index.php?rest_route=\/wp\/v2\/posts\/103641"}],"collection":[{"href":"https:\/\/www.bibula.com\/index.php?rest_route=\/wp\/v2\/posts"}],"about":[{"href":"https:\/\/www.bibula.com\/index.php?rest_route=\/wp\/v2\/types\/post"}],"author":[{"embeddable":true,"href":"https:\/\/www.bibula.com\/index.php?rest_route=\/wp\/v2\/users\/1"}],"replies":[{"embeddable":true,"href":"https:\/\/www.bibula.com\/index.php?rest_route=%2Fwp%2Fv2%2Fcomments&post=103641"}],"version-history":[{"count":0,"href":"https:\/\/www.bibula.com\/index.php?rest_route=\/wp\/v2\/posts\/103641\/revisions"}],"wp:attachment":[{"href":"https:\/\/www.bibula.com\/index.php?rest_route=%2Fwp%2Fv2%2Fmedia&parent=103641"}],"wp:term":[{"taxonomy":"category","embeddable":true,"href":"https:\/\/www.bibula.com\/index.php?rest_route=%2Fwp%2Fv2%2Fcategories&post=103641"},{"taxonomy":"post_tag","embeddable":true,"href":"https:\/\/www.bibula.com\/index.php?rest_route=%2Fwp%2Fv2%2Ftags&post=103641"}],"curies":[{"name":"wp","href":"https:\/\/api.w.org\/{rel}","templated":true}]}}