{"id":103597,"date":"2018-08-29T09:13:44","date_gmt":"2018-08-29T13:13:44","guid":{"rendered":"http:\/\/www.bibula.com\/?p=103597"},"modified":"2018-08-29T09:13:44","modified_gmt":"2018-08-29T13:13:44","slug":"roberto-de-mattei-to-nie-klerykalizm-jest-problemem-to-homoseksualizm","status":"publish","type":"post","link":"https:\/\/www.bibula.com\/?p=103597","title":{"rendered":"Roberto de Mattei: To nie klerykalizm jest problemem. To homoseksualizm"},"content":{"rendered":"<p><strong>\u201eNie powiem o tym ani s\u0142owa\u201d. W tym zdaniu wypowiedzianym 26 sierpnia 2018 roku podczas lotu powrotnego z Dublinu do Rzymu papie\u017c Franciszek odpowiedzia\u0142 na wstrz\u0105saj\u0105ce i dotycz\u0105ce go bezpo\u015brednio o\u015bwiadczenie arcybiskupa Carlo Marii Vigano.<\/strong><\/p>\r\n<p>W reakcji na pytanie dziennikarki Anny Mantrangi z NBC, gdy zapyta\u0142a go, czy s\u0142owa napisane przez by\u0142ego nuncjusza w Stanach Zjednoczonych s\u0105 prawd\u0105, papie\u017c odpowiedzia\u0142 \u201eczyta\u0142em rano o\u015bwiadczenie i musz\u0119 szczerze powiedzie\u0107 tobie i wszystkim zainteresowanym: przeczytajcie o\u015bwiadczenie uwa\u017cnie i dokonajcie w\u0142asnego os\u0105du. Nie powiem o tym ani jednego s\u0142owa. Wierz\u0119, \u017ce ten komunikat m\u00f3wi sam za siebie i macie wystarczaj\u0105co dziennikarskich umiej\u0119tno\u015bci, by wyci\u0105gn\u0105\u0107 z niego wnioski. To akt zaufania: po up\u0142ywie chwili, gdy ju\u017c wysnujecie wnioski, prawdopodobnie\/by\u0107 mo\u017ce (ang. perhaps) si\u0119 wypowiem. Ale chcia\u0142bym, by\u015bcie wykonali t\u0119 prac\u0119 w profesjonalnej dojrza\u0142o\u015bci: to b\u0119dzie naprawd\u0119 dobre dla was. W porz\u0105dku (ang. fine like that)\u201d.<\/p>\r\n<p>Biskup (Vigano) burzy atmosfer\u0119 konspiracyjnej ciszy i przyzwolenia, podaj\u0105c nazwiska i daj\u0105c dok\u0142adne przypadki \u201eprohomoseksualnego nurtu wspieraj\u0105cego obalanie katolickiej doktryny dotycz\u0105cej homoseksualizmu\u201d oraz obecno\u015b\u0107 \u201esieci homoseksualnych, obecnie rozsianych w wielu diecezjach, seminariach, zakonach et cetera\u201d, dzia\u0142aj\u0105cych \u201epod przykrywk\u0105 tajemnicy i k\u0142amstw, z moc\u0105 macek o\u015bmiornicy dusz\u0105 niewinne ofiary i powo\u0142ania kap\u0142a\u0144skie oraz ca\u0142y Ko\u015bci\u00f3\u0142\u201d.<\/p>\r\n<p>Skonfrontowany z tym odwa\u017cnym g\u0142osem \u0142ami\u0105cym milczenie papie\u017c pozostaje cichy i powierza massmediom zadanie os\u0105dzenia sprawy wed\u0142ug ich politycznych i \u015bwiatowych kryteri\u00f3w, tak bardzo odmiennych od religijnego i moralnego os\u0105du Ko\u015bcio\u0142a. Owa cisza jawi si\u0119 jako jeszcze powa\u017cniejsza ni\u017c skandal wydobyty na \u015bwiat\u0142o dzienne przez arcybiskupa Vigano.<\/p>\r\n<p><em><strong>Tr\u0105d wskutek nowej teologii<\/strong><\/em><\/p>\r\n<p><span class=\"pullquote\">Tr\u0105d powsta\u0142y po Soborze Watyka\u0144skim II jako konsekwencja nowej teologii moralnej zaprzeczaj\u0105cej absolutnym normom etycznym<\/span> opiera si\u0119 na przekonaniu o roli seksualno\u015bci (zar\u00f3wno homoseksualnej, jak i heteroseksualnej) jako czynniku rozwoju i realizacji osoby ludzkiej.<\/p>\r\n<p>Homoseksualizacja Ko\u015bcio\u0142a zacz\u0119\u0142a si\u0119 szerzy\u0107 w latach 70. i 80. XX wieku jak to ujawnia skrupulatnie udokumentowana ksi\u0105\u017cka ksi\u0119dza Enrique Ruedy: \u201eSie\u0107 homoseksualna: \u017cycie prywatne i polityka publiczna, opublikowana w 1982 roku\u201d.<\/p>\r\n<p>W celu zrozumienia sytuacji tego okresu nale\u017cy przeczyta\u0107 opracowanie po\u015bwi\u0119cone homoseksualizmowi i kap\u0142a\u0144stwu autorstwa profesora Andrzeja Kobyli\u0144skiego z Uniwersytetu kardyna\u0142a Stefana Wyszy\u0144skiego w Warszawie. (Pozna\u0144skie Studia Teologiczne nr 31 z 2017 roku, str. 117-143).<\/p>\r\n<p>Kobyli\u0144ski cytuje ksi\u0105\u017ck\u0119 Donalda Cozzensa, rektora Seminarium Cleveland w (ameryka\u0144skim) stanie Ohio pod tytu\u0142em \u201eZmieniaj\u0105ce si\u0119 oblicze kap\u0142a\u0144stwa: refleksja o kryzysie duszy kap\u0142an\u00f3w\u201d (\u201eThe Changing Face of the Priesthood: A reflection on the Priest\u2019s Crisis of Soul\u201d). W ksi\u0105\u017cce tej autor twierdzi, \u017ce pocz\u0105wszy od XXI stulecia, kap\u0142a\u0144stwo sta\u0142o si\u0119 \u201eprofesj\u0105\u201d wykonywan\u0105 g\u0142\u00f3wnie przez homoseksualist\u00f3w i \u017ce mo\u017cna nawet m\u00f3wi\u0107 o \u201eheteroseksualnym odej\u015bciu z kap\u0142a\u0144stwa\u201d.<\/p>\r\n<p>Kobyli\u0144ski relacjonuje charakterystyczny przypadek, dotycz\u0105cy arcybiskupa Milwaukee (Wisconsin), Remberta Weaklanda, uznanego zwolennika ameryka\u0144skiego progresywnego i liberalnego nurtu. (Jak pisze Kobyli\u0144ski) \u201eWeakland od dekad ukrywa\u0142 przypadki nadu\u017cy\u0107 seksualnych kap\u0142an\u00f3w, podtrzymuj\u0105c wizj\u0119 homoseksualizmu sprzeczn\u0105 z Magisterium Ko\u015bcio\u0142a katolickiego. Pod koniec piastowania przeze\u0144 stanowiska, pope\u0142ni\u0142 gigantyczny akt korupcji, wykorzystuj\u0105c oko\u0142o p\u00f3\u0142 miliona dolar\u00f3w z funduszy archidiecezji, by zap\u0142aci\u0107 swemu by\u0142emu partnerowi oskar\u017caj\u0105cemu go o molestowanie seksualne.&nbsp;W 2009 roku Weakland mia\u0142 sw\u00f3j &#8222;coming out&#8221;, gdy opublikowa\u0142 autobiografi\u0119 zatytu\u0142owan\u0105 &#8222;Pielgrzym w Ko\u015bciele Pielgrzymuj\u0105cym&#8221;, gdzie przyzna\u0142 si\u0119 do bycia homoseksualist\u0105 i utrzymywania od dziesi\u0119cioleci sta\u0142ych kontakt\u00f3w homoseksualnych z wieloma partnerami. W 2011 roku Archidiecezja Milwaukee zosta\u0142a zmuszona do og\u0142oszenia bankructwa z powodu wysokich odszkodowa\u0144 dla ofiar pedofilii\u201d.<\/p>\r\n<p><em><strong>Raport o nadu\u017cyciach<\/strong><\/em><\/p>\r\n<p>W 2004 roku ukaza\u0142 si\u0119 za\u015b raport Johna Jaya, dokument przygotowany na wniosek ameryka\u0144skiej Konferencji Episkopatu. Przeanalizowano w nim wszystkie przyk\u0142ady nadu\u017cy\u0107 seksualnych ma\u0142oletnich przez kap\u0142an\u00f3w i diakon\u00f3w od 1952 do 2002 roku. Jak pisze Kobyli\u0144ski, dokument ten zawiera 300 stron o niezwyk\u0142ej warto\u015bci informacyjnej.<\/p>\r\n<p>Raport Johna Jaya (jak pisze ks. Kobyli\u0144ski przyp. t\u0142um.) \u201eukaza\u0142 powi\u0105zanie mi\u0119dzy homoseksualizmem a seksualnymi nadu\u017cyciami nieletnich pope\u0142nianymi przez katolicki kler. Wed\u0142ug raportu z 2004 roku przyt\u0142aczaj\u0105ca wi\u0119kszo\u015b\u0107 przypadk\u00f3w wykorzystywania seksualnego nie wi\u0105za\u0142a si\u0119 z pedofili\u0105, lecz efebofili\u0105. Jest to zboczenie (ang. degeneration) polegaj\u0105ce nie tylko na poci\u0105gu seksualnym do dzieci, lecz r\u00f3wnie\u017c do ch\u0142opc\u00f3w w wieku dojrzewania. Sprawozdanie Johna Jaya pokaza\u0142o, \u017ce oko\u0142o 90 procent ksi\u0119\u017cy skazanych za wykorzystywanie seksualne nieletnich to ksi\u0119\u017ca homoseksualni\u201d.<\/p>\r\n<p><em><strong>Korzenie kryzysu<\/strong><\/em><\/p>\r\n<p>Skandal McCarricka nie jest zatem ostatnim aktem kryzysu, si\u0119gaj\u0105cego znacznie g\u0142\u0119biej. Jednak w \u201eLi\u015bcie papie\u017ca do ludu Bo\u017cego\u201d i podczas swej podr\u00f3\u017cy do Irlandii papie\u017c Franciszek niejednokrotnie pot\u0119pi\u0142 ten moralny nie\u0142ad. Papie\u017c utrzymuje, \u017ce g\u0142\u00f3wnym problemem w sprawie seksualnych nadu\u017cy\u0107 kleru nie jest homoseksualizm, lecz klerykalizm.<\/p>\r\n<p>Odnosz\u0105c si\u0119 do tych nadu\u017cy\u0107, post\u0119powy historyk Alberto Melloni napisa\u0142, \u017ce \u201eFranciszek wreszcie zajmuje si\u0119 przest\u0119pstwem na poziomie ko\u015bcielnym i powierza je teologicznemu podmiotowi &#8211; ludowi Bo\u017cemu. Franciszek m\u00f3wi ludowi bez dwuznacznych s\u0142\u00f3w, \u017ce to klerykalizm umo\u017cliwia\u0142 te nadu\u017cy\u0107, a nie rozwi\u0105z\u0142o\u015b\u0107 czy brak moralno\u015bci\u201d. (La Repubblica, 21 sierpnia 2018).<\/p>\r\n<p><em><strong>Winny klerykalizm czy niemoralno\u015b\u0107?<\/strong><\/em><\/p>\r\n<p>\u201eLe cl\u00c3\u00a9ricalisme, voil\u00c3\u00a0 l\u2019ennemi!\u201d \u201eOto wr\u00f3g &#8211; klerykalizm\u201d &#8211; s\u0142ynna fraza wypowiedziana 4 maja 1876 roku we francuskiej Izbie Deputowanych przez Leona Gambett\u0119 (1838-1882), g\u0142\u00f3wnego eksponenta Wielkiego Wschodu Francji &#8211; mog\u0142aby z \u0142atwo\u015bci\u0105 zosta\u0107 wypowiedziana przez papie\u017ca Franciszka.<\/p>\r\n<p>Ta fraza by\u0142a jednak uznana za has\u0142o przewodnie przez maso\u0144ski sekularyzm w XIX stuleciu i przez wdra\u017canie jej w \u017cycie, rz\u0105dy francuskiej Trzeciej Republiki przeprowadzi\u0142y w nast\u0119puj\u0105cych latach \u201eantyklerykalny\u201d program polityczny. Jego kroki to: laicyzacja szko\u0142y, wygnanie zakon\u00f3w z terytorium pa\u0144stwa, rozw\u00f3d, zerwanie konkordatu mi\u0119dzy Francj\u0105 i Stolic\u0105 Apostolsk\u0105. Klerykalizm, o jakim m\u00f3wi papie\u017c Franciszek wydaje si\u0119 inny, jednak w gruncie rzeczy wi\u0105\u017ce si\u0119 z tradycyjn\u0105 koncepcj\u0105 Ko\u015bcio\u0142a, zwalczan\u0105 przez stulecia przez libera\u0142\u00f3w, mason\u00f3w i modernist\u00f3w.<\/p>\r\n<p>Aby zreformowa\u0107 Ko\u015bci\u00f3\u0142 i uzdrowi\u0107 Go od klerykalizmu, w\u0142oski socjolog Marco Marzano sugeruje nast\u0119puj\u0105ce posuni\u0119cia papie\u017cowi Franciszkowi \u201ena przyk\u0142ad na pocz\u0105tek mo\u017cna by ca\u0142kowicie pozbawi\u0107 ksi\u0119\u017cy parafialnych obowi\u0105zku prowadzenia parafii, pozbawi\u0107 ich monokratycznej i absolutnej funkcji zarz\u0105dczej (finansowej i duszpasterskiej), z jakiej dzi\u015b korzystaj\u0105.&nbsp;Mo\u017cliwe by\u0142oby wprowadzenie wa\u017cnego elementu demokracji, elekcyjno\u015bci biskup\u00f3w (g\u0142osem ludu). To mo\u017ce sta\u0107 si\u0119 mo\u017cliwe, dzi\u0119ki zast\u0105pieniu ich otwartymi i przejrzystymi strukturami, by zamkn\u0105\u0107 seminaria &#8211; instytucje kontrreformy, w kt\u00f3rych klerykalizm jako jest wci\u0105\u017c wywy\u017cszany i kultywowany. Mog\u0142oby przede wszystkim okaza\u0107 si\u0119 mo\u017cliwe zrezygnowanie z norm, na kt\u00f3rych opiera si\u0119 wsp\u00f3\u0142czesny klerykalizm (i stanowi\u0105cych podstaw\u0119 przewa\u017caj\u0105cej wi\u0119kszo\u015bci przest\u0119pstw seksualnych pope\u0142nianych przez duchownych), a wi\u0119c obowi\u0105zkowego celibatu. To w\u0142a\u015bnie oczekiwana (ang. presumed) od duchownych seksualna wstrzemi\u0119\u017aliwo\u015b\u0107, wraz z wszystkimi konsekwencjami czysto\u015bci, \u015bwi\u0119to\u015bci i ponadludzkich aspekt\u00f3w z nimi zwi\u0105zanych stworzy\u0142y g\u0142\u00f3wn\u0105 podstaw\u0119 klerykalizmu\u201d. (Il Fatto Quotidiano 25 sierpnia 2018).<\/p>\r\n<p>Ci, kt\u00f3rzy chc\u0105 zburzy\u0107 klerykalizm, pragn\u0105 zniszczenia Ko\u015bcio\u0142a. Je\u015bli jednak klerykalizm rozumiemy jako nadu\u017cycie w\u0142adzy, dokonywane przez ksi\u0119\u017cy porzucaj\u0105cych ducha Ewangelii, to nie istnieje gorszy klerykalizm ni\u017c ten pope\u0142niany przez (duchownych) wstrzymuj\u0105cych si\u0119 od napi\u0119tnowania niezwykle ci\u0119\u017ckich grzech\u00f3w, takich jak sodomia i zapominaj\u0105cych, \u017ce chrze\u015bcija\u0144skie \u017cycie nieuchronnie zmierza do nieba lub piek\u0142a.<\/p>\r\n<p>Kiedy jednak chrze\u015bcija\u0144stwo zostaje podporz\u0105dkowane sekularyzmowi, Kr\u00f3lestwo Chrystusa zostaje przekszta\u0142cone w kr\u00f3lestwo tego \u015bwiata i zredukowane do struktur w\u0142adzy, a duch \u015bwiata wymusza milczenie w kwestii dramatu, prze\u017cywanego obecnie przez Ko\u015bci\u00f3\u0142.<\/p>\r\n<p><strong><em>Roberto de Mattei<\/em><\/strong><\/p>\r\n<p><em>Angloj\u0119zyczna wersja tekstu Roberto de Matteiego (t\u0142umaczenie Francesca Romana) zosta\u0142a opublikowana na portalu rorate-caeli.blogspot.com<\/em><\/p>\r\n<p>\u015ar\u00f3dtytu\u0142y pochodz\u0105 od redakcji PCh24.pl.<\/p>\r\n<p>mjend<\/p>\r\n<h4>&nbsp;<\/h4>\r\n<hr style=\"background-color: #000000; border-width: 0; color: #000000; height: 2px; line-height: 0; text-align: center; width: 100%;\">\r\n<h4>&nbsp;<\/h4>","protected":false},"excerpt":{"rendered":"\u201eNie powiem o tym ani s\u0142owa\u201d. W tym zdaniu wypowiedzianym 26 sierpnia 2018 roku podczas lotu powrotnego z Dublinu do Rzymu papie\u017c Franciszek odpowiedzia\u0142 na wstrz\u0105saj\u0105ce i dotycz\u0105ce go bezpo\u015brednio o\u015bwiadczenie arcybiskupa Carlo Marii Vigano. W reakcji na pytanie dziennikarki Anny Mantrangi z NBC, gdy zapyta\u0142a go, czy s\u0142owa napisane przez by\u0142ego nuncjusza w Stanach [&hellip;]","protected":false},"author":1,"featured_media":0,"comment_status":"closed","ping_status":"closed","sticky":false,"template":"","format":"standard","meta":{"_acf_changed":false,"_monsterinsights_skip_tracking":false,"_monsterinsights_sitenote_active":false,"_monsterinsights_sitenote_note":"","_monsterinsights_sitenote_category":0,"ngg_post_thumbnail":0,"footnotes":"","_wp_rev_ctl_limit":""},"categories":[3],"tags":[26,86,33],"acf":[],"_links":{"self":[{"href":"https:\/\/www.bibula.com\/index.php?rest_route=\/wp\/v2\/posts\/103597"}],"collection":[{"href":"https:\/\/www.bibula.com\/index.php?rest_route=\/wp\/v2\/posts"}],"about":[{"href":"https:\/\/www.bibula.com\/index.php?rest_route=\/wp\/v2\/types\/post"}],"author":[{"embeddable":true,"href":"https:\/\/www.bibula.com\/index.php?rest_route=\/wp\/v2\/users\/1"}],"replies":[{"embeddable":true,"href":"https:\/\/www.bibula.com\/index.php?rest_route=%2Fwp%2Fv2%2Fcomments&post=103597"}],"version-history":[{"count":0,"href":"https:\/\/www.bibula.com\/index.php?rest_route=\/wp\/v2\/posts\/103597\/revisions"}],"wp:attachment":[{"href":"https:\/\/www.bibula.com\/index.php?rest_route=%2Fwp%2Fv2%2Fmedia&parent=103597"}],"wp:term":[{"taxonomy":"category","embeddable":true,"href":"https:\/\/www.bibula.com\/index.php?rest_route=%2Fwp%2Fv2%2Fcategories&post=103597"},{"taxonomy":"post_tag","embeddable":true,"href":"https:\/\/www.bibula.com\/index.php?rest_route=%2Fwp%2Fv2%2Ftags&post=103597"}],"curies":[{"name":"wp","href":"https:\/\/api.w.org\/{rel}","templated":true}]}}