{"id":10337,"date":"2009-06-12T20:27:48","date_gmt":"2009-06-13T01:27:48","guid":{"rendered":"http:\/\/www.bibula.com\/?p=10337"},"modified":"2009-06-12T20:49:16","modified_gmt":"2009-06-13T01:49:16","slug":"belgia-zydzi-uhonoruja-kard-danneelsa","status":"publish","type":"post","link":"https:\/\/www.bibula.com\/?p=10337","title":{"rendered":"Belgia: \u017bydzi uhonoruj\u0105 kard. Danneelsa"},"content":{"rendered":"<p><strong>Przedstawiciele wsp\u00f3lnoty \u017cydowskiej w Belgii, w Wielkiej Synagodze w Brukseli, z\u0142o\u017c\u0105 ho\u0142d prymasowi Belgii, kard. G. Danneelsowi.<\/strong><\/p>\r\n\r\n<p>W Wielkiej Synagodze w Brukseli 14 czerwca ho\u0142d prymasowi Belgii z\u0142o\u017c\u0105 najwy\u017csi przedstawiciele wsp\u00f3lnoty \u017cydowskiej w tym kraju. Zdaniem tamtejszej agencji katolickiej Catho.be, b\u0119dzie to wydarzenie o charakterze wyj\u0105tkowym.<\/p>\r\n\r\n<p>Ceremonia rozpocznie si\u0119 od trzech przem\u00f3wie\u0144: przewodnicz\u0105cego Wsp\u00f3lnoty Izraelickiej w Brukseli Philippe Markiewicza, przewodnicz\u0105cego Centralnego Konsystorza Izraelickiego Belgii prof. Juliena Klenera i wielkiego rabina Brukseli Alberta Guigui. Nast\u0119pnie zostan\u0105 odm\u00f3wione modlitwy za kr\u00f3la, Belgi\u0119, Europ\u0119 i Psalm 153. Ko\u0144cowe przem\u00f3wienie wyg\u0142osi kard. Danneels.<\/p>\r\n\r\n<p>76-letni kard. Godfried Danneels jest od 1979 r. arcybiskupem metropolit\u0105 Mechelen-Brukseli, a od 1980 r. tak\u017ce biskupem polowym Belgii. Przewodniczy r\u00f3wnie\u017c konferencji episkopatu tego kraju. Do godno\u015bci kardynalskiej zosta\u0142 podniesiony w 1983 r.<\/p>\r\n\r\n<p>Christianitas za: KAI\/jk\/wiara.pl<\/p>\r\n\r\n<p><br class=\"spacer_\" \/><\/p>\r\n\r\n\r\n<blockquote><p><strong>ZOB. R\u00d3WNIE\u017b:<\/strong><\/p>\r\n\r\n\r\n<ul>\r\n\t\t<li> <a title=\" Specjalna nagroda syjonist\u00f3w ameryka\u0144skich dla kardyna\u0142a Keelera\" rel=\"bookmark\" href=\"..\/..\/?p=395\">Specjalna nagroda syjonist\u00f3w ameryka\u0144skich dla kardyna\u0142a Keelera<\/a><\/li>\r\n\t\t<li><a title=\" Nowy Jork: Wsp\u00f3lna kolacja sederowa abp. Dolana i szefa ADL - Foxmana; \u017cydowskie b\u0142ogos\u0142awie\u0144stwa dla nowego biskupa\" rel=\"bookmark\" href=\"..\/..\/?p=8925\">Nowy Jork: Wsp\u00f3lna kolacja sederowa abp. Dolana i szefa ADL &#8211; Foxmana; \u017cydowskie b\u0142ogos\u0142awie\u0144stwa dla nowego biskupa<\/a><\/li>\r\n\t\t<li><a title=\" Kardyna\u0142 O\u2019Malley: \"nie wolno tolerowa\u0107 negowania Holokaustu\u201d\" rel=\"bookmark\" href=\"..\/..\/?p=8889\">Kardyna\u0142 O\u2019Malley: &#8222;nie wolno tolerowa\u0107 negowania Holokaustu\u201d<\/a><\/li>\r\n\t\t<li><a title=\" (Zjudaizowany) Arcybiskup australijski: Nie wolno opowiada\u0107 kawa\u0142\u00f3w o \u017bydach\" rel=\"bookmark\" href=\"..\/..\/?p=8750\">(Zjudaizowany) Arcybiskup australijski: Nie wolno opowiada\u0107 kawa\u0142\u00f3w o \u017bydach<\/a><\/li>\r\n\t\t<li><a title=\" Lusia Ogi\u0144ska: Synagoga rzymsko-katolicka\" rel=\"bookmark\" href=\"..\/..\/?p=8612\">Synagoga rzymsko-katolicka &#8211; <em>Lusia Ogi\u0144ska<\/em><\/a><\/li>\r\n\t\t<li><a title=\" Niemieccy \"katolicy\u201d w akcji: M\u0119ka Chrystusa by\u0142a bez sensu\" rel=\"bookmark\" href=\"..\/..\/?p=8370\">Niemieccy &#8222;katolicy\u201d w akcji: M\u0119ka Chrystusa by\u0142a bez sensu<\/a><\/li>\r\n\t\t<li><a title=\" Los Angeles: Kardyna\u0142 Mahony zakaza\u0142 wst\u0119pu bp. Richardowi Williamsonowi do swojej diecezji\" rel=\"bookmark\" href=\"..\/..\/?p=7279\">Los Angeles: Kardyna\u0142 Mahony zakaza\u0142 wst\u0119pu bp. Richardowi Williamsonowi do swojej diecezji<\/a><\/li>\r\n\t\t<li><a title=\" Kard. O\u2019Malley: \"Holokaust najwi\u0119ksz\u0105 zbrodni\u0105 w historii ludzko\u015bci\u201d. Przed arcybiskupstem wybuduj\u0119 \"wielk\u0105 menor\u0119\u201d\" rel=\"bookmark\" href=\"..\/..\/?p=7045\">Kard. O\u2019Malley: &#8222;Holokaust najwi\u0119ksz\u0105 zbrodni\u0105 w historii ludzko\u015bci\u201d. Przed arcybiskupstem wybuduj\u0119 &#8222;wielk\u0105 menor\u0119\u201d<\/a><\/li>\r\n\t\t<li><a title=\" \u017bydzi: Lubimy chrze\u015bcijan, ale bez ich ko\u015bcio\u0142\u00f3w\" rel=\"bookmark\" href=\"..\/..\/?p=6956\">\u017bydzi: Lubimy chrze\u015bcijan, ale bez ich ko\u015bcio\u0142\u00f3w<\/a><\/li>\r\n\t\t<li><a title=\" Judaizacja spo\u0142ecze\u0144stwa nabiera tempa: udzia\u0142 s\u0119dziego federalnego Antonin Scalia w debacie o prawie talmudycznym\" rel=\"bookmark\" href=\"..\/..\/?p=6148\">Judaizacja spo\u0142ecze\u0144stwa nabiera tempa: udzia\u0142 s\u0119dziego federalnego Antonin Scalia w debacie o prawie talmudycznym<\/a><\/li>\r\n\t\t<li><a title=\" B\u0142\u0105dzenie biskupa T. Dolan, nowego arcybiskupa Diecezji Nowy Jork\" rel=\"bookmark\" href=\"..\/..\/?p=8316\">B\u0142\u0105dzenie biskupa T. Dolan, nowego arcybiskupa Diecezji Nowy Jork<\/a><a title=\" Kardyna\u0142 O\u2019Malley: \"nie wolno tolerowa\u0107 negowania Holokaustu\u201d\" rel=\"bookmark\" href=\"..\/..\/?p=8889\"> <\/a> <\/li>\r\n<\/ul>\r\n<\/blockquote>","protected":false},"excerpt":{"rendered":"Przedstawiciele wsp\u00f3lnoty \u017cydowskiej w Belgii, w Wielkiej Synagodze w Brukseli, z\u0142o\u017c\u0105 ho\u0142d prymasowi Belgii, kard. G. Danneelsowi. W Wielkiej Synagodze w Brukseli 14 czerwca ho\u0142d prymasowi Belgii z\u0142o\u017c\u0105 najwy\u017csi przedstawiciele wsp\u00f3lnoty \u017cydowskiej w tym kraju. Zdaniem tamtejszej agencji katolickiej Catho.be, b\u0119dzie to wydarzenie o charakterze wyj\u0105tkowym. Ceremonia rozpocznie si\u0119 od trzech przem\u00f3wie\u0144: przewodnicz\u0105cego Wsp\u00f3lnoty Izraelickiej [&hellip;]","protected":false},"author":1,"featured_media":0,"comment_status":"closed","ping_status":"closed","sticky":false,"template":"","format":"standard","meta":{"_acf_changed":false,"_monsterinsights_skip_tracking":false,"_monsterinsights_sitenote_active":false,"_monsterinsights_sitenote_note":"","_monsterinsights_sitenote_category":0,"ngg_post_thumbnail":0,"footnotes":"","_wp_rev_ctl_limit":""},"categories":[3],"tags":[53,101,33],"acf":[],"_links":{"self":[{"href":"https:\/\/www.bibula.com\/index.php?rest_route=\/wp\/v2\/posts\/10337"}],"collection":[{"href":"https:\/\/www.bibula.com\/index.php?rest_route=\/wp\/v2\/posts"}],"about":[{"href":"https:\/\/www.bibula.com\/index.php?rest_route=\/wp\/v2\/types\/post"}],"author":[{"embeddable":true,"href":"https:\/\/www.bibula.com\/index.php?rest_route=\/wp\/v2\/users\/1"}],"replies":[{"embeddable":true,"href":"https:\/\/www.bibula.com\/index.php?rest_route=%2Fwp%2Fv2%2Fcomments&post=10337"}],"version-history":[{"count":0,"href":"https:\/\/www.bibula.com\/index.php?rest_route=\/wp\/v2\/posts\/10337\/revisions"}],"wp:attachment":[{"href":"https:\/\/www.bibula.com\/index.php?rest_route=%2Fwp%2Fv2%2Fmedia&parent=10337"}],"wp:term":[{"taxonomy":"category","embeddable":true,"href":"https:\/\/www.bibula.com\/index.php?rest_route=%2Fwp%2Fv2%2Fcategories&post=10337"},{"taxonomy":"post_tag","embeddable":true,"href":"https:\/\/www.bibula.com\/index.php?rest_route=%2Fwp%2Fv2%2Ftags&post=10337"}],"curies":[{"name":"wp","href":"https:\/\/api.w.org\/{rel}","templated":true}]}}