{"id":103354,"date":"2018-08-16T09:51:55","date_gmt":"2018-08-16T13:51:55","guid":{"rendered":"http:\/\/www.bibula.com\/?p=103354"},"modified":"2018-08-16T09:53:13","modified_gmt":"2018-08-16T13:53:13","slug":"polska-armia-istnieje-tylko-teoretycznie-rozmowa-z-jackiem-hoga-z-fundacji-ad-arma","status":"publish","type":"post","link":"https:\/\/www.bibula.com\/?p=103354","title":{"rendered":"Polska armia istnieje tylko teoretycznie &#8211; <em>rozmowa z Jackiem Hog\u0105 z Fundacji Ad Arma<\/em>"},"content":{"rendered":"<p><strong>Obecnie w Polsce \u017cadna jednostka nie pe\u0142ni dy\u017curu bojowego. \u0179o\u0142nierze zawodowi cz\u0119sto mieszkaj\u0105 ponad 20 kilometr\u00f3w od jednostek, za\u015b sk\u0142ady amunicji, paliw i sprz\u0119tu s\u0105 cz\u0119sto w innych miejscowo\u015bciach ni\u017c jednostki bojowe. Tak jak husaria by\u0142a w czasach upadku Rzeczypospolitej jazd\u0105 pogrzebow\u0105, tak my dzi\u015b mamy armi\u0119 defiladow\u0105. Co znamienne, poniewa\u017c z perspektywy mocarstw defiluj\u0105 przegrani, a zwyci\u0119scy dumnie paraduj\u0105 &#8211; m\u00f3wi w rozmowie z PCh24.pl Jacek Hoga, prezes fundacji Ad Arma.<\/strong><strong><em>&nbsp;<\/em><\/strong><\/p>\r\n<p><br>\r\n<strong><em>Od 19 lat Rzeczpospolita Polska jest cz\u0142onkiem NATO. W jaki spos\u00f3b przynale\u017cno\u015b\u0107 do Paktu P\u00f3\u0142nocnoatlantyckiego wp\u0142yn\u0119\u0142a na stan polskiej armii?<br>\r\n<\/em><\/strong>Dzisiaj polskie si\u0142y zbrojne s\u0105 mas\u0105 upad\u0142o\u015bciow\u0105 po Ludowym Wojsku Polskim. Nie posiadaj\u0105 ju\u017c jednak ich kompetencji taktycznej (operacyjnej nie by\u0142o &#8211; by\u0142a zakazana). Posiadamy w wi\u0119kszo\u015bci ten sam sprz\u0119t, tylko ju\u017c na wyko\u0144czeniu resurs\u00f3w i nieadekwatny do dzisiejszych potrzeb. Brak du\u017cych \u0107wicze\u0144, brak nowego sprz\u0119tu, brak gotowo\u015bci bojowej. Zw\u0142aszcza to ostatnie boli, poniewa\u017c jest, o ironio, efektem uzawodowienia Wojska Polskiego.<\/p>\r\n<p><strong><em>Czy obecno\u015b\u0107 na terytorium Polski ameryka\u0144skich \u017co\u0142nierzy powinni\u015bmy traktowa\u0107 jako sukces czy potencjalne niebezpiecze\u0144stwo?<\/em><\/strong><\/p>\r\n<p><span class=\"pullquote\">Ameryka\u0144scy \u017co\u0142nierze s\u0105 tu by chroni\u0107&#8230; ameryka\u0144skie interesy. Nie polskie! Ameryka\u0144skie!<\/span><\/p>\r\n<p>Prosz\u0119 zauwa\u017cy\u0107 ciekaw\u0105 r\u00f3\u017cnic\u0119: w zgodzie z ameryka\u0144skim prawem armia Stan\u00f3w Zjednoczonych ma broni\u0107 ameryka\u0144skich interes\u00f3w (podobnie jest w Rosji), natomiast Wojsko Polskie ma obowi\u0105zek broni\u0107\u2026 polskich granic. Nie jest to bynajmniej r\u00f3\u017cnica semantyczna. Ten stan prawny przez lata kszta\u0142towa\u0142 mentalno\u015b\u0107 naszych oficer\u00f3w oraz doprowadzi\u0142 do stanu bezw\u0142adno\u015bci. Nasze granice s\u0105 nienaruszone, jednak nasze interesy nie s\u0105 chronione nawet na naszym terytorium.<br>\r\n<br>\r\n<strong><em>Czy naprawd\u0119 jeste\u015bmy uzale\u017cnieni od USA w kwestii wojskowo\u015bci? Czy z\u0142o\u015bliwe por\u00f3wnania do \u201ewiecznego sojuszu PRL z ZSRR\u201d s\u0105 w tym wypadku uzasadnione?<\/em><\/strong><\/p>\r\n<p>R\u00f3\u017cnica jest taka, \u017ce za PRL mieli\u015bmy mie\u0107 okre\u015blone zdolno\u015bci na poziomie taktycznym w wojnie pe\u0142no-skalowej. Dzi\u015b w oczach ameryka\u0144skich ekspert\u00f3w jest to niepo\u017c\u0105dane. Naszym poziomem kompetencji ma by\u0107 kompania w wojnie hybrydowej\/asymetrycznej dowodzona przez przyjaci\u00f3\u0142 zza oceanu. I nie jest to moja opinia, tylko oceny publicznie wyg\u0142aszane nad Potomakiem. <br>\r\n<br>\r\n<strong><em>Co&nbsp;jest&nbsp;dzi\u015b&nbsp;najwi\u0119kszym&nbsp;problemem&nbsp;polskiej&nbsp;armii?<\/em><\/strong><\/p>\r\n<p>Serwilizm kadry oficerskiej i patologiczna zale\u017cno\u015b\u0107 w kwestiach merytorycznych od analfabet\u00f3w wojskowych na sto\u0142kach ministerialnych.<\/p>\r\n<p>W obecnej sytuacji cywilny nadz\u00f3r nad wojskiem oznacza w praktyce ca\u0142kowit\u0105 kontrol\u0119 nad nim ambasady ameryka\u0144skiej (przedtem niemieckiej), czyli <em>de facto<\/em> demonta\u017c realnych mo\u017cliwo\u015bci i blokowanie potencja\u0142u.<\/p>\r\n<p>Jest to ca\u0142kowita recydywa saska. R\u00f3\u017cnica jest taka, \u017ce stworzenie realnej si\u0142y dzi\u015b jest bardziej czasoch\u0142onne ni\u017c w XVIII wieku. Co wi\u0119cej, wtedy spo\u0142ecze\u0144stwo by\u0142o uzbrojone po z\u0119by. Dzi\u015b natomiast jeste\u015bmy ca\u0142kowicie rozbrojeni.<br>\r\n<br>\r\n<strong><em>Przejd\u017amy do analizy stanu poszczeg\u00f3lnych jednostek wojska polskiego. Czy Marynarka Wojenna \u201ema si\u0119 dobrze\u201d?<\/em><\/strong><\/p>\r\n<p>Polska Marynarka nie istnieje. Jedyny jej skuteczny komponent to Morska Jednostka Rakietowa, czyli wyrzutnie rakiet przeciwokr\u0119towych na ci\u0119\u017car\u00f3wkach. Brak modernizacji, brak nowych okr\u0119t\u00f3w, brak amunicji (np. rakiet, torped). Jedyny rozs\u0105dny okr\u0119t podwodny jest niezdolny do dzia\u0142a\u0144 po \u201epo\u017carze\u201d. <br>\r\n<br>\r\n<strong><em>By\u0142y szef MON Antoni Macierewicz zapowiada\u0142, \u017ce Polska zakupi okr\u0119ty podwodne. Jak ocenia Pan ten pomys\u0142? Dlaczego mimo ogromnej kampanii w tej sprawie ostatecznie najprawdopodobniej nie zostanie on zrealizowany?<\/em><\/strong><\/p>\r\n<p>Ten cz\u0142owiek na stanowisku szefa MON z\u0142o\u017cy\u0142 tyle obietnic bez pokrycia, \u017ce powinien do ko\u0144ca \u017cycia ze wstydu nie pokazywa\u0107 si\u0119 publicznie, je\u015bli ma jeszcze jakie\u015b resztki sumienia.<\/p>\r\n<p>W najbli\u017cszym czasie nie ma co si\u0119 spodziewa\u0107 dostaw okr\u0119t\u00f3w podwodnych. Nale\u017cy si\u0119 przy tym zastanowi\u0107, czy rzeczywi\u015bcie s\u0105 one zakupem pierwszej potrzeby. Cho\u0107 jest to sprz\u0119t skuteczny, to jednak Polska jest pa\u0144stwem o granicach g\u0142\u00f3wnie l\u0105dowych, a potencjalni przeciwnicy raczej przyjd\u0105 l\u0105dem.<br>\r\n<br>\r\n<strong><em>Jaki&nbsp;jest&nbsp;stan&nbsp;polskich&nbsp;wojsk&nbsp;l\u0105dowych&nbsp;i&nbsp;pancernych?<\/em><\/strong><\/p>\r\n<p>Wojska l\u0105dowe, kt\u00f3rych cz\u0119\u015bci\u0105 s\u0105 jednostki pancerne, pozostaj\u0105 g\u0142\u00f3wn\u0105 si\u0142\u0105 pa\u0144stwa polskiego. I jako takie nigdy, wed\u0142ug mojej wiedzy, za czas\u00f3w III RP nie \u0107wiczy\u0142y na poziomie batalionu w pe\u0142nym sk\u0142adzie osobowym i sprz\u0119towym (kilkuset ludzi). Sprz\u0119t jest starszy od \u017co\u0142nierzy czasem o ca\u0142e pokolenie (sic!), niemodernizowany. Brak jest zgrania pododdzia\u0142\u00f3w, brak realistycznych szkole\u0144.<\/p>\r\n<p>Jednak najbardziej ra\u017c\u0105cym wska\u017anikiem ich s\u0142abo\u015bci s\u0105 zdolno\u015bci przeciwpancerne. Polska brygada zmotoryzowana (Rosomaki) ma 9-razy mniej \u015brodk\u00f3w przeciwpancernych ni\u017c jej ameryka\u0144ski odpowiednik na Styker\u2019ach. Polskie bojowe wozy piechoty nie maj\u0105 takich zdolno\u015bci wcale, poniewa\u017c przeciwpancerne pociski rakietowe, kt\u00f3re mia\u0142y na stanie by\u0142y tak stare, \u017ce trzeba by\u0142o je zez\u0142omowa\u0107.<\/p>\r\n<p>Natomiast nokaut jest, gdy por\u00f3wnamy zdolno\u015b\u0107 przebijania pancerza tych nielicznych \u015brodk\u00f3w, kt\u00f3re mamy, ze spodziewan\u0105 odporno\u015bci\u0105 rosyjskich czo\u0142g\u00f3w (ponad 700 mm stali). Granatniki&nbsp; piechoty oko\u0142o 300 mm, pociski podkalibrowe dla czo\u0142g\u00f3w T-72 i PT-91 oko\u0142o 300 mm plus po 4 sztuki (s\u0142ownie: cztery!) na czo\u0142g ze skuteczno\u015bci\u0105 oko\u0142o 500 mm. Mo\u017cliwo\u015bci amunicji Leopard\u00f3w dost\u0119pnej dla nas r\u00f3wnie\u017c s\u0105 poni\u017cej 700 mm.<\/p>\r\n<p>Tu wi\u0119c wida\u0107 wyra\u017anie, \u017ce nasze mo\u017cliwo\u015bci w wojnie pe\u0142no-skalowej s\u0105 skutecznie trzymane na poziomie, kt\u00f3ry gwarantuje si\u0142om mocarstw generacyjn\u0105 przewag\u0119 nad Wojskiem Polskim (zar\u00f3wno wschodnim jak i zachodnim).<br>\r\n<br>\r\n<strong><em>Czy sztandarowy pomys\u0142 PiS, czyli tworzenie Wojsk Obrony Terytorialnej mo\u017ce przynie\u015b\u0107 realn\u0105, pozytywn\u0105 zmian\u0119 i poprawi\u0107 stan jednostek l\u0105dowych i pancernych?<\/em><\/strong><\/p>\r\n<p>Niestety w obecnym kszta\u0142cie WOT jest marnowaniem si\u0142 i \u015brodk\u00f3w.<\/p>\r\n<p>Co jest celem istnienia WOT? Ot\u00f3\u017c w zamy\u015ble propagator\u00f3w wojska te powinny spowodowa\u0107 uwolnienie si\u0142 operacyjnych z drugorz\u0119dnych kierunk\u00f3w i pozbawi\u0107 przeciwnika swobody operacyjnej na naszym terytorium. Jest to wsp\u00f3\u0142czesna inkarnacja Pospolitego Ruszenia do obrony ziemi.<\/p>\r\n<p>Jest to jednak projekt podw\u00f3jnie nietrafiony. Po pierwsze jest ca\u0142kowicie uzale\u017cniony od dow\u00f3dztwa w Warszawie. Zar\u00f3wno decyzyjnie jak i logistycznie. Nie jest wi\u0119c w stanie samodzielnie stawi\u0107 skutecznego oporu\/zwi\u0105zania si\u0142 przeciwnika. Po drugie jest stworzony odg\u00f3rnie i jako formacja p\u0142atna. Zabiera wi\u0119c finanse z g\u0142\u00f3wnych projekt\u00f3w modernizacyjnych.<\/p>\r\n<p>Mia\u0142 to by\u0107 taki substytut powszechnego dost\u0119pu do broni, w tym ci\u0119\u017ckiej. Mia\u0142 mie\u0107 zalety obrony potocznej z jednoczesnym zapewnieniem Warszawie pe\u0142nej kontroli nad tym potencjalnym \u017ar\u00f3d\u0142em si\u0142y zbrojnej &#8211; wi\u0119c politycznej.<\/p>\r\n<p>Nie da si\u0119 jednak odg\u00f3rnie stworzy\u0107 i kontrolowa\u0107 wojsk, kt\u00f3rych si\u0142a le\u017cy w poczuciu obywatelskiego obowi\u0105zku i wolno\u015bci osobistej. Moskwa ju\u017c pr\u00f3bowa\u0142a to zrobi\u0107 w XVII wieku. Zrobili swoj\u0105 wersj\u0119 Husarii, z tym \u017ce nie by\u0142a ona nic warta. Poniewa\u017c jej si\u0142a nie le\u017ca\u0142a w metodzie walki, czy uzbrojeniu, a w nastawieniu woli os\u00f3b w niej s\u0142u\u017c\u0105cych.<br>\r\n<br>\r\n<strong><em>Jak&nbsp;kszta\u0142tuje&nbsp;si\u0119&nbsp;sytuacja&nbsp;w&nbsp;polskim&nbsp;lotnictwie?<\/em><\/strong><\/p>\r\n<p>Mamy 48 samolot\u00f3w, kt\u00f3re s\u0105 prawdopodobnie pod zdaln\u0105 kontrol\u0105 USA. Wi\u0119c je\u015bli b\u0119dziemy chcieli ich u\u017cy\u0107 bez ich zgody, to po prostu nie b\u0119dzie takiej mo\u017cliwo\u015bci. \u0141a\u0144cuch dostaw powoduje, \u017ce na prozaiczne cz\u0119\u015bci cz\u0119sto mechanicy musz\u0105 czeka\u0107 wiele miesi\u0119cy. A jest to obiektywnie jedyny skuteczny or\u0119\u017c w r\u0119kach Si\u0142 Powietrznych. Warto przy tym pami\u0119ta\u0107, \u017ce w zgodzie z uk\u0142adami mi\u0119dzynarodowymi mamy prawo posiada\u0107 460 samolot\u00f3w bojowych. Do tego jeszcze mamy troch\u0119 MiG\u00f3w i \u201e\u015blepych bokser\u00f3w\u201d Su-22, kt\u00f3re nie nadaj\u0105 si\u0119 ju\u017c do niczego.<\/p>\r\n<p><strong><em>15 lat temu rz\u0105d SLD-PSL zakupi\u0142 od USA 48 samolot\u00f3w F-16. Czy nie nadszed\u0142 czas na ich wymian\u0119?<\/em><\/strong><\/p>\r\n<p>Jeszcze s\u0105 istotnym sk\u0142adnikiem si\u0142y. Problemem jednak pozostaje brak cz\u0119\u015bci zamiennych, metody szkoleniowe oraz brak polskiej bazy szkoleniowej. Nale\u017cy jednak zastanowi\u0107 si\u0119 czy nowe samoloty wielozadaniowe powinny by\u0107 priorytetem dla Wojska Polskiego. Przy mo\u017cliwo\u015bciach rosyjskiej obrony przeciwlotniczej i wysokim koszcie nowoczesnych samolot\u00f3w, wraz z ich uwi\u0105zaniem do zaawansowanych lotnisk wydaje si\u0119, \u017ce pieni\u0105dze polskiego podatnika mo\u017cna wyda\u0107 efektywniej na przyk\u0142ad na zestawy przeciwlotnicze. Potrzebne s\u0105 tu jednak analizy koszt-efekt.<br>\r\n<br>\r\n<strong><em>Czym&nbsp;s\u0105&nbsp;Wojska&nbsp;Specjalne&nbsp;i&nbsp;jaka&nbsp;jest&nbsp;ich&nbsp;kondycja?<\/em><\/strong><\/p>\r\n<p>To jest bardzo dobre pytanie. Po pierwsze jakie maja mie\u0107 zadania na czas wojny? Czy jeste\u015bmy w stanie je samodzielnie postawi\u0107? Niestety wed\u0142ug naszego aktualnego sojusznika &#8211; nie. Maj\u0105 chyba racj\u0119.<\/p>\r\n<p>Wojska Specjalne s\u0105 bardzo skutecznym podwykonawc\u0105 dla dow\u00f3dztwa si\u0142 specjalnych USA. Co wi\u0119cej pozostaje otwarte pytanie, gdzie le\u017cy ich lojalno\u015b\u0107? W zderzeniu pomi\u0119dzy skandalicznym brakiem profesjonalizmu polskiego MON-u a merytoryczno\u015bci\u0105 Amerykan\u00f3w istnieje powa\u017cna obawa, \u017ce wieloletnie braterstwo broni z nimi b\u0119dzie wp\u0142ywa\u0107 na ich decyzje w razie ewentualnego konfliktu interes\u00f3w pomi\u0119dzy USA, a Polsk\u0105<br>\r\n<br>\r\n<strong><em>Przez lata szczycili\u015bmy si\u0119 jednostk\u0105 GROM, kt\u00f3ra nale\u017ca\u0142a do jednej z najbardziej elitarnych na \u015bwiecie. Sk\u0105d takie oceny i jak jest dzisiaj?<\/em><\/strong><\/p>\r\n<p>Jest to jednostka, kt\u00f3rej rzeczywist\u0105 si\u0142\u0105, cho\u0107by by\u0142a legendarna, nie wp\u0142ynie na wynik jakiejkolwiek wojny. S\u0105 to nieliczne pododdzia\u0142y lekkiej piechoty do zada\u0144 specjalnych. Tyle i tylko tyle.<br>\r\n<br>\r\n<strong><em>Jak kszta\u0142tuje si\u0119 kadra oficerska Wojska Polskiego? Gdzie s\u0105 szkoleni, gdzie zdobywaj\u0105 do\u015bwiadczenie bojowe? Czy nadal znajduj\u0105 si\u0119 w jej szeregach wojskowi s\u0142u\u017c\u0105cy w LWP?<\/em><\/strong><\/p>\r\n<p>Powa\u017cnych szkole\u0144 w Polsce nie by\u0142o odk\u0105d wyszli\u015bmy z Uk\u0142adu Warszawskiego. St\u0105d, co jest nawet dosy\u0107 zabawne, ci nieliczni, co pami\u0119taj\u0105 czasy LWP w tej kwestii widzieli cho\u0107 troch\u0119 wi\u0119cej ni\u017c ich nast\u0119pcy.<\/p>\r\n<p>Co wa\u017cne po\u015br\u00f3d m\u0142odszych oficer\u00f3w jest nadreprezentacja kobiet i os\u00f3b po kilkumiesi\u0119cznych kursach. Maj\u0105c zawodowe wojsko mamy dow\u00f3dc\u00f3w szkolonych wed\u0142ug wzorc\u00f3w armii poborowej w czasie wojny. Skutki tego mog\u0105 ogl\u0105da\u0107 z bliska nasi aktualni sojusznicy, co w cz\u0119\u015bci wyja\u015bnia ich lekcewa\u017cenie, z jakim odnosz\u0105 si\u0119 do naszych si\u0142 zbrojnych.<br>\r\n<br>\r\n<strong><em>Rz\u0105d PiS zapowiedzia\u0142 \u201eratowanie\u201d czy te\u017c \u201eodrodzenie\u201d polskiego przemys\u0142u zbrojeniowego. Czy podj\u0119to realne dzia\u0142ania w tej sprawie?<\/em><\/strong><\/p>\r\n<p>Nie. Jest obietnica bez pokrycia. W praktyce mamy zwalczaj\u0105ce si\u0119 kliki w Polskiej Grupie Zbrojeniowej. I nie s\u0105 to walki z mianowanymi przez poprzedni rz\u0105d, a bezpardonowe walki pomi\u0119dzy koteriami wewn\u0119trznymi PiS-u.<\/p>\r\n<p>Obawiam si\u0119, \u017ce nic tu si\u0119 nie zmieni dop\u00f3ty, dop\u00f3ki brakuje nam prywatnych zak\u0142ad\u00f3w zbrojeniowych. Rz\u0105d jednak nie do\u015b\u0107, \u017ce nie pomaga poprzez wprowadzanie uproszcze\u0144 w procedurach prawnych, ale nawet blokuje zakupy z firm prywatnych poprzez szanta\u017c. Znany jest tu przyk\u0142ad z blokowaniem zakup\u00f3w polskich samob\u00f3jczych dron\u00f3w Warmate (przeboju eksportowego) a\u017c zarz\u0105d tej prywatnej sp\u00f3\u0142ki zgodzi\u0142 si\u0119 na sprzeda\u017c du\u017cego pakietu swoich akcji pa\u0144stwu. Polskie prawo uniemo\u017cliwia w praktyce rozw\u00f3j tej bran\u017cy.<br>\r\n<br>\r\n<strong><em>Co sta\u0142o si\u0119 z polsk\u0105 armi\u0105, \u017ce w II RP byli\u015bmy w stanie sami zaprojektowa\u0107 i wyprodukowa\u0107 nowoczesn\u0105 bro\u0144 jak bombowiec PZL.37 \u0141o\u015b czy karabin przeciwpancerny wz\u00f3r 35, znany tak\u017ce jako Ur, a III RP od kilku lat nie jest w stanie zrealizowa\u0107 przetarg\u00f3w na Caracale i Patrioty?<\/em><\/strong><\/p>\r\n<p>Mamy tu do czynienia z dwoma problemami. Po pierwsze nie istnieje polski przemys\u0142 zbrojeniowy. Mamy tylko pa\u0144stwowy przemys\u0142. Jest on kontrolowany przez sitwy i s\u0142u\u017cby, kt\u00f3re pilnuj\u0105, kto ma zarobi\u0107 i aby tylko ludzie lojalni dla w\u0142adzy\/s\u0142u\u017cb mogli awansowa\u0107. Merytoryczno\u015b\u0107 nie gra tu roli.<\/p>\r\n<p>Po drugie wszelkie potencjalne sukcesy s\u0105 topione w \u0142y\u017cce wody zanim si\u0119 rozwin\u0105. Do\u015bwiadczenie sugeruje tu decyzje ameryka\u0144skie. Samodzielno\u015b\u0107 w produkcji wa\u017cnych rodzaj\u00f3w uzbrojenia jest nam po prostu zabroniona. Ka\u017cdy produkt uznany za istotny musi mie\u0107 tak zwan\u0105 z\u0142ot\u0105 \u015brubk\u0119 sprowadzan\u0105 od sojusznik\u00f3w. Dzi\u0119ki temu maj\u0105 nad nami pe\u0142n\u0105 kontrol\u0119.<\/p>\r\n<p><br>\r\n<strong><em>Z jednej strony prezydent Duda podpisa\u0142 ustaw\u0119 na mocy kt<\/em><\/strong><strong><em>\u00f3rej Polska zobowi\u0105za\u0142a si\u0119 wyposa\u017cy\u0107 stacjonuj\u0105ce na naszym terytorium wojska NATO. Z drugiej za\u015b okazuje si\u0119, \u017ce polskiej armii brakuje\u2026 kilkudziesi\u0119ciu tysi\u0119cy mundur\u00f3w. Paradoks czy groteska?<\/em><\/strong><\/p>\r\n<p>To jest obraz zarz\u0105dzania komisyjnego. Brak odpowiedzialno\u015bci osobistej i decyzyjno\u015bci w r\u0119kach jednej osoby, wraz z wymogiem koordynacji decyzji z innymi komisjami (teoretycznie by zapewni\u0107 modny efekt \u201esynergii\u201d) prowadzi do tego typu absurd\u00f3w.<br>\r\n<br>\r\n<strong><em>Czy polska armia by\u0142aby w stanie obroni\u0107 nasz\u0105 ojczyzn\u0119 przed ewentualnym atakiem?<\/em><\/strong><\/p>\r\n<p>Nie. Nasze pa\u0144stwo istnieje tylko formalnie. \u015awiadomo\u015b\u0107 tego jest pe\u0142na r\u00f3wnie\u017c po\u015br\u00f3d os\u00f3b rz\u0105dz\u0105cych. I nie ma woli politycznej by to zmieni\u0107. Wi\u0105\u017ce si\u0119 to z ryzykiem, kt\u00f3rego chc\u0105 unikn\u0105\u0107. \u0179eby by\u0142a jasno\u015b\u0107 ryzykiem osobistym dla nich. A nikt z nich nie wierzy w skuteczno\u015b\u0107 ochrony przez polskie s\u0142u\u017cby. Dlatego te\u017c \u017cadne rzeczywiste reformy w armii nie s\u0105 podejmowane. Osoba odpowiedzialna za to politycznie ponios\u0142aby konsekwencje, nie tylko polityczne.<br>\r\n<br>\r\n<strong><em>Jak ocenia Pan udzia\u0142 polskich wojsk w operacjach NATO w Iraku, Afganistanie, Kosowie etc.?<\/em><\/strong><\/p>\r\n<p>Jest to do\u015bwiadczenie z wojen kolonialnych. Cho\u0107 daje do\u015bwiadczanie to jednocze\u015bnie ca\u0142kowicie odstaje od reali\u00f3w w jakich b\u0119dzie &#8211; nie daj Bo\u017ce &#8211; obrona kraju. Sta\u0142e bazy wzgl\u0119dnie bezpieczne, ochrona linii komunikacyjnych, ewakuacja medyczna na zawo\u0142anie, to wszystko s\u0105 rzeczy, kt\u00f3rych w wojnie obronnej nie b\u0119dzie. Najbardziej cenne do\u015bwiadczenia mog\u0105 mie\u0107 paradoksalnie nasi przeciwnicy. Powinni\u015bmy je studiowa\u0107 z uwag\u0105.<br>\r\n<br>\r\n<strong><em>Czym jest wojna hybrydowa i czy Polska jest w stanie skutecznie obroni\u0107 si\u0119 przed tego typu atakami?<\/em><\/strong><\/p>\r\n<p>Jest to modne sformu\u0142owanie wytrych. Jednak je\u015bli rozumiemy pod nim atak nieregularnych si\u0142 lekkich, to nie jeste\u015bmy w stanie zapewni\u0107 sprawnego dzia\u0142ania pa\u0144stwa w takich realiach. Prosz\u0119 pami\u0119ta\u0107, \u017ce obecnie w Polsce \u017cadna jednostka nie pe\u0142ni dy\u017curu bojowego. \u0179o\u0142nierze zawodowi cz\u0119sto mieszkaj\u0105 ponad 20 kilometr\u00f3w od jednostek, za\u015b sk\u0142ady amunicji paliw i sprz\u0119tu s\u0105 cz\u0119sto w innych miejscowo\u015bciach ni\u017c jednostki bojowe. Husaria by\u0142a w czasach upadku jazd\u0105 pogrzebow\u0105, my dzi\u015b mamy armi\u0119 defiladow\u0105. Co znamienne, poniewa\u017c z perspektywy mocarstw defiluj\u0105 przegrani, zwyci\u0119scy dumnie paraduj\u0105. My z okazji 15 sierpnia znowu b\u0119dziemy, w defiladzie w\u0142a\u015bnie, pokazywa\u0107 sprz\u0119t nadaj\u0105cy si\u0119 w sporej cz\u0119\u015bci do muze\u00f3w&#8230;<\/p>\r\n<p><strong><em>Dzi\u0119kuj\u0119 za rozmow\u0119.<\/em><\/strong><\/p>\r\n<p>Tomasz D. Kolanek<\/p>","protected":false},"excerpt":{"rendered":"Obecnie w Polsce \u017cadna jednostka nie pe\u0142ni dy\u017curu bojowego. \u0179o\u0142nierze zawodowi cz\u0119sto mieszkaj\u0105 ponad 20 kilometr\u00f3w od jednostek, za\u015b sk\u0142ady amunicji, paliw i sprz\u0119tu s\u0105 cz\u0119sto w innych miejscowo\u015bciach ni\u017c jednostki bojowe. Tak jak husaria by\u0142a w czasach upadku Rzeczypospolitej jazd\u0105 pogrzebow\u0105, tak my dzi\u015b mamy armi\u0119 defiladow\u0105. Co znamienne, poniewa\u017c z perspektywy mocarstw defiluj\u0105 [&hellip;]","protected":false},"author":1,"featured_media":0,"comment_status":"closed","ping_status":"closed","sticky":false,"template":"","format":"standard","meta":{"_acf_changed":false,"_monsterinsights_skip_tracking":false,"_monsterinsights_sitenote_active":false,"_monsterinsights_sitenote_note":"","_monsterinsights_sitenote_category":0,"ngg_post_thumbnail":0,"footnotes":"","_wp_rev_ctl_limit":""},"categories":[9],"tags":[84,98],"acf":[],"_links":{"self":[{"href":"https:\/\/www.bibula.com\/index.php?rest_route=\/wp\/v2\/posts\/103354"}],"collection":[{"href":"https:\/\/www.bibula.com\/index.php?rest_route=\/wp\/v2\/posts"}],"about":[{"href":"https:\/\/www.bibula.com\/index.php?rest_route=\/wp\/v2\/types\/post"}],"author":[{"embeddable":true,"href":"https:\/\/www.bibula.com\/index.php?rest_route=\/wp\/v2\/users\/1"}],"replies":[{"embeddable":true,"href":"https:\/\/www.bibula.com\/index.php?rest_route=%2Fwp%2Fv2%2Fcomments&post=103354"}],"version-history":[{"count":0,"href":"https:\/\/www.bibula.com\/index.php?rest_route=\/wp\/v2\/posts\/103354\/revisions"}],"wp:attachment":[{"href":"https:\/\/www.bibula.com\/index.php?rest_route=%2Fwp%2Fv2%2Fmedia&parent=103354"}],"wp:term":[{"taxonomy":"category","embeddable":true,"href":"https:\/\/www.bibula.com\/index.php?rest_route=%2Fwp%2Fv2%2Fcategories&post=103354"},{"taxonomy":"post_tag","embeddable":true,"href":"https:\/\/www.bibula.com\/index.php?rest_route=%2Fwp%2Fv2%2Ftags&post=103354"}],"curies":[{"name":"wp","href":"https:\/\/api.w.org\/{rel}","templated":true}]}}