{"id":103017,"date":"2018-08-01T12:19:30","date_gmt":"2018-08-01T16:19:30","guid":{"rendered":"http:\/\/www.bibula.com\/?p=103017"},"modified":"2018-08-01T12:19:30","modified_gmt":"2018-08-01T16:19:30","slug":"wakacyjne-wycieczki-uchodzcow-w-belgii-najpopularniejsze-kierunki-to-irak-syria-i-afganistan","status":"publish","type":"post","link":"https:\/\/www.bibula.com\/?p=103017","title":{"rendered":"Wakacyjne wycieczki uchod\u017ac\u00f3w w Belgii. Najpopularniejsze kierunki to Irak, Syria i Afganistan"},"content":{"rendered":"<p><strong>\u201eW Belgii ro\u015bnie liczba uchod\u017ac\u00f3w, kt\u00f3rzy na wakacje wyje\u017cd\u017caj\u0105 do kraj\u00f3w, z kt\u00f3rych uciekli\u201d &#8211; poinformowa\u0142 we wtorek dziennik \u201eHet Laatste Nieuws\u201d. Zdaniem belgijskiego sekretarza stanu ds. azylu i migracji Theo Franckena jest to koronny dow\u00f3d na to, \u017ce \u201eosoby te nie obawiaj\u0105 si\u0119 prze\u015bladowa\u0144\u201d.<\/strong><strong>&nbsp;<\/strong><\/p>\r\n<p>Z danych opublikowanych przez gazet\u0119 wynika, \u017ce w pierwszym p\u00f3\u0142roczu 2018 roku a\u017c 115 os\u00f3b, kt\u00f3re przyby\u0142y do Belgii i uzyska\u0142y tam status uchod\u017acy odwiedzi\u0142o swoje ojczyste kraje, z kt\u00f3rych uciek\u0142o do Europy. W ocenie Franckena jest to powa\u017cny problem, poniewa\u017c \u201euchod\u017acy, kt\u00f3rzy powracaj\u0105 z w\u0142asnej woli, faktycznie wskazuj\u0105, \u017ce nie czuj\u0105 si\u0119 ju\u017c zagro\u017ceni w kraju, z kt\u00f3rego uciekli\u201d.<\/p>\r\n<p>Zdecydowana wi\u0119kszo\u015b\u0107 spo\u015br\u00f3d 115 uchod\u017ac\u00f3w, o kt\u00f3rych mowa przyby\u0142a do Belgii z Iraku, Syrii i Afganistanu argumentuj\u0105c, \u017ce uciekli stamt\u0105d z powodu zagro\u017cenia zdrowia i \u017cycia. Belgijskie s\u0142u\u017cby wszcz\u0119\u0142y wobec nich dochodzenia i niewykluczone, \u017ce po przeprowadzeniu post\u0119powa\u0144 zostanie im odebrany status uchod\u017acy.<\/p>\r\n<p>&#8211; <em>Oferujemy ochron\u0119 mi\u0119dzynarodow\u0105 osobom, kt\u00f3re nie mog\u0105 powr\u00f3ci\u0107 do swoich kraj\u00f3w pochodzenia. Daje im to pewne uprawnienia, ale tak\u017ce podlegaj\u0105 oni pewnym warunkom. Jednym z nich jest to, \u017ce nie wracaj\u0105. Ka\u017cdy, kto dobrowolnie wyje\u017cd\u017ca na urlop, pokazuje, \u017ce nie obawia si\u0119 ju\u017c prze\u015bladowa\u0144. W przeciwnym razie nie wr\u00f3ci\u0142by, prawda?<\/em> &#8211; zapyta\u0142 Francken.<\/p>\r\n<p>\u0179r\u00f3d\u0142o: polsatnews.pl<\/p>\r\n<p>TK<\/p>","protected":false},"excerpt":{"rendered":"\u201eW Belgii ro\u015bnie liczba uchod\u017ac\u00f3w, kt\u00f3rzy na wakacje wyje\u017cd\u017caj\u0105 do kraj\u00f3w, z kt\u00f3rych uciekli\u201d &#8211; poinformowa\u0142 we wtorek dziennik \u201eHet Laatste Nieuws\u201d. Zdaniem belgijskiego sekretarza stanu ds. azylu i migracji Theo Franckena jest to koronny dow\u00f3d na to, \u017ce \u201eosoby te nie obawiaj\u0105 si\u0119 prze\u015bladowa\u0144\u201d.&nbsp; Z danych opublikowanych przez gazet\u0119 wynika, \u017ce w pierwszym p\u00f3\u0142roczu [&hellip;]","protected":false},"author":1,"featured_media":0,"comment_status":"closed","ping_status":"closed","sticky":false,"template":"","format":"standard","meta":{"_acf_changed":false,"_monsterinsights_skip_tracking":false,"_monsterinsights_sitenote_active":false,"_monsterinsights_sitenote_note":"","_monsterinsights_sitenote_category":0,"ngg_post_thumbnail":0,"footnotes":"","_wp_rev_ctl_limit":""},"categories":[6],"tags":[250,76],"acf":[],"_links":{"self":[{"href":"https:\/\/www.bibula.com\/index.php?rest_route=\/wp\/v2\/posts\/103017"}],"collection":[{"href":"https:\/\/www.bibula.com\/index.php?rest_route=\/wp\/v2\/posts"}],"about":[{"href":"https:\/\/www.bibula.com\/index.php?rest_route=\/wp\/v2\/types\/post"}],"author":[{"embeddable":true,"href":"https:\/\/www.bibula.com\/index.php?rest_route=\/wp\/v2\/users\/1"}],"replies":[{"embeddable":true,"href":"https:\/\/www.bibula.com\/index.php?rest_route=%2Fwp%2Fv2%2Fcomments&post=103017"}],"version-history":[{"count":0,"href":"https:\/\/www.bibula.com\/index.php?rest_route=\/wp\/v2\/posts\/103017\/revisions"}],"wp:attachment":[{"href":"https:\/\/www.bibula.com\/index.php?rest_route=%2Fwp%2Fv2%2Fmedia&parent=103017"}],"wp:term":[{"taxonomy":"category","embeddable":true,"href":"https:\/\/www.bibula.com\/index.php?rest_route=%2Fwp%2Fv2%2Fcategories&post=103017"},{"taxonomy":"post_tag","embeddable":true,"href":"https:\/\/www.bibula.com\/index.php?rest_route=%2Fwp%2Fv2%2Ftags&post=103017"}],"curies":[{"name":"wp","href":"https:\/\/api.w.org\/{rel}","templated":true}]}}