{"id":103008,"date":"2018-08-01T09:32:01","date_gmt":"2018-08-01T13:32:01","guid":{"rendered":"http:\/\/www.bibula.com\/?p=103008"},"modified":"2018-08-01T09:33:41","modified_gmt":"2018-08-01T13:33:41","slug":"grupa-znak-bandyci-z-ak-wojciech-lada-i-bandyci-z-brum-oraz-black-metal","status":"publish","type":"post","link":"https:\/\/www.bibula.com\/?p=103008","title":{"rendered":"Grupa ZNAK, Bandyci z AK, Wojciech Lada i bandyci z BRUM oraz black metal"},"content":{"rendered":"<p><strong>Mamy rok 2018 i obchodzimy setn\u0105 rocznic\u0119 odzyskania niepodleg\u0142o\u015bci. Jutro b\u0119dzie 74 rocznica wybuchu Powstania Warszawskiego. Chcieliby\u015bmy uczci\u0107 nasz\u0105 histori\u0119 i nasz\u0105 Ojczyzn\u0119 w godny spos\u00f3b ale nie by\u0142o nam to dane i nie b\u0119dzie nam to dane.<\/strong><br>\r\n<br>\r\nPatriotyzm, heroizm i katolicyzm naszych przodk\u00f3w tak kogo\u015b uwiera, jak w XIX w. Sob\u00f3r Trydencki i Austro -W\u0119gry uwiera\u0142y&nbsp; sponsor\u00f3w \u201eniepodleg\u0142o\u015bci Italii\u201d i \u201eniepodleg\u0142o\u015bci Czech\u201d i r\u00f3\u017cne \u201emi\u0119dzynarod\u00f3wki\u201d rodem z Genewy.<br>\r\n<br>\r\nDo wyra\u017cania swojej niech\u0119ci owi sponsorzy zatrudniali licznych poet\u00f3w, pisarzy, dziennikarzy i w ten spos\u00f3b powsta\u0142y&nbsp; takie wstrz\u0105saj\u0105ce dzie\u0142a jak np. w roku 1863 \u201eHymn do szatana\u201d (50 sze\u015bciozg\u0142oskowych tetrastych\u00f3w) &#8211; poemat a w 1869 r. proza \u201ePolemiki szata\u0144skie\u201d pana Giosu\u00c3\u00a8 Carducci, kt\u00f3ry doczeka\u0142 si\u0119 literackiej nagrody Nobla&nbsp; w 1906 r.<br>\r\n<br>\r\nTak si\u0119 z\u0142o\u017cy\u0142o, \u017ce \u00f3w hymn jak i \u201epolemiki\u201d poprzedzi\u0142y rozpocz\u0119cie I Soboru Watyka\u0144skiego (1869-1870- zawieszony, bo wojska pana Garibaldiego zdoby\u0142y Rzym).<br>\r\n<br>\r\nNa pocz\u0105tku XX w. pr\u00f3by swoich si\u0142 w literaturze pi\u0119knej w d\u0105\u017ceniu do zlikwidowania tak Ko\u015bcio\u0142a Katolickiego jak i Austro &#8211; W\u0119gier dokona\u0142 cz\u0142onek Partii Socjalistycznej Italii i dziennikarz gazety Il Popolo (Lud) z Trydentu , w\u00f3wczas Austro &#8211; W\u0119gry &#8211; pan Benito Mussolini.<br>\r\n<br>\r\n&nbsp;Ambitny ten m\u0142odzieniec,&nbsp; pozostaj\u0105cy w\u00f3wczas&nbsp; pod opiek\u0105 intelektualn\u0105 pani And\u017celiki Balabanow szefowej&nbsp; W\u0142oskiej Partii Socjalistycznej i&nbsp; intelektualistki rodem z Czernichowa , w miesi\u0105cach stycze\u0144 maj 1910 r. opublikowa\u0142 w odcinkach&nbsp; w owym&nbsp; Il Popolo powie\u015b\u0107 w odcinkach pod tytu\u0142em \u201eL\u2019amante del Cardinale: Claudia Particella: Grande Romanze dei Tempi del Cardinale Emanuel Madruzzo\u201d ( Kochanka Kardyna\u0142a: Claudia Particella: Wielki Romans Czasu Kardyna\u0142a <br>\r\nEmanuela Madruzzo). <br>\r\n&nbsp;<br>\r\n&nbsp;Nazwa\u0142 j\u0105 \u201eromansem historycznym\u201d, ale obsadzi\u0142 w roli g\u0142\u00f3wnej posta\u0107 historyczn\u0105: Carla Emanuela Madruzzi (1599-1658)&nbsp; biskupa Trydentu i ostatniego przedstawiciela rodu Madruzzi, kt\u00f3ry to r\u00f3d da\u0142 Ko\u015bcio\u0142owi a\u017c 4 kardyna\u0142\u00f3w w ci\u0105gu ponad 100 lat. R\u00f3d Madruzzi wygas\u0142 na nim, wi\u0119c nienawidz\u0105cy Ko\u015bcio\u0142a Mussolini m\u00f3g\u0142 bezkarnie snu\u0107 swoje wymys\u0142y o diabolicznych klechach molestuj\u0105cych \u201eprawie \u017con\u0119 kardyna\u0142a\u201d a w ko\u0144cu truj\u0105cych j\u0105 na \u015bmier\u0107.<br>\r\n<br>\r\nNawet najwi\u0119ksi wielbiciele Mussoliniego byli bardzo oszcz\u0119dni w pochwa\u0142ach dla \u201eutworu\u201d ale to nie przeszkodzi\u0142o, aby to dzie\u0142o zosta\u0142o przet\u0142umaczone w 1928 r. na j\u0119zyk angielski i niemiecki i by\u0142o w masowej dystrybucji w Stanach i np. w Indiach w formie ksi\u0105\u017ckowej pt. \u201eCardinal Mistress\u201d. Jeszcze w 1942 r. mo\u017cna j\u0105 by\u0142o znale\u017a\u0107 w bibliotece pewnego angielskiego college\u2019u w brytyjskich Indiach.<br>\r\n<br>\r\nZanim Mussolini odszed\u0142 z Partii Socjalistycznej i \u201epomaszerowa\u0142 na Rzym\u201d w 1919 r. zd\u0105\u017cy\u0142 jeszcze napisa\u0107&nbsp; i wyda\u0107 w 1913 r. kolejny antykatolicki paszkwil tym razem w firmie \u201epolitycznej biografii\u201d pt. \u201eGiovanni Hus Il Veredico\u201d (Jan Hus Cz\u0142owiek Prawdy), w kt\u00f3rej opisuje&nbsp; dorobek teologiczny i polityczny Jana Husa i czeskiej reformacji w og\u00f3lno\u015bci a sukcesy taboryt\u00f3w i \u0179i\u017cki w szczeg\u00f3lno\u015bci. Oraz bitno\u015b\u0107 Czech\u00f3w walcz\u0105cych przeciwko opresyjnym katolickim Habsburgom. <br>\r\n<br>\r\nCo mu nie przeszkodzi\u0142o w 1938 w Monachium zdradzi\u0107 ich bez zmru\u017cenia oka. Taki styl \u201euczciwo\u015bci antykatolickiej\u201d.<br>\r\n<br>\r\nAnglosascy biografowie mog\u0105 go nazywa\u0107 \u201edyktatorem\u201d ale w kwestii jego dzie\u0142 antyko\u015bcielnych wyra\u017caj\u0105 pow\u015bci\u0105gliwy szacunek i nawet nie czepiaj\u0105 si\u0119, \u017ce ta jego \u201eliteratura\u201d by\u0142a totaln\u0105 szmir\u0105.<br>\r\n<br>\r\nTak dziennikarstwo dzia\u0142a\u0142o w s\u0142u\u017cbie wielkich i szlachetnych idei oraz prawdy, dobra i pi\u0119kna w czasach, kiedy poziom wykszta\u0142cenia \u015bredniego w naukach humanistycznych sta\u0142o na znacznie wy\u017cszym poziomie ni\u017c dzisiejsze.<br>\r\n<br>\r\n<b>A s\u0105 takie zadania, kt\u00f3rych nie podejmie si\u0119 profesor uniwersytetu. Na przyk\u0142ad raczej nie&nbsp; podpisze swoim nazwiskiem dzie\u0142a przedstawianego jako \u201ehistoryczne\u201d,&nbsp; zatytu\u0142owanego \u201eBandyci z Armii Krajowej\u201d.<br>\r\n<br>\r\nDo tego bierze si\u0119, jak w dawnych czasach, dziennikarzy. A dziennikarze wsp\u00f3\u0142cze\u015bni to nie Boles\u0142aw Prus czy Henryk Sienkiewicz i stare klasyczne licea m\u0119skie. Nie m\u00f3wi\u0105c o uniwersytetach.<\/b> Teraz w tym zawodzie jest \u201einny materia\u0142 ludzki\u201d, chocia\u017c zaw\u00f3d dalej og\u00f3lnie rzecz&nbsp; bior\u0105c ma\u0142o cnotliwy.<br>\r\n<br>\r\nI tak dochodzimy do Grupy Wydawniczej Znak zarejestrowanej jako Spo\u0142eczny Instytut Wydawniczy Znak Sp\u00f3\u0142ka z ograniczon\u0105 odpowiedzialno\u015bci\u0105 w dniu 6 grudnia 2001 pod numerem KRS 0000064794 na ulicy Ko\u015bciuszki 37 w Krakowie, w kt\u00f3rej jeden udzia\u0142 o warto\u015bci 50.000 z\u0142 posiada Fundacja na Rzecz Chrze\u015bcija\u0144skiej Kultury Spo\u0142ecznej im. Hanny Malewskiej, zarejestrowana 3 pa\u017adziernika 2001 r. pod numerem KRS 0000049229.<br>\r\n&nbsp;<br>\r\nW obu podmiotach przewijaj\u0105 si\u0119 dwa nazwiska: Henryka Wo\u017aniakowskiego (braciszka R\u00f3zi Gr\u00c3\u00a4fin&nbsp; Thun und Hohenstein)&nbsp; \u201eod zawsze w ZNAK\u201d oraz pana Tadeusza Syryjczyka by\u0142ego ministra Przemys\u0142u w rz\u0105dzie Tadeusza Mazowieckiego oraz ministra transportu i gospodarki morskiej w rz\u0105dzie Jerzego Buzka w latach 1998-2000. Jak pa\u0144stwo mo\u017ce zauwa\u017cyli, po przemys\u0142u ju\u017c nie ma, transportu te\u017c w\u0142a\u015bciwie nie, nie m\u00f3wi\u0105c o gospodarce wodnej.<br>\r\n<br>\r\n&nbsp;Czy udzia\u0142 w tych \u201eznikni\u0119ciach\u201d mia\u0142 pan minister Syryjczyk nie wiem, ale co\u015b chyba jest na rzeczy, skoro pan Tadeusz Syryjczyk wyst\u0119puje w czym\u015b, co si\u0119 nazywa \u201eorgan nadzoru\u201d podmiotu o nazwie Tygodnik Powszechny Sp\u00f3\u0142ka z ograniczon\u0105 odpowiedzialno\u015bci\u0105 KRS 0000045152 na Wi\u015blnej 12 w Krakowie. A jaka jest sytuacja Tygodnika Powszechnego, to widzimy.<br>\r\n<br>\r\nWracaj\u0105c do naszych baran\u00f3w. To znaczy katolik\u00f3w post\u0119powych z Grupy Wydawniczej \u201eZnak\u201d, obejmuj\u0105cej kilka wydawnictw i portal internetowy, w tym mi\u0119dzy innymi Znak Horyzont, Znak Literanowa, Znak Emotikon, Wydawnictwo Otwarte oraz portal www.ciekawostkihistoryczne.pl.<br>\r\n<br>\r\nW&nbsp; stulecie odzyskania niepodleg\u0142o\u015bci Ojczyzny naszej Polski wydawnictwo Znak Horyzont wyda\u0142o ksi\u0105\u017ck\u0119 o Armii Podziemnej Pa\u0144stwa Polskiego z Rz\u0105dem RP na Uchod\u017atwie w Londynie &#8211; dzia\u0142aj\u0105cej od 13 listopada 1939 r. do 14 lutego 1942 r. pod nazw\u0105 Zwi\u0105zek Walki Zbrojnej a na podstawie rozkazu Naczelnego Wodza genera\u0142a broni W\u0142adys\u0142awa Sikorskiego z dnia 14 lutego 1942 r. pod nazw\u0105 Armia Krajowa do rozformowania 19 stycznia 1945 r.<br>\r\n<br>\r\nKsi\u0105\u017cka ta nosi tytu\u0142 \u201eBandyci z Armii Krajowej .Ile jest prawdy w czarnej legendzie polskiego podziemia.\u201d a jej autorem jest niejaki pan Wojciech Lada.&nbsp; Redaktorem ksi\u0105\u017cki jest pan Kamil Janicki redaktor naczelny portalu www.ciekawostkihistoryczne.pl. Ksi\u0105\u017cka jest opatrzona informacj\u0105, i\u017c powsta\u0142a \u201eprzy wsp\u00f3\u0142pracy z portalem Twoja Historia pl www.twojahistoria.pl. Ale jak si\u0119 naci\u015bnie linka to wyskakuje www.ciekawostkihistoryczne.pl.<br>\r\n<br>\r\nAutor ksi\u0105\u017cki \u201eBandyci a Armii Krajowej\u201d jest prezentowany na portalu \u201ewsp\u00f3\u0142pracuj\u0105cym z wydaniem ksi\u0105\u017cki\u201d w spos\u00f3b nast\u0119puj\u0105cy: \u201e\u2026Dziennikarz. Zajmuje si\u0119 histori\u0105, muzyk\u0105 i literatur\u0105. Najd\u0142u\u017cej zwi\u0105zany by\u0142 z dziennikiem &#8222;\u0179ycie Warszawy&#8221;, ale regularnie pisywa\u0142 te\u017c do tygodnik\u00f3w opinii, pism i portali muzycznych. W 2014 roku opublikowa\u0142 \u201ePolskich terroryst\u00f3w\u201d &#8211;&nbsp; po\u015bwi\u0119conych kontrowersyjnym epizodom z walk o polsk\u0105 niepodleg\u0142o\u015b\u0107\u2026\u201d.<br>\r\n<br>\r\nI tyle. Ani daty urodzenia, ani wykszta\u0142cenia, ani \u015bladu konkret\u00f3w o zatrudnieniach Jedyne, co wydawcy o swoim autorze podali, to, \u017ce \u201ezajmuje si\u0119 histori\u0105, muzyk\u0105 i literatur\u0105\u201d.&nbsp; \u201eZajmuje si\u0119\u201d. Nie \u201ezna si\u0119\u201d albo \u201especjalista w zakresie\u201d. Czy\u017cby musieli tak poda\u0107&nbsp; z ostro\u017cno\u015bci procesowej.?<br>\r\n<br>\r\nW&nbsp; ko\u0144cu to cz\u0142owiek, kt\u00f3ry odwa\u017cnie pope\u0142ni\u0142 7 rozdzia\u0142\u00f3w&nbsp; o \u201eBandytach z Armii Krajowej\u201d plus wst\u0119p, podzi\u0119kowania, bibliografia i spis ilustracji, w kt\u00f3rych to rozdzia\u0142ach&nbsp; oskar\u017ca z imienia i nazwiska&nbsp; konkretnych oficer\u00f3w i \u017co\u0142nierzy Armii Krajowej lub NSZ o przest\u0119pstwa kryminalne takie jak mordy i rabunki a nawet i zbrodnie przeciwko ludzko\u015bci. W czasach wojny i po wojnie.&nbsp; I jest to reklamowane jako \u201en\u00f3wka\u201d. I \u017ce s\u0105 \u201etwarde dowody\u201d.<br>\r\n<br>\r\nA c\u00f3\u017c to za jaki\u015b rewelacyjny wynalazek z dziedziny nauk historycznych Wydawnictwa Znak Horyzont ten pan Wojciech Lada?<br>\r\n<br>\r\nWydawca Znak Horyzont jest bardzo oszcz\u0119dny w informacjach na temat drogi zawodowej i naukowej pana Wojciecha Lady ale on sam udzieli\u0142 obszernego wywiadu, kt\u00f3ry pod tytu\u0142em :\u201dWojciech Lada- Heroiczne Dziennikarstwo\u201d zosta\u0142 umieszczony w dniu 12 kwietnia 2013 r.&nbsp; przez niejakiego areklerch na portalu o nazwie \u201eViolence Magazine. Your online Source for Extreme Music\u201d.<br>\r\n<br>\r\nWywiad zosta\u0142 przeprowadzony przez pana Bartosza Cie\u015blaka. <br>\r\n<br>\r\nZnajdujemy w tym wywiadzie m.in. takie pytania i odpowiedzi: \u201e\u2026Bartosz Cie\u015blak Pyt.: Na kiedy datujesz, jak to si\u0119 popularnie m\u00f3wi, \u201epocz\u0105tek swojej przygody\u201d z dziennikarstwem muzycznym? I czemu zamiast za gitar\u0119 chwyci\u0142e\u015b za pi\u00f3ro?<br>\r\n&nbsp;<br>\r\n<b>Wojciech Lada Odp.\u201d\u2026 Po\u0142owa lat 90., ale to nie do ko\u0144ca prawda, \u017ce chwyci\u0142em za pi\u00f3ro a nie gitar\u0119. To znaczy za gitar\u0119 faktycznie nie chwyci\u0142em &#8211; chwyci\u0142em za to za mikrofon. Encyclopaedia Metallum wska\u017ce ci mnie np. w roli wokalisty tajemniczego projektu Vengence gdzie\u015b pod koniec lat 80., potem by\u0142 epizod z Testorem, a p\u00f3\u017aniej gra\u0142em jeszcze kilka lat jakie\u015b dziwne pokr\u0119cone stonerowe bluesy. Fajny czas, niez\u0142a zabawa, ale to dobrze, \u017ce nikt tego nie pami\u0119ta\u2026\u201d.<\/b><br>\r\n<br>\r\nProjekt \u201eVengence\u201d (nie \u201eVengeance\u201d?) jest rzeczywi\u015bcie tak tajemniczy, \u017ce nie mo\u017cemy go znale\u017a\u0107 w owej Encyclopaedia Metallum.<br>\r\n<br>\r\n<b>Ale co do zespo\u0142u Testor, to rzeczywi\u015bcie pan Wojciech Lada pojawia si\u0119 na li\u015bcie p\u0142ac.&nbsp; Z tym, \u017ce zesp\u00f3\u0142 Testor wyda\u0142 A\u0179 DWIE&nbsp; p\u0142yty czy te\u017c kasety: w roku 1989&nbsp; \u201eNot on the Label\u201d i w roku 1992 pt. Through the Back Door\u201d a pan Wojciech Lada jest wymieniony na drugiej p\u0142ycie jako \u201eLead Vocal, Backing Vocal\u201d.&nbsp; <br>\r\n&nbsp;<br>\r\nCzyli pan Lada NIE GRA\u0141 ale za to te\u017c \u015aPIEWA\u0141 TYLKO RAZ. I to by by\u0142o \u201ena tyle w temacie\u201d kariery muzycznej pana Wojciecha Lady.<\/b><br>\r\n<br>\r\nA teraz przechodzimy do dzia\u0142alno\u015bci dziennikarskiej pana Lady.<br>\r\n<br>\r\n<b>Pan Urba\u015b pyta: \u201e\u2026W jakich okoliczno\u015bciach trafi\u0142e\u015b do redakcji \u201eBrumu\u201d?&#8230;\u201d.<br>\r\n&nbsp;<br>\r\nPan Wojciech Lada odp.: \u201e\u2026Zupe\u0142ny przypadek. Ledwo co zrobi\u0142em matur\u0119 i generalnie snu\u0142em si\u0119 po mie\u015bcie rozgl\u0105daj\u0105c si\u0119 za jakimi\u015b opcjami, ale przede wszystkim rozkosznie bimbaj\u0105c. No i trafi\u0142em jako\u015b do biura organizuj\u0105cego Jarocin, kiedy szefem by\u0142 Kuba Wojew\u00f3dzki. Co\u015b tam robi\u0142 m\u00f3j brat, zna\u0142em te\u017c Kub\u0119, bo zanosi\u0142em mu do Tr\u00f3jki jakie\u015b moje nagrania, wi\u0119c od s\u0142owa do s\u0142owa za\u0142apa\u0142em fuch\u0119. Wkr\u00f3tce okaza\u0142o si\u0119, \u017ce powstaje gazeta w oparciu o \u201eBrum\u201d radiowy i ostatecznie do Jarocina pojecha\u0142em ju\u017c jako jej korespondent. Chocia\u017c to troch\u0119 za du\u017ce s\u0142owo jak na \u00f3wczesne mo\u017cliwo\u015bci\u2026.\u201d.<br>\r\n<br>\r\n\u201eKuba\u201d to oczywi\u015bcie &#8211; Kuba Wojew\u00f3dzki syn prokuratora i przed 1989 r. autor lub\/i prowadz\u0105cy audycji BRUM w Trzecim Programie Polskiego Radia.&nbsp; <\/b><br>\r\n<br>\r\n<b>W&nbsp; ramach \u201eprzekszta\u0142ce\u0144\u201d w roku 1993 pan Kuba Wojew\u00f3dzki wsp\u00f3lnie z kole\u017ck\u0105 z audycji BRUM&nbsp; Tr\u00f3jki panem Piotrem Jerzym Klattem (p\u00f3\u017aniejszy \u201ewielokrotny Dyrektor Krajowego Festiwalu Piosenki Polskiej w Opolu\u201d oraz dyrektor Krajowych Eliminacji do Konkursu Piosenki Eurowizji\u201d) za\u0142o\u017cyli przy pomocy przedsi\u0119biorstwa&nbsp; Ligia S.A &#8211; miesi\u0119cznik muzyczny o nazwie: \u201eBrum. Magazyn m\u0142odych bandyt\u00f3w\u201d.&nbsp; <br>\r\n<br>\r\n&nbsp;Pisa\u0142 w nim r\u00f3wnie\u017c pan Jerzy Owsiak syn pracownika Komendy G\u0142\u00f3wnej MO szef festiwali muzyki r\u00f3wnie niezale\u017cnej.<br>\r\n<br>\r\nW roku 1993 r. pan Kuba Wojew\u00f3dzki organizator Festiwalu w Jarocinie i redaktor naczelny miesi\u0119cznika \u201eBrum.Magazyn m\u0142odych bandyt\u00f3w\u201d wys\u0142a\u0142 pana Wojciecha Lad\u0119, co to \u201eby\u0142 po maturze i si\u0119 b\u0142\u0105ka\u0142\u201d jako \u201ekorespondenta\u201d na ten ca\u0142y festiwal. Pan Lada mia\u0142 starszego brata Tomasza Ladona Lad\u0119, kt\u00f3ry gra\u0142 lub \u015bpiewa\u0142 w zespole CYDHIE GENOCIDE w latach 1989-1990 (2 p\u0142yty).<\/b><br>\r\n<br>\r\n<b>Festiwal pad\u0142 ju\u017c w roku 1995 ale \u201eBrum.Magazyn m\u0142odych bandyt\u00f3w\u201d&nbsp; wychodzi\u0142&nbsp; jako miesi\u0119cznik i dwutygodnik jeszcze do czerwca 1999 r.&nbsp; Zajmowa\u0142 si\u0119 g\u0142\u00f3wnie \u201emuzyk\u0105 alternatywn\u0105\u201d a szczeg\u00f3lne jego zainteresowanie budzi\u0142 tzw. metal. M.in. tzw. trash metal czy black metal. I mia\u0142 wedle pana Bartosiaka ciep\u0142y stosunek do wydawnictwa muzycznego Pagan Records , kt\u00f3re wedle docenta wiki:\u201d\u2026 odkrycie i wypromowanie zespo\u0142\u00f3w takich jak Behemoth, Lux Occulta, Hell-Born, Witchmaster, Profanum..\u201d<br>\r\n<br>\r\nA Behemoth to\u017c to sam Adam \u201eNergal\u201d Darski. \u201eNasz\u201d tutejszy \u015brodkowoeuropejski \u201esatanista\u201d. Inne te\u017c nie by\u0142y lepsze ale mniej o nich si\u0119 dzisiaj pisze.<br>\r\n<br>\r\nA w tym \u201eMagazynie m\u0142odych bandyt\u00f3w\u201d pan Wojciech Lada pisywa\u0142 (bo pisa\u0107 i czyta\u0107 umia\u0142) pod pseudonimem \u201eWojtek Wysocki\u201d i przeprowadza\u0142 wywiady z tymi dziwnie powsta\u0142ymi pod koniec lat 80-tych \u201eniezale\u017cnymi zespo\u0142ami\u201d&nbsp; jak np. z&nbsp; owym Lux Occulta odkrytym i wypromowanym przez Pagan Records.<\/b><br>\r\n&nbsp;<br>\r\nZesp\u00f3\u0142 Lux Occulta powsta\u0142 w 1994 w Dukli a jednym z za\u0142o\u017cycieli by\u0142 Jaros\u0142aw Szubrycht, wyst\u0119puj\u0105cy jako wokalista&nbsp; Jaro.Slav.&nbsp; Pan Szubrycht w 1998 uko\u0144czy\u0142 filologi\u0119 polsk\u0105 na Uniwersytecie Jagiello\u0144skim a tak\u017ce w 2000 r. Podyplomowe Studia Dziennikarskie. I poza \u015bpiewem w Lux Occulta pisywa\u0142 te\u017c do czasopisma muzycznego za\u0142o\u017conego w 1986 i po\u015bwi\u0119conego, a jak\u017ce, muzyce okropnie niezale\u017cnej pod nazw\u0105 Trash\u2019em All.<br>\r\n&nbsp;<br>\r\n<b>Zesp\u00f3\u0142 Lux Occulta (black metal) w roku 1998 r. uczestniczy\u0142 w przedsi\u0119wzi\u0119ciu muzyczno towarzyskim to jest w nagraniu p\u0142yty \u201eCzarne zast\u0119py &#8211; W Ho\u0142dzie KAT\u201d. A zesp\u00f3\u0142 KAT powsta\u0142 tajemniczo w Katowicach na prze\u0142omie 1979-1980 i by\u0142 \u201e\u2026nies\u0142usznie oskar\u017cany o propagowaniu satanizmu\u2026\u201d jak pisze docent wiki.&nbsp; A zesp\u00f3\u0142 Lux Occulta nagra\u0142 w ho\u0142dzie KAT piosneczk\u0119 \u201eCzas zemsty\u201d. Czwart\u0105 pozycj\u0105 p\u0142yty jest utw\u00f3r \u201eOstatni tabor\u201d Behemotha. Za\u015b pozycja 2 pod wielce wymownym tytu\u0142em \u201eNoce szatana\u201d.<\/b><br>\r\n<br>\r\nPisz\u0119 o tym, bowiem kiedy&nbsp; s\u0142ynny BRUM. Magazyn m\u0142odych bandyt\u00f3w\u201d pad\u0142 w lipcu 1999 r. to pan Wojciech \u0141ada pr\u00f3bowa\u0142 zarabia\u0107 na chleb z mas\u0142em m.in. w magazynie Trash\u2019em All, gdzie udziela\u0142 si\u0119 magister (chyba?) Szubrycht z Lux Occulta.<br>\r\n<br>\r\nPan Wojciech Lada jest bardzo dyskretny je\u015bli chodzi o swoje wykszta\u0142cenie, wi\u0119c chyba jednak \u017cadnych studi\u00f3w nie uko\u0144czy\u0142 a nawet nie zaczyna\u0142.&nbsp; W ka\u017cdym razie nie zaczyna\u0142 i nie ko\u0144czy\u0142 z sukcesem studi\u00f3w historycznych. Ale co tam. Pan Owsiak nie ma studi\u00f3w a wyszed\u0142 na ludzi. Pan Wojew\u00f3dzki urwa\u0142 si\u0119 ze studi\u00f3w dziennikarskich a prosz\u0119, jaki profesjonalista.<br>\r\n<br>\r\nPan Wojciech \u0141ada dosta\u0142 etat&nbsp; w \u0179yciu Warszawy jako \u201edziennikarz muzyczny\u201d i wspomina te lata jako s\u0142odki czas. Ale w 2011 \u0179ycie Warszawy zosta\u0142o zlikwidowane czy raczej wch\u0142oni\u0119te przez gazet\u0119 Presspubliki &#8211; Rzeczpospolit\u0105 i chyba spece od wychwalania zalet zespo\u0142\u00f3w \u201eniezale\u017cnych\u201d nie s\u0105 ju\u017c niemieckim czy innym sponsorom &#8211; potrzebni. Zadanie &#8222;wytworzenia Behemoth\u00f3w i Nergal\u00f3w&#8221; zosta\u0142o wykonane ponad plan.<br>\r\n<br>\r\nBy\u0142 te\u017c portal www.nuta.pl ale chyba zako\u0144czy\u0142 \u017cycie. A potem by\u0142a praca w tygodniku Uwa\u017cam Rze.&nbsp; W chwili, kiedy pan \u0141ada&nbsp; udziela\u0142 wywiadu panu Bartosiowi w 2013 r. pe\u0142ni\u0142 funkcj\u0119 redaktora dzia\u0142u kulturalnego W (\u201eSieci\u201d). Od stycznie 2013 r. widujemy regularnie jego notki na portalu www.wpolityce.pl a\u017c tak mniej wi\u0119cej do listopada 2015.<br>\r\n<br>\r\nMo\u017ce to niekt\u00f3rych szokuje, ta ewolucja od \u201em\u0142odych bandyt\u00f3w\u201d do \u201egor\u0105cych patriot\u00f3w\u201d ale chyba to nie jest przypadek jakiego\u015b \u201eprze\u0142omu duchowego\u201d.<br>\r\n<br>\r\nObecnie pan Wojciech \u0141ada pisuje artyku\u0142y dla portalu www.ciekawostkihistoryczne.pl i&nbsp; zdo\u0142a\u0142 ich tam zgromadzi\u0107 ju\u017c 21. <br>\r\n<br>\r\nW tym takie tytu\u0142y jak: z 23 sierpnia 2018 r. \u201eDlaczego \u017co\u0142nierze Armii Krajowej zamordowali 50 uciekinier\u00f3w z niemieckiego obozu pracy?\u201d, z 16 lipca 2018 \u201e Najwi\u0119ksze gangi powstania warszawskiego\u201d (serio a Powstanie Warszawskie z ma\u0142ej litery pisane), z 18 kwietnia 2018 r. \u201eKto w przedwojennej Polsce podziwia\u0142 Hitlera?\u201d albo z 8 czerwca 2016 r. \u201eIle zarabiali cyngle Armii Krajowej\u201d.<br>\r\n&nbsp;<br>\r\n<b>W grupie wydawniczej Znak a konkretnie w Wydawnictwie Otwartym odnalaz\u0142 si\u0119 te\u017c magister Szubert z zespo\u0142u Lux Occulta.&nbsp; W roku 2015 w&nbsp; charakterze autora autobiografii niejakiego Czes\u0142awa Mozila pt. Nie tak \u0142atwo by\u0107 Czes\u0142awem\u201d.<br>\r\n&nbsp;<\/b><br>\r\nCzes\u0142aw jest muzykiem z Kopenhagi ale urodzi\u0142 si\u0119 w Zabrzu z ojca Ukrai\u0144ca, kt\u00f3ry jakoby w ZSRR by\u0142 dyrektorem i matki Polki a mo\u017ce \u015al\u0105zaczki.&nbsp; No i Czes\u0142aw po uko\u0144czeniu Du\u0144skiej Kr\u00f3lewskiej Akademii Muzycznej&nbsp; zacz\u0105\u0142 wraca\u0107 do Polski a\u017c wr\u00f3ci\u0142 i nagra\u0142 w 2008 r. \u201edebiutancki album\u201d pt. Debiut&nbsp; w wytw\u00f3rni Mystic Production.<br>\r\n<br>\r\nA co to jest wytw\u00f3rnia Mystic Production? To jest taka wytw\u00f3rnia, co r\u00f3wnie\u017c prowadzi dystrybucj\u0119 innych wytw\u00f3rni oraz organizuje festiwale swoich zespo\u0142\u00f3w.&nbsp; Oraz od 1996 r. wydaje magazyn muzyczny Mystic Art.<br>\r\n<br>\r\nJakie albumy wydaje Mystic Art? A na ten przyk\u0142ad Ad Maiorem Satanas Gloriam (norweska grupa) albo The Satanist &#8211; w 2014 r. grupy Behemoth.<br>\r\n&nbsp;<br>\r\nKto wyst\u0119puje na festiwalach? A np. norweski zesp\u00f3\u0142 Mayhem (satanizm teistyczny) i Behemoth. A kto siedzi w redakcji magazynu muzycznego Mystic Art.? A dajmy na to Adam \u201eNergal\u201d Darski \u201elider formacji Behemoth\u201d. <br>\r\n<br>\r\nA mi\u0119dzy tymi dzie\u0142ami wyrasta na gwiazd\u0119 \u00f3w Czes\u0142aw z albumami \u201eCzes\u0142aw \u015bpiewa Mi\u0142osza\u201d i albumem \u201ePop\u201d z 2010 r. I kt\u00f3\u017c wsp\u00f3\u0142pracowa\u0142 przy tym albumie Czes\u0142awa syna sowieckiego dyrektora? A wsp\u00f3lnie i solidarnie albo osobno ale na wsp\u00f3lny efekt Kasia Nosowska i Adam \u201eNergal\u201d Darski a przygrywa\u0142a im chwilami Polska Orkiestra Radiowa.<br>\r\n<br>\r\n<b>I tego\u017c Czes\u0142awa promowanego w Mystic Production &#8211; promuje si\u0119 w Grupie Znak. R\u00f3wnolegle. Przy pomocy grajka z Lux Occultica. A inny \u201eweteran dziennikarski&nbsp; muzyki metalowej\u201d co si\u0119 podpisa\u0107 potrafi, zostaje wykreowany na \u201eautora powa\u017cnej ksi\u0105\u017cki historycznej\u201d, kt\u00f3ra topi w szambie dobre imi\u0119 Armii Krajowej.<\/b><br>\r\n<br>\r\nJako wisienk\u0119 na torcie podajemy, \u017ce od 29 listopada 2012 r. do 19 grudnia 2013 r. Czes\u0142aw z Kub\u0105 Wojew\u00f3dzkim prowadzili&nbsp; jaki\u015b porann\u0105 audycj\u0119 w Radio Esca Rock.<br>\r\n<br>\r\nJaki ten \u015bwiat ma\u0142y.&nbsp; A ju\u017c ten muzyczno-literacki to jak \u201ejedna wielka rodzina\u201d.&nbsp; Je\u015bli mo\u017cna powo\u0142a\u0107 si\u0119 na&nbsp; korzenie w MO albo w \u201es\u0142u\u017cbach\u201d, czy innych \u201ezespo\u0142ach muzyki metalowej\u201d to i \u201ekatolickie wydawnictwo\u201d nie da zgin\u0105\u0107 z g\u0142odu. Byle tylko ta\u0144czy\u0107 i \u015bpiewa\u0107 pod ich muzyk\u0119 i z ich tekstem.&nbsp; <br>\r\n<br>\r\nChodzi tylko o to, \u017ceby dokopa\u0107 polskim katolom i nacjonalistom.&nbsp; Wytworzy\u0107 odruchy w m\u0142odych s\u0142uchaczach, \u017ceby mieli potrzeb\u0119&nbsp; szturchni\u0119cia ksi\u0119dza na ulicy lub rzucenia mi\u0119sem w zakonnic\u0119. <br>\r\n<br>\r\nAlbo udawania motyla w trakcie procesji Bo\u017cego Cia\u0142a. I kropla dr\u0105\u017cy ska\u0142\u0119. Teraz b\u0119dzie mo\u017cna pomaza\u0107 pomnik zamordowanych AK-wc\u00f3w bez poczucia winy. A nawet z poczuciem dobrze spe\u0142nionego obowi\u0105zku.<br>\r\n<br>\r\n&nbsp;Ju\u017c 110 lat temu robi\u0142 w tym biznesie aspiruj\u0105cy dziennikarz&nbsp; z ni\u017cszych sfer Benito Mussolini, co to w 1944 zawis\u0142 na haku do g\u00f3ry nogami. Co niekt\u00f3rym przypominam. Dla opami\u0119tania si\u0119.<\/p>\r\n<p><strong><em>PinkPanther<\/em><\/strong><br>\r\n<br>\r\nhttps:\/\/www.youtube.com\/watch?v=3JZcfb6ozy8&amp;t=286s<br>\r\nhttps:\/\/wiadomosci.onet.pl\/autorzy\/kamil-turecki<br>\r\nhttps:\/\/www.empik.com\/bandyci-z-armii-krajowej-lada-wojciech,p1201162896,ksiazka-p<br>\r\nhttps:\/\/ciekawostkihistoryczne.pl\/?_ga=2.111500161.441278917.1532688627-2125094772.1532424723<br>\r\nhttps:\/\/www.wydawnictwoznak.pl\/wydarzenia\/wydawnictwo\/znak-horyzont<br>\r\nhttps:\/\/ciekawostkihistoryczne.pl\/?_ga=2.107894279.441278917.1532688627-2125094772.1532424723<br>\r\nhttps:\/\/ciekawostkihistoryczne.pl\/redakcja\/<br>\r\nhttps:\/\/ciekawostkihistoryczne.pl\/author\/wojciechlada\/<br>\r\nhttps:\/\/en.wikipedia.org\/wiki\/Benito_Mussolini<br>\r\nhttps:\/\/oddbooks.co.uk\/oddbooks\/musso.html<br>\r\nhttps:\/\/www.amazon.co.uk\/Cardinals-Mistress-Benito-Mussolini\/dp\/1596545488<br>\r\nhttp:\/\/www.dwutygodnik.com\/artykul\/7275-magazyn-mlodych-bandytow.html<br>\r\nhttps:\/\/pl.wikipedia.org\/wiki\/Brum_(czasopismo)<br>\r\nhttp:\/\/www.violence-online.pl\/spod-lady\/wojciech-lada-heroiczne-dziennikarstwo\/<br>\r\nhttps:\/\/www.metal-archives.com\/bands\/Testor\/15576<br>\r\nhttps:\/\/www.discogs.com\/Testor-Through-the-Back-Door\/release\/9656967<br>\r\nhttps:\/\/www.discogs.com\/label\/40540-Arston<br>\r\nhttps:\/\/www.znak.com.pl\/kartoteka,ksiazka,106870,Bandyci-z-Armii-Krajowej<br>\r\nhttps:\/\/pl.wikipedia.org\/wiki\/Brum_(czasopismo)<br>\r\nhttps:\/\/pl.wikipedia.org\/wiki\/Pagan_Records<br>\r\nhttps:\/\/pl.wikipedia.org\/wiki\/Kat_(zesp%C3%B3%C5%82_muzyczny)<br>\r\nhttps:\/\/pl.wikipedia.org\/wiki\/Mystic_Production<br>\r\nhttps:\/\/www.youtube.com\/watch?v=ePjYZArLPCA<br>\r\nhttps:\/\/www.youtube.com\/watch?v=3JZcfb6ozy8&amp;t=286s<\/p>","protected":false},"excerpt":{"rendered":"Mamy rok 2018 i obchodzimy setn\u0105 rocznic\u0119 odzyskania niepodleg\u0142o\u015bci. Jutro b\u0119dzie 74 rocznica wybuchu Powstania Warszawskiego. Chcieliby\u015bmy uczci\u0107 nasz\u0105 histori\u0119 i nasz\u0105 Ojczyzn\u0119 w godny spos\u00f3b ale nie by\u0142o nam to dane i nie b\u0119dzie nam to dane. Patriotyzm, heroizm i katolicyzm naszych przodk\u00f3w tak kogo\u015b uwiera, jak w XIX w. Sob\u00f3r Trydencki i Austro [&hellip;]","protected":false},"author":1,"featured_media":0,"comment_status":"closed","ping_status":"closed","sticky":false,"template":"","format":"standard","meta":{"_acf_changed":false,"_monsterinsights_skip_tracking":false,"_monsterinsights_sitenote_active":false,"_monsterinsights_sitenote_note":"","_monsterinsights_sitenote_category":0,"ngg_post_thumbnail":0,"footnotes":"","_wp_rev_ctl_limit":""},"categories":[9],"tags":[132,65,98,97,20],"acf":[],"_links":{"self":[{"href":"https:\/\/www.bibula.com\/index.php?rest_route=\/wp\/v2\/posts\/103008"}],"collection":[{"href":"https:\/\/www.bibula.com\/index.php?rest_route=\/wp\/v2\/posts"}],"about":[{"href":"https:\/\/www.bibula.com\/index.php?rest_route=\/wp\/v2\/types\/post"}],"author":[{"embeddable":true,"href":"https:\/\/www.bibula.com\/index.php?rest_route=\/wp\/v2\/users\/1"}],"replies":[{"embeddable":true,"href":"https:\/\/www.bibula.com\/index.php?rest_route=%2Fwp%2Fv2%2Fcomments&post=103008"}],"version-history":[{"count":0,"href":"https:\/\/www.bibula.com\/index.php?rest_route=\/wp\/v2\/posts\/103008\/revisions"}],"wp:attachment":[{"href":"https:\/\/www.bibula.com\/index.php?rest_route=%2Fwp%2Fv2%2Fmedia&parent=103008"}],"wp:term":[{"taxonomy":"category","embeddable":true,"href":"https:\/\/www.bibula.com\/index.php?rest_route=%2Fwp%2Fv2%2Fcategories&post=103008"},{"taxonomy":"post_tag","embeddable":true,"href":"https:\/\/www.bibula.com\/index.php?rest_route=%2Fwp%2Fv2%2Ftags&post=103008"}],"curies":[{"name":"wp","href":"https:\/\/api.w.org\/{rel}","templated":true}]}}