{"id":102862,"date":"2018-07-20T10:06:47","date_gmt":"2018-07-20T14:06:47","guid":{"rendered":"http:\/\/www.bibula.com\/?p=102862"},"modified":"2018-07-20T10:06:47","modified_gmt":"2018-07-20T14:06:47","slug":"zydzi-atakuja-glinskiego-za-nadanie-odznaczenia-oni-chca-decydowac-o-wszystkim","status":"publish","type":"post","link":"https:\/\/www.bibula.com\/?p=102862","title":{"rendered":"\u017bydzi atakuj\u0105 Gli\u0144skiego za nadanie odznaczenia. Oni chc\u0105 decydowa\u0107 o wszystkim!"},"content":{"rendered":"<p><strong>Polskie stowarzyszenie \u201eNigdy wi\u0119cej\u201d, kt\u00f3rego&nbsp;celem ma by\u0107 przeciwdzia\u0142anie problemom spo\u0142ecznym: rasizmowi, neofaszyzmowi, ksenofobii i&nbsp;dyskryminacji w Polsce, pot\u0119pi\u0142o uhonorowanie satyryka Ryszarda Makowskiego medalem Gloria Artis przez ministerstwo kultury. Spraw\u0119 poruszaj\u0105 oczywi\u015bcie izraelskie media. Oburzenia nie kryj\u0105 w redakcji \u201eThe Jerusalem Post\u201d (TJP).<\/strong><\/p>\r\n<p>\u201ePolski satyryk, kt\u00f3ry w 2016 r. prezentowa\u0142 antysemickie dowcipy w telewizji, a p\u00f3\u017aniej oskar\u017cy\u0142 \u017byd\u00f3w o podsycanie nienawi\u015bci do siebie, otrzyma\u0142 najwy\u017csze odznaczenie dla artyst\u00f3w w swoim kraju\u201d &#8211; pisze \u201eTJP\u201d.<\/p>\r\n<p>Ryszard Makowski otrzyma\u0142 w czwartek medal Gloria Artis za zas\u0142ugi dla kultury od ministra Piotra Gli\u0144skiego. \u201eTo wyraz podzi\u0119kowania za kreatywno\u015b\u0107 i zaanga\u017cowanie, za talent (\u2026) tw\u00f3rcz\u0105 odwag\u0119\u201d &#8211; powiedzia\u0142 Gli\u0144ski wr\u0119czaj\u0105c nagrod\u0119.<\/p>\r\n<p>W 2016 r. \u017cydowska organizacja B\u2019nai B\u2019rith, a w dok\u0142adniej jej przedstawiciele dzia\u0142aj\u0105cy w Polsce zaprotestowali przeciwko wyst\u0119powi Makowskiego w telewizji publicznej TVP3. Artysta w prze\u015bmiewczy spos\u00f3b odni\u00f3s\u0142 si\u0119 do \u017cydowskiej rodziny Rothschild\u00f3w.<\/p>\r\n<p>Stowarzyszenie \u201eNigdy wi\u0119cej\u201d napisa\u0142o w o\u015bwiadczeniu, \u017ce uhonorowanie Makowskiego jest zdumiewaj\u0105ce, poniewa\u017c jest \u201eznanym autorem piosenek i artyku\u0142\u00f3w mocno zakorzenionych w antysemickich stereotypach i uprzedzeniach\u201d.<\/p>\r\n<p>Rafa\u0142 Pankowski, wsp\u00f3\u0142za\u0142o\u017cyciel stowarzyszenia, doda\u0142, \u017ce \u201ebior\u0105c pod uwag\u0119 niestabilno\u015b\u0107 stosunk\u00f3w polsko-\u017cydowskich, szczeg\u00f3lnie w tym roku jest naprawd\u0119 zaskoczony decyzj\u0105 Ministra\u201d. \u201eJako obywatel Polski ten medal nie jest przyznawany w moim imieniu!\u201d &#8211; doda\u0142.<\/p>\r\n<p>Wygl\u0105da na to, \u017ce \u017bydzi uzurpuj\u0105 sobie prawo, \u017ceby czyni\u0107 powa\u017cne naciski na Polsk\u0119 ingeruj\u0105c nawet w tre\u015bci poszczeg\u00f3lnych ustaw, a Polacy nie mog\u0105 sobie nawet swobodnie nadawa\u0107 medali, bo kto\u015b odwa\u017cy\u0142 si\u0119 z nich za\u017cartowa\u0107\u2026<\/p>\r\n<p>\u0179r\u00f3d\u0142o: jpost.com<\/p>","protected":false},"excerpt":{"rendered":"Polskie stowarzyszenie \u201eNigdy wi\u0119cej\u201d, kt\u00f3rego&nbsp;celem ma by\u0107 przeciwdzia\u0142anie problemom spo\u0142ecznym: rasizmowi, neofaszyzmowi, ksenofobii i&nbsp;dyskryminacji w Polsce, pot\u0119pi\u0142o uhonorowanie satyryka Ryszarda Makowskiego medalem Gloria Artis przez ministerstwo kultury. Spraw\u0119 poruszaj\u0105 oczywi\u015bcie izraelskie media. Oburzenia nie kryj\u0105 w redakcji \u201eThe Jerusalem Post\u201d (TJP). \u201ePolski satyryk, kt\u00f3ry w 2016 r. prezentowa\u0142 antysemickie dowcipy w telewizji, a p\u00f3\u017aniej oskar\u017cy\u0142 [&hellip;]","protected":false},"author":1,"featured_media":0,"comment_status":"closed","ping_status":"closed","sticky":false,"template":"","format":"standard","meta":{"_acf_changed":false,"_monsterinsights_skip_tracking":false,"_monsterinsights_sitenote_active":false,"_monsterinsights_sitenote_note":"","_monsterinsights_sitenote_category":0,"ngg_post_thumbnail":0,"footnotes":"","_wp_rev_ctl_limit":""},"categories":[8],"tags":[65,75,61,98,53],"acf":[],"_links":{"self":[{"href":"https:\/\/www.bibula.com\/index.php?rest_route=\/wp\/v2\/posts\/102862"}],"collection":[{"href":"https:\/\/www.bibula.com\/index.php?rest_route=\/wp\/v2\/posts"}],"about":[{"href":"https:\/\/www.bibula.com\/index.php?rest_route=\/wp\/v2\/types\/post"}],"author":[{"embeddable":true,"href":"https:\/\/www.bibula.com\/index.php?rest_route=\/wp\/v2\/users\/1"}],"replies":[{"embeddable":true,"href":"https:\/\/www.bibula.com\/index.php?rest_route=%2Fwp%2Fv2%2Fcomments&post=102862"}],"version-history":[{"count":0,"href":"https:\/\/www.bibula.com\/index.php?rest_route=\/wp\/v2\/posts\/102862\/revisions"}],"wp:attachment":[{"href":"https:\/\/www.bibula.com\/index.php?rest_route=%2Fwp%2Fv2%2Fmedia&parent=102862"}],"wp:term":[{"taxonomy":"category","embeddable":true,"href":"https:\/\/www.bibula.com\/index.php?rest_route=%2Fwp%2Fv2%2Fcategories&post=102862"},{"taxonomy":"post_tag","embeddable":true,"href":"https:\/\/www.bibula.com\/index.php?rest_route=%2Fwp%2Fv2%2Ftags&post=102862"}],"curies":[{"name":"wp","href":"https:\/\/api.w.org\/{rel}","templated":true}]}}