{"id":102858,"date":"2018-07-20T09:57:17","date_gmt":"2018-07-20T13:57:17","guid":{"rendered":"http:\/\/www.bibula.com\/?p=102858"},"modified":"2018-10-03T11:31:24","modified_gmt":"2018-10-03T15:31:24","slug":"pozew-b-wiceministra-msz-roberta-greya-uwazam-za-odwet","status":"publish","type":"post","link":"https:\/\/www.bibula.com\/?p=102858","title":{"rendered":"Pozew b. wiceministra MSZ Roberta Greya uwa\u017cam za odwet"},"content":{"rendered":"<p>Szanowni Czytelnicy!<\/p>\r\n<p>Przeszed\u0142em ju\u017c w \u017cyciu niejedno i nieraz zastanawiam si\u0119, czy jest co\u015b mnie jeszcze zaskoczy\u0107. Dzi\u015b przekona\u0142em si\u0119, \u017ce jednak tak. Ot\u00f3\u017c otrzyma\u0142em &#8211; uwaga! &#8211; 30-stronicowy pozew do s\u0105du cywilnego od by\u0142ego wiceministra MSZ Roberta Ethana Greya, kt\u00f3ry przez bardzo kr\u00f3tki czas, bo zaledwie 5-ciu miesi\u0119cy, pe\u0142ni\u0142 t\u0119 wa\u017cn\u0105 funkcj\u0119 w rz\u0105dzie pani premier Beaty Szyd\u0142o. Szefem MSZ by\u0142 w tym czasie minister Witold Waszczykowski.<\/p>\r\n<p>O co posz\u0142o? O dwa moje wpisy na Twitterze, w kt\u00f3rych zada\u0142em pytanie, czy pan Grey m\u00f3g\u0142by pom\u00f3c w sprawie Pomnika Katy\u0144skiego w New Jersey. Posz\u0142o tak\u017ce o to, \u017ce przekr\u0119ci\u0142em jego pierwotne nazwisko z Grygielko na Grygie\u0142ko. Tak, tak, to nie opowiadanie Mro\u017cka czy film Barei, ale rzeczywisto\u015b\u0107 roku 2018. Nawiasem m\u00f3wi\u0107, jest to o tyle zaskakuj\u0105ce, \u017ce notka w Wikipedii, nigdy przez zainteresowana nie sprostowana, podaje nazwisko Grygie\u0142ko a nie Grygielko.<\/p>\r\n<p>Uwa\u017cam, \u017ce ca\u0142a ta sprawa jest \u201eszyta grubymi ni\u0107mi\u201d i ma podtekst polityczny, bo wielokrotnie krytykowa\u0142em polski MSZ za uleg\u0142o\u015b\u0107 wobec USA, Izraela i Ukrainy. Mam wi\u0119c podstawy traktowa\u0107 to jako odwet i szykan\u0119 za wyra\u017canie niewygodnych pogl\u0105d\u00f3w. Oczywi\u015bcie na pozew odpowiem, ale je\u017celi dojdzie do procesu, to mam nadziej\u0119, \u017ce b\u0119dzie on jawny, aby opinia publiczna mog\u0142a si\u0119 dowiedzie\u0107, o co tak naprawd\u0119 w tej sprawie chodzi.<\/p>\r\n<p><strong><em>Ks. Tadeusz Isakowicz-Zaleski<\/em><\/strong><br>\r\n20 lipca 2018<\/p>\r\n<p>Przy okazji, artyku\u0142y<\/p>\r\n<p><a href=\"https:\/\/wpolityce.pl\/polityka\/310706-dziwna-nominacja-w-msz-czyli-podazamy-za-przykladem-ukrainy\"><span style=\"text-decoration: underline;\">Piotra Skwieci\u0144skiego \u201eDziwna nominacja w MSZ, czyli pod\u0105\u017camy za przyk\u0142adem Ukrainy? &nbsp; na portalu Wpolityce<\/span><\/a><\/p>\r\n<p>oraz<\/p>\r\n<p><span style=\"text-decoration: underline;\"><a href=\"http:\/\/www.rp.pl\/Rzecz-o-polityce\/311229882-Rodzinne-tajemnice-ministra-Roberta-Greya.html#ap-5\">Ireny Kacprzak \u201eRodzinne tajemnice ministra Roberta Greya\u201d w Rzeczpospolitej&nbsp;<\/a><\/span><\/p>\r\n<p class=\"zrodlo\">Za: <a href=\"http:\/\/isakowicz.pl\/pozew-b-wiceministra-r-greya-uwazam-za-odwet\/\">isakowicz.pl (20 lipca 2018)<\/a><\/p>\r\n<h4>&nbsp;<\/h4>\r\n<hr style=\"background-color: #000000; border-width: 0; color: #000000; height: 2px; line-height: 0; text-align: center; width: 100%;\">\r\n<h4>&nbsp;<\/h4>\r\n<p>Ze strony internetowej MSZ:<\/p>\r\n<p style=\"padding-left: 30px;\">\u201eRobert Grey uko\u0144czy\u0142 studia w&nbsp;University of&nbsp;Massachusetts (filozofia i&nbsp;socjologia) oraz New School University w&nbsp;Nowym Jorku (stosunki mi\u0119dzynarodowe, specjalizacja Rz\u0105dy&nbsp;i&nbsp;Prawo).<\/p>\r\n<p style=\"padding-left: 30px;\">By\u0142 regionalnym doradc\u0105 legislacyjnym w&nbsp;Senacie stanu Massachusetts. Sp\u0119dzi\u0142 rok w&nbsp;Afryce gromadz\u0105c materia\u0142y o&nbsp;skuteczno\u015bci partnerstw z&nbsp;organizacjami mi\u0119dzynarodowymi i&nbsp;<span class=\"caps\">ONZ<\/span>. W&nbsp;Kambod\u017cy bada\u0142 przestrzeganie praw cz\u0142owieka. Pracowa\u0142 w&nbsp;firmie Putnam Investments w&nbsp;Bostonie. Nast\u0119pnie wyspecjalizowa\u0142 si\u0119 w&nbsp;stosunkach mi\u0119dzynarodowych, zw\u0142aszcza dyplomacji ekonomicznej i&nbsp;negocjacjach oraz w&nbsp;budowie partnerstw pomi\u0119dzy sektorem prywatnym i&nbsp;pa\u0144stwowym. W&nbsp;latach 2005-2008 pracowa\u0142 w&nbsp;siedzibie <span class=\"caps\">ONZ<\/span> w&nbsp;Nowym Jorku, gdzie kierowa\u0142 Biurem ds. Partnerstw. Od&nbsp;2008 do&nbsp;2010 r. by\u0142 dyrektorem zarz\u0105dzaj\u0105cym ds. Partnerstw World <span class=\"caps\">BPO<\/span> Forum przy wsp\u00f3\u0142pracy <span class=\"caps\">ONZ<\/span> (Nowe Delhi\/Nowy&nbsp;Jork).<\/p>\r\n<p style=\"padding-left: 30px;\">Od&nbsp;2010 r. pracuje w&nbsp;Polsce. W&nbsp;latach 2010-2013 by\u0142 dyrektorem ds. stosunk\u00f3w mi\u0119dzynarodowych i&nbsp;partnerstw Instytutu Studi\u00f3w Wschodnich i&nbsp;Forum Ekonomicznego w&nbsp;Krynicy, a&nbsp;w&nbsp;latach 2012-2013 doradc\u0105 Zarz\u0105du Polskiego Holdingu Obronnego\/Grupy Bumar. Od&nbsp;2013 do&nbsp;2014 r. pe\u0142ni\u0142 funkcj\u0119 dyrektora ds. komunikacji i&nbsp;relacji zewn\u0119trznych Uniwersytetu Warszawskiego. Nast\u0119pnie (2014-2016) by\u0142 dyrektorem operacyjnym i&nbsp;cz\u0142onkiem zarz\u0105du funduszu venture capital Xplorer Fund w&nbsp;Warszawie, a&nbsp;tak\u017ce prezesem zarz\u0105du Fundacji Globe Forum. Od&nbsp;maja 2016 r. by\u0142 doradc\u0105 w&nbsp;Gabinecie Politycznym ministra spraw&nbsp;zagranicznych.\u201d<\/p>\r\n<p>Z <span style=\"text-decoration: underline;\"><a href=\"https:\/\/pl.wikipedia.org\/wiki\/Robert_Grey\">Wikipedii<\/a><\/span>:<\/p>\r\n<p style=\"padding-left: 30px;\">Robert Ethan Grey (ur. 1973 w Rawie Mazowieckiej) &#8211; polski urz\u0119dnik pa\u0144stwowy, podsekretarz stanu w Ministerstwie Spraw Zagranicznych (2016).<br>\r\n\u0179yciorys<\/p>\r\n<p style=\"padding-left: 30px;\">Urodzi\u0142 si\u0119 w Rawie Mazowieckiej jako Robert Piotr Grygie\u0142ko. Jego ojciec Zdzis\u0142aw by\u0142 krawcem (zmar\u0142 16 stycznia 2017 roku), za\u015b matka Czes\u0142awa pracowa\u0142a jako brygadzistka w Zak\u0142adach Odzie\u017cowych im. Pr\u00f3chnika w Rawie Mazowieckiej. Przed wyjazdem z Polski rodzina mieszka\u0142a w \u0141odzi. W 1987 wyjecha\u0142 wraz z matk\u0105 do USA i do\u0142\u0105czy\u0142 do ojca, kt\u00f3ry znalaz\u0142 si\u0119 tam ju\u017c w 1984. Rodzice prowadzili zak\u0142ad krawiecki w South Dartmouth w stanie Massachusetts. Na pocz\u0105tku lat 90. XX wieku uzyska\u0142 obywatelstwo ameryka\u0144skie.<\/p>\r\n<p style=\"padding-left: 30px;\">Uko\u0144czy\u0142 studia z zakresu filozofii i socjologii na University of Massachusetts oraz studia z zakresu stosunk\u00f3w mi\u0119dzynarodowych na New School University w Nowym Jorku. Do 2010 mieszka\u0142 i pracowa\u0142 w USA b\u0119d\u0105c mi\u0119dzy innymi regionalnym doradc\u0105 legislacyjnym w Senacie stanu Massachusetts, pracownikiem w firmie Putnam Investments w Bostonie. W latach 2008-2010 by\u0142 dyrektorem zarz\u0105dzaj\u0105cym ds. Partnerstw World BPO Forum przy wsp\u00f3\u0142pracy ONZ. Do Polski powr\u00f3ci\u0142 w 2010 i do 2013 pe\u0142ni\u0142 funkcj\u0119 dyrektora ds. stosunk\u00f3w mi\u0119dzynarodowych i partnerstw Instytutu Studi\u00f3w Wschodnich i Forum Ekonomicznego w Krynicy, jednocze\u015bnie b\u0119d\u0105c w latach 2012-2013 doradc\u0105 Zarz\u0105du Polskiego Holdingu Obronnego\/Grupy Bumar. W kolejnych latach zwi\u0105zany by\u0142 z Uniwersytetem Warszawskim oraz funduszem Xplorer Fund w Warszawie.<\/p>\r\n<p style=\"padding-left: 30px;\">Od maja do wrze\u015bnia 2016 by\u0142 doradc\u0105 w Gabinecie Politycznym ministra spraw zagranicznych Witolda Waszczykowskiego, za\u015b od 30 wrze\u015bnia do 29 listopada podsekretarzem stanu w Ministerstwie Spraw Zagranicznych. W listopadzie 2016 \u201eGazeta Wyborcza\u201d poinformowa\u0142a, i\u017c <strong>Robert Grey mia\u0142 zatai\u0107 informacje o wsp\u00f3\u0142pracy ze s\u0142u\u017cbami USA<\/strong>.<\/p>\r\n<p style=\"padding-left: 30px;\">Jego \u017con\u0105 jest Angelika Prokop-Grey, specjalistka ds. procedur antykorupcyjnych, od stycznia 2015 zatrudniona w Polskiej Grupie Zbrojeniowej.<\/p>\r\n<p>Dodajmy, \u017ce na interpelacj\u0119 pos\u0142a Ruchu Narodowego Roberta Winnickiego zapytuj\u0105cego dlaczego MSZ zatrudni\u0142 Amerykanina, wiceszef dyplomacji Jan Dziedziczak odpisa\u0142:<\/p>\r\n<p style=\"padding-left: 30px;\">\u201e<em>Nie ma \u017cadnych podstaw, aby kwestionowa\u0107 lojalno\u015b\u0107 polityczn\u0105 Pana Roberta Greya wobec Polski, USA s\u0105 naszym najwa\u017cniejszym sojusznikiem, <strong>w przypadku ewentualnej kolizji interes\u00f3w Rzeczypospolitej Polskiej i USA Pan Robert Grey jak ka\u017cdy Polak b\u0119dzie broni\u0142 polskiej racji stanu<\/strong><\/em>&#8222;.<\/p>\r\n<h4>&nbsp;<\/h4>\r\n<hr style=\"background-color: #000000; border-width: 0; color: #000000; height: 2px; line-height: 0; text-align: center; width: 100%;\">\r\n<h4>&nbsp;<\/h4>\r\n<h2>Ugoda z panem Robertem Grey, b. wiceministrem MSZ<\/h2>\r\n<p>Poni\u017cej, wpis dokonany przez ks. Tadeusza Isakowicza-Zaleskiego na swoim Facebooku oraz stronie internetowej, z dnia 3 pa\u017adziernika 2018. Niestety, nie znamy \u017cadnych szczeg\u00f3\u0142\u00f3w rozmowy, a wpis ksi\u0119dza T. I.-Z. brzmi bardziej tajemniczo ni\u017c sama posta\u0107 pana Greya.<\/p>\r\n<p>https:\/\/www.facebook.com\/permalink.php?story_fbid=2166399556973829&#038;id=100008114164039<\/p>\r\n<p class=\"zrodlo\">Za: <a href=\"http:\/\/isakowicz.pl\/ugoda-z-panem-robertem-grey-b-wiceministrem-msz\/\">&#8222;Rozmy\u015blania w blogu&#8221; Strona ks. Tadeusza Isakowicza-Zaleskiego &#8212; isakowicz.pl (3 pa\u017adziernika 2018)<\/a><\/p>\r\n<h4>&nbsp;<\/h4>\r\n<hr style=\"background-color: #000000; border-width: 0; color: #000000; height: 2px; line-height: 0; text-align: center; width: 100%;\">\r\n<h4>&nbsp;<\/h4>","protected":false},"excerpt":{"rendered":"Szanowni Czytelnicy! Przeszed\u0142em ju\u017c w \u017cyciu niejedno i nieraz zastanawiam si\u0119, czy jest co\u015b mnie jeszcze zaskoczy\u0107. Dzi\u015b przekona\u0142em si\u0119, \u017ce jednak tak. Ot\u00f3\u017c otrzyma\u0142em &#8211; uwaga! &#8211; 30-stronicowy pozew do s\u0105du cywilnego od by\u0142ego wiceministra MSZ Roberta Ethana Greya, kt\u00f3ry przez bardzo kr\u00f3tki czas, bo zaledwie 5-ciu miesi\u0119cy, pe\u0142ni\u0142 t\u0119 wa\u017cn\u0105 funkcj\u0119 w rz\u0105dzie [&hellip;]","protected":false},"author":1,"featured_media":0,"comment_status":"closed","ping_status":"closed","sticky":false,"template":"","format":"standard","meta":{"_acf_changed":false,"_monsterinsights_skip_tracking":false,"_monsterinsights_sitenote_active":false,"_monsterinsights_sitenote_note":"","_monsterinsights_sitenote_category":0,"ngg_post_thumbnail":0,"footnotes":"","_wp_rev_ctl_limit":""},"categories":[8],"tags":[84,98,169,221],"acf":[],"_links":{"self":[{"href":"https:\/\/www.bibula.com\/index.php?rest_route=\/wp\/v2\/posts\/102858"}],"collection":[{"href":"https:\/\/www.bibula.com\/index.php?rest_route=\/wp\/v2\/posts"}],"about":[{"href":"https:\/\/www.bibula.com\/index.php?rest_route=\/wp\/v2\/types\/post"}],"author":[{"embeddable":true,"href":"https:\/\/www.bibula.com\/index.php?rest_route=\/wp\/v2\/users\/1"}],"replies":[{"embeddable":true,"href":"https:\/\/www.bibula.com\/index.php?rest_route=%2Fwp%2Fv2%2Fcomments&post=102858"}],"version-history":[{"count":0,"href":"https:\/\/www.bibula.com\/index.php?rest_route=\/wp\/v2\/posts\/102858\/revisions"}],"wp:attachment":[{"href":"https:\/\/www.bibula.com\/index.php?rest_route=%2Fwp%2Fv2%2Fmedia&parent=102858"}],"wp:term":[{"taxonomy":"category","embeddable":true,"href":"https:\/\/www.bibula.com\/index.php?rest_route=%2Fwp%2Fv2%2Fcategories&post=102858"},{"taxonomy":"post_tag","embeddable":true,"href":"https:\/\/www.bibula.com\/index.php?rest_route=%2Fwp%2Fv2%2Ftags&post=102858"}],"curies":[{"name":"wp","href":"https:\/\/api.w.org\/{rel}","templated":true}]}}