{"id":102853,"date":"2018-07-19T12:10:26","date_gmt":"2018-07-19T16:10:26","guid":{"rendered":"http:\/\/www.bibula.com\/?p=102853"},"modified":"2018-07-19T12:10:26","modified_gmt":"2018-07-19T16:10:26","slug":"warszawa-prymicja-ks-jakuba-wawrzyna-fsspx","status":"publish","type":"post","link":"https:\/\/www.bibula.com\/?p=102853","title":{"rendered":"Warszawa: Prymicja ks. Jakuba Wawrzyna FSSPX"},"content":{"rendered":"<p>W sobot\u0119 7 lipca w warszawskim przeoracie mia\u0142a miejsce bardzo podnios\u0142a uroczysto\u015b\u0107. Ksi\u0105dz Jakub Wawrzyn FSSPX, kt\u00f3ry otrzyma\u0142 \u015bwi\u0119cenia kap\u0142a\u0144skie 30 czerwca br., odprawi\u0142 Msz\u0119 \u015bw. prymicyjn\u0105 w ko\u015bciele pw. Niepokalanego Serca Maryi. Poprzedzi\u0142o j\u0105 udzielenie b\u0142ogos\u0142awie\u0144stwa prymicyjnego wszystkim, specjalnie na t\u0119 okoliczno\u015b\u0107 przyby\u0142ym wiernym z r\u00f3\u017cnych kaplic z Polski oraz zaproszonym go\u015bciom, w tym zza granicy. Msza \u015bwi\u0119ta rozpocz\u0119\u0142a si\u0119 z kilkunastominutowym op\u00f3\u017anieniem, poniewa\u017c liczba os\u00f3b chc\u0105cych otrzyma\u0107 b\u0142ogos\u0142awie\u0144stwo by\u0142a bardzo du\u017ca, wobec czego ks. Wawrzyn udziela\u0142 go jeszcze po Mszy \u015bw.<\/p>\r\n<p><img fetchpriority=\"high\" decoding=\"async\" class=\"aligncenter\" src=\"https:\/\/news.fsspx.pl\/wp-content\/uploads\/P1060878.jpg\" width=\"601\" height=\"451\"><\/p>\r\n<p class=\"wp-caption-text\" style=\"text-align: center;\"><em>Ks. Jakub Wawrzyn FSSPX w otoczeniu asysty i ministrant\u00f3w po uroczystej Mszy w warszawskim przeoracie<\/em><\/p>\r\n<p>W tym czasie trwa\u0142 ju\u017c pocz\u0119stunek, kt\u00f3remu towarzyszy\u0142a oprawa muzyczna zapewniona przez zesp\u00f3\u0142 smyczkowy. Pomimo wysokiej temperatury rozmowy toczy\u0142y si\u0119 w najlepsze, a dobry nastr\u00f3j dopisywa\u0142 ka\u017cdemu. Nast\u0119pnie zaproszeni wierni udali si\u0119 do sali pod ko\u015bcio\u0142em, gdzie czeka\u0142 na nich ciep\u0142y posi\u0142ek oraz mo\u017cliwo\u015b\u0107 dalszego wsp\u00f3lnego \u015bwi\u0119towania faktu, i\u017c oto Pan B\u00f3g obdarzy\u0142 nas nowym kap\u0142anem. Podobna uroczysto\u015b\u0107 b\u0119dzie zapewne mia\u0142a miejsce r\u00f3wnie\u017c w przysz\u0142ym roku, kiedy to &#8211; <em>Deo volente<\/em> &#8211; ks. dk. Bartosz Tokarski FSSPX otrzyma \u015bwi\u0119cenia kap\u0142a\u0144skie.<\/p>","protected":false},"excerpt":{"rendered":"W sobot\u0119 7 lipca w warszawskim przeoracie mia\u0142a miejsce bardzo podnios\u0142a uroczysto\u015b\u0107. Ksi\u0105dz Jakub Wawrzyn FSSPX, kt\u00f3ry otrzyma\u0142 \u015bwi\u0119cenia kap\u0142a\u0144skie 30 czerwca br., odprawi\u0142 Msz\u0119 \u015bw. prymicyjn\u0105 w ko\u015bciele pw. Niepokalanego Serca Maryi. Poprzedzi\u0142o j\u0105 udzielenie b\u0142ogos\u0142awie\u0144stwa prymicyjnego wszystkim, specjalnie na t\u0119 okoliczno\u015b\u0107 przyby\u0142ym wiernym z r\u00f3\u017cnych kaplic z Polski oraz zaproszonym go\u015bciom, w tym [&hellip;]","protected":false},"author":1,"featured_media":0,"comment_status":"closed","ping_status":"closed","sticky":false,"template":"","format":"standard","meta":{"_acf_changed":false,"_monsterinsights_skip_tracking":false,"ngg_post_thumbnail":0,"footnotes":"","_wp_rev_ctl_limit":""},"categories":[5],"tags":[119,32,98,24],"acf":[],"_links":{"self":[{"href":"https:\/\/www.bibula.com\/index.php?rest_route=\/wp\/v2\/posts\/102853"}],"collection":[{"href":"https:\/\/www.bibula.com\/index.php?rest_route=\/wp\/v2\/posts"}],"about":[{"href":"https:\/\/www.bibula.com\/index.php?rest_route=\/wp\/v2\/types\/post"}],"author":[{"embeddable":true,"href":"https:\/\/www.bibula.com\/index.php?rest_route=\/wp\/v2\/users\/1"}],"replies":[{"embeddable":true,"href":"https:\/\/www.bibula.com\/index.php?rest_route=%2Fwp%2Fv2%2Fcomments&post=102853"}],"version-history":[{"count":0,"href":"https:\/\/www.bibula.com\/index.php?rest_route=\/wp\/v2\/posts\/102853\/revisions"}],"wp:attachment":[{"href":"https:\/\/www.bibula.com\/index.php?rest_route=%2Fwp%2Fv2%2Fmedia&parent=102853"}],"wp:term":[{"taxonomy":"category","embeddable":true,"href":"https:\/\/www.bibula.com\/index.php?rest_route=%2Fwp%2Fv2%2Fcategories&post=102853"},{"taxonomy":"post_tag","embeddable":true,"href":"https:\/\/www.bibula.com\/index.php?rest_route=%2Fwp%2Fv2%2Ftags&post=102853"}],"curies":[{"name":"wp","href":"https:\/\/api.w.org\/{rel}","templated":true}]}}