{"id":102820,"date":"2018-07-19T10:44:05","date_gmt":"2018-07-19T14:44:05","guid":{"rendered":"http:\/\/www.bibula.com\/?p=102820"},"modified":"2018-07-19T10:44:05","modified_gmt":"2018-07-19T14:44:05","slug":"antyrasistowska-organizacja-krytykowala-druzyne-chorwacji-za-dramatyczna-jednolitosc","status":"publish","type":"post","link":"https:\/\/www.bibula.com\/?p=102820","title":{"rendered":"Antyrasistowska organizacja krytykowa\u0142a dru\u017cyn\u0119 Chorwacji za \u201edramatyczn\u0105 jednolito\u015b\u0107&#8221;"},"content":{"rendered":"<p><strong>Chorwacka dru\u017cyna pi\u0142karska krytykowana za zbyt \u201edramatycznie jednolit\u0105\u201d i \u201ezbyt bia\u0142\u0105\u201d przez francusk\u0105 antyrasistowsk\u0105 organizacj\u0119 pozarz\u0105dow\u0105 Licra Paris (<em>International League against Racism and Antisemitism<\/em>).<\/strong><\/p>\r\n<p>Przed fina\u0142em mistrzostw \u015bwiata paryska organizacja Licra opublikowa\u0142a post na Facebooku, w kt\u00f3rej chwali\u0142a francuski zesp\u00f3\u0142 pi\u0142karski za \u201ewielokolorowy\u201d i \u201ewieloetniczny\u201d sk\u0142ad, przeciwstawiaj\u0105c jej dru\u017cyn\u0119 Chorwacji, nazywaj\u0105c j\u0105 \u201edramatycznie jednolit\u0105 i pozbawion\u0105 koloru\u201d.<\/p>\r\n<p>\u201eDzisiejszy pojedynek wyr\u00f3\u017cnia si\u0119 historycznie i socjologicznie \u2026 Francuska dru\u017cyna, kt\u00f3ra jest wielobarwna, wieloetniczna, zmierzy si\u0119 z chorwackim zespo\u0142em dramatycznie jednolitym\u2026 bez koloru, bez smaku\u201d &#8211; brzmia\u0142 wpis, kt\u00f3ry p\u00f3\u017aniej zosta\u0142 usuni\u0119ty.<\/p>\r\n<p>Licra przeprosi\u0142a wszystkich, kt\u00f3rzy zostali ura\u017ceni wpisem. \u201ePrzepraszamy za ten niezr\u0119czny post, kt\u00f3ry m\u00f3g\u0142 by\u0107 \u017ale zinterpretowany. Przykro mi, \u017ce niekt\u00f3rzy mogli by\u0107 wstrz\u0105\u015bni\u0119ci. To nie by\u0142o nasz\u0105 intencj\u0105\u201d &#8211; napisali. [<em>Aha\u2026 \u201enie by\u0142o\u201d\u2026. &#8211; admin<\/em>]<\/p>\r\n<p class=\"zrodlo\">Za: <a href=\"https:\/\/marucha.wordpress.com\/2018\/07\/18\/antyrasistowska-organizacja-krytykowala-druzyne-chorwacji-za-dramatyczna-jednolitosc\/\">Dziennik gajowego Maruchy (2018-07-18)<\/a><\/p>\r\n<blockquote>\r\n<p>[<strong>Wybrane wypowiedzi internaut\u00f3w pod w\/w tekstem na stronie \u017ar\u00f3d\u0142owej:<\/strong>]<\/p>\r\n<p><em>jjj<\/em> said<br>\r\nIslandczycy, Senegalczycy i Korea\u0144czycy te\u017c byli jednokolorowi\u2026<br>\r\nNo, ale Senegalczykom to chyba wolno\u2026:)<\/p>\r\n<p><em>Marcin<\/em> said<br>\r\nW koszu na \u015bmieci te\u017c jest kolorowo.<\/p>\r\n<p><em>lopek<\/em> said<br>\r\nNie jest jeszcze tak \u017ale &#8211; bo jednak kilku bia\u0142ym pozwolono gra\u0107 we francuskiej dru\u017cynie narodowej. Za jaki\u015b czas takiego pozwolenia ju\u017c nie b\u0119dzie.<\/p>\r\n<\/blockquote>\r\n<h4>&nbsp;<\/h4>\r\n<hr style=\"background-color: #000000; border-width: 0; color: #000000; height: 2px; line-height: 0; text-align: center; width: 100%;\">\r\n<h4>&nbsp;<\/h4>\r\n<h2>Luka Modri\u0107 na celowniku Centrum Wiesenthala<\/h2>\r\n<p><strong>Wybrany w niedziel\u0119 najlepszym pi\u0142karzem Mistrzostw \u015awiata gwiazdor reprezentacji Chorwacji znalaz\u0142 si\u0119 na celowniku \u201e\u0142owc\u00f3w nazist\u00f3w\u201d, reprezentuj\u0105cych Centrum Szymona Wiesenthala.<\/strong><\/p>\r\n<p>\u017bydowska organizacja skrytykowa\u0142a Luk\u0119 Modricia za zaproszenie muzyka Marko Perkovicia \u201eThompsona\u201d do wsp\u00f3lnego \u015bwi\u0119towania wicemistrzostwa \u015bwiata, poniewa\u017c jej zdaniem rockman szerzy nienawi\u015b\u0107 oraz propaguje faszyzm.<\/p>\r\n<p>Obecno\u015b\u0107 \u201eThompsona\u201d na specjalnie przygotowanej celebracji sukcesu chorwackich pi\u0142karzy, w kt\u00f3rej bra\u0142o udzia\u0142 ponad p\u00f3\u0142 miliona ludzi, oburzy\u0142o w pierwszej kolejno\u015bci lokalne media i \u015brodowiska lewicowe, natomiast p\u00f3\u017aniej na ten temat zacz\u0119\u0142y rozpisywa\u0107 si\u0119 zagraniczne media.<\/p>\r\n<p>Teraz do akcji wkroczy\u0142y \u017cydowskie organizacje na czele z Centrum Szymona Wiesenthala, kt\u00f3re wyda\u0142o specjalne o\u015bwiadczenie na temat jego obecno\u015bci w autokarze z reprezentantami Chorwacji oraz p\u00f3\u017aniejszego wyst\u0119pu w centrum Zagrzebia.<\/p>\r\n<p>Zdaniem Efraima Zuroffa, dyrektora generalnego Centrum, Perkovi\u0107 w swoich piosenkach wzywa do zabijania Serb\u00f3w oraz \u201epodtrzymuje nostalgi\u0119\u201d za aktywno\u015bci\u0105 oboz\u00f3w koncentracyjnych powsta\u0142ych na terenie Chorwacji w czasie II wojny \u015bwiatowej. Poza tym muzyk ma szerzy\u0107 nienawi\u015b\u0107 i propagowa\u0107 faszyzm, dlatego \u201edo\u015b\u0107 nieprzypadkowo\u201d na jego koncertach pojawiaj\u0105 si\u0119 osoby ubrane w stroje nawi\u0105zuj\u0105ce do Ustaszy, czyli historycznej organizacji chorwackiego nacjonalizmu.<\/p>\r\n<p>Z tego powodu Centrum postanowi\u0142o skrytykowa\u0107 w pierwszej kolejno\u015bci Luk\u0119 Modricia, kapitana reprezentacji Chorwacji, kt\u00f3ry w niedziel\u0119 otrzyma\u0142 r\u00f3wnie\u017c nagrod\u0119 dla najlepszego pi\u0142karza Mistrzostw \u015awiata w Rosji, a przedwczoraj wywo\u0142ywa\u0142 \u201eThompsona\u201d na scen\u0119.<\/p>\r\n<p>Zdaniem Zuroffa zawodnik mo\u017ce i zas\u0142uguje na sportowe nagrody, lecz \u201enale\u017cy mu si\u0119 czerwona kartka\u201d za nazwanie Perkovicia \u015bpiewakiem.<\/p>\r\n<p>Na podstawie: index.hr<br>\r\n<a href=\"http:\/\/autonom.pl\">http:\/\/autonom.pl<\/a><\/p>\r\n<p class=\"zrodlo\">Za: <a href=\"https:\/\/marucha.wordpress.com\/2018\/07\/18\/luka-modric-na-celowniku-centrum-wiesenthala\/\">Dziennik gajowego Maruchy (2018-07-18)<\/a><\/p>\r\n<h4>&nbsp;<\/h4>\r\n<hr style=\"background-color: #000000; border-width: 0; color: #000000; height: 2px; line-height: 0; text-align: center; width: 100%;\">\r\n<h4>&nbsp;<\/h4>","protected":false},"excerpt":{"rendered":"Chorwacka dru\u017cyna pi\u0142karska krytykowana za zbyt \u201edramatycznie jednolit\u0105\u201d i \u201ezbyt bia\u0142\u0105\u201d przez francusk\u0105 antyrasistowsk\u0105 organizacj\u0119 pozarz\u0105dow\u0105 Licra Paris (International League against Racism and Antisemitism). Przed fina\u0142em mistrzostw \u015bwiata paryska organizacja Licra opublikowa\u0142a post na Facebooku, w kt\u00f3rej chwali\u0142a francuski zesp\u00f3\u0142 pi\u0142karski za \u201ewielokolorowy\u201d i \u201ewieloetniczny\u201d sk\u0142ad, przeciwstawiaj\u0105c jej dru\u017cyn\u0119 Chorwacji, nazywaj\u0105c j\u0105 \u201edramatycznie jednolit\u0105 i [&hellip;]","protected":false},"author":1,"featured_media":0,"comment_status":"closed","ping_status":"closed","sticky":false,"template":"","format":"standard","meta":{"_acf_changed":false,"_monsterinsights_skip_tracking":false,"ngg_post_thumbnail":0,"footnotes":"","_wp_rev_ctl_limit":""},"categories":[12],"tags":[22,53,25,31,20,213],"acf":[],"_links":{"self":[{"href":"https:\/\/www.bibula.com\/index.php?rest_route=\/wp\/v2\/posts\/102820"}],"collection":[{"href":"https:\/\/www.bibula.com\/index.php?rest_route=\/wp\/v2\/posts"}],"about":[{"href":"https:\/\/www.bibula.com\/index.php?rest_route=\/wp\/v2\/types\/post"}],"author":[{"embeddable":true,"href":"https:\/\/www.bibula.com\/index.php?rest_route=\/wp\/v2\/users\/1"}],"replies":[{"embeddable":true,"href":"https:\/\/www.bibula.com\/index.php?rest_route=%2Fwp%2Fv2%2Fcomments&post=102820"}],"version-history":[{"count":0,"href":"https:\/\/www.bibula.com\/index.php?rest_route=\/wp\/v2\/posts\/102820\/revisions"}],"wp:attachment":[{"href":"https:\/\/www.bibula.com\/index.php?rest_route=%2Fwp%2Fv2%2Fmedia&parent=102820"}],"wp:term":[{"taxonomy":"category","embeddable":true,"href":"https:\/\/www.bibula.com\/index.php?rest_route=%2Fwp%2Fv2%2Fcategories&post=102820"},{"taxonomy":"post_tag","embeddable":true,"href":"https:\/\/www.bibula.com\/index.php?rest_route=%2Fwp%2Fv2%2Ftags&post=102820"}],"curies":[{"name":"wp","href":"https:\/\/api.w.org\/{rel}","templated":true}]}}