{"id":102811,"date":"2018-07-18T11:45:47","date_gmt":"2018-07-18T15:45:47","guid":{"rendered":"http:\/\/www.bibula.com\/?p=102811"},"modified":"2018-07-18T11:45:47","modified_gmt":"2018-07-18T15:45:47","slug":"ekologiczny-trend-nie-ominie-kodeksu-prawa-kanonicznego","status":"publish","type":"post","link":"https:\/\/www.bibula.com\/?p=102811","title":{"rendered":"Ekologiczny trend nie ominie Kodeksu Prawa Kanonicznego?"},"content":{"rendered":"<p><strong>Kardyna\u0142 Francesco Coccopalmerio postuluje kolejn\u0105 zmian\u0119 w Kodeksie Prawa Kanonicznego. Tym razem mia\u0142aby ona dotyczy\u0107 ekologii.<\/strong><\/p>\r\n<p>By\u0142y przewodnicz\u0105cy Papieskiej Rady ds. Tekst\u00f3w Prawnych z ubolewaniem stwierdzi\u0142, \u017ce kanony, kt\u00f3re dotycz\u0105 praw i obowi\u0105zk\u00f3w wierz\u0105cych, ani s\u0142owem nie wspominaj\u0105 o jednym z najwa\u017cniejszych, a mianowicie dotycz\u0105cym ochrony i rozwoju \u015brodowiska naturalnego.<\/p>\r\n<p>Kardyna\u0142 Coccopalmerio zapowiedzia\u0142, \u017ce zaproponuje papie\u017cowi odpowiednie zmiany. Jego zdaniem nowy kanon m\u00f3g\u0142by mie\u0107 nast\u0119puj\u0105c\u0105 posta\u0107: \u201eKa\u017cdy chrze\u015bcijanin, \u015bwiadomy, \u017ce stworzenie jest wsp\u00f3lnym domem, ma powa\u017cny obowi\u0105zek nie tylko nie niszczy\u0107, ale tak\u017ce ulepsza\u0107, czy to poprzez normalne zachowanie, czy te\u017c przez specjalne inicjatywy, \u015brodowisko naturalne, w kt\u00f3rym ka\u017cda osoba zosta\u0142a powo\u0142ana do \u017cycia\u201d.<\/p>\r\n<p>Zdaniem w\u0142oskiego hierarchy, z wnioskiem o dodanie takiego kanonu powinna te\u017c wyst\u0105pi\u0107 papieska rada, kt\u00f3r\u0105 on sam do niedawna kierowa\u0142.<\/p>\r\n<p>\u0179r\u00f3d\u0142o: KAI<\/p>\r\n<p>RoM<\/p>","protected":false},"excerpt":{"rendered":"Kardyna\u0142 Francesco Coccopalmerio postuluje kolejn\u0105 zmian\u0119 w Kodeksie Prawa Kanonicznego. Tym razem mia\u0142aby ona dotyczy\u0107 ekologii. By\u0142y przewodnicz\u0105cy Papieskiej Rady ds. Tekst\u00f3w Prawnych z ubolewaniem stwierdzi\u0142, \u017ce kanony, kt\u00f3re dotycz\u0105 praw i obowi\u0105zk\u00f3w wierz\u0105cych, ani s\u0142owem nie wspominaj\u0105 o jednym z najwa\u017cniejszych, a mianowicie dotycz\u0105cym ochrony i rozwoju \u015brodowiska naturalnego. Kardyna\u0142 Coccopalmerio zapowiedzia\u0142, \u017ce zaproponuje [&hellip;]","protected":false},"author":1,"featured_media":0,"comment_status":"closed","ping_status":"closed","sticky":false,"template":"","format":"standard","meta":{"_acf_changed":false,"_monsterinsights_skip_tracking":false,"_monsterinsights_sitenote_active":false,"_monsterinsights_sitenote_note":"","_monsterinsights_sitenote_category":0,"ngg_post_thumbnail":0,"footnotes":"","_wp_rev_ctl_limit":""},"categories":[3],"tags":[146,41,33],"acf":[],"_links":{"self":[{"href":"https:\/\/www.bibula.com\/index.php?rest_route=\/wp\/v2\/posts\/102811"}],"collection":[{"href":"https:\/\/www.bibula.com\/index.php?rest_route=\/wp\/v2\/posts"}],"about":[{"href":"https:\/\/www.bibula.com\/index.php?rest_route=\/wp\/v2\/types\/post"}],"author":[{"embeddable":true,"href":"https:\/\/www.bibula.com\/index.php?rest_route=\/wp\/v2\/users\/1"}],"replies":[{"embeddable":true,"href":"https:\/\/www.bibula.com\/index.php?rest_route=%2Fwp%2Fv2%2Fcomments&post=102811"}],"version-history":[{"count":0,"href":"https:\/\/www.bibula.com\/index.php?rest_route=\/wp\/v2\/posts\/102811\/revisions"}],"wp:attachment":[{"href":"https:\/\/www.bibula.com\/index.php?rest_route=%2Fwp%2Fv2%2Fmedia&parent=102811"}],"wp:term":[{"taxonomy":"category","embeddable":true,"href":"https:\/\/www.bibula.com\/index.php?rest_route=%2Fwp%2Fv2%2Fcategories&post=102811"},{"taxonomy":"post_tag","embeddable":true,"href":"https:\/\/www.bibula.com\/index.php?rest_route=%2Fwp%2Fv2%2Ftags&post=102811"}],"curies":[{"name":"wp","href":"https:\/\/api.w.org\/{rel}","templated":true}]}}