{"id":102795,"date":"2018-07-18T09:34:22","date_gmt":"2018-07-18T13:34:22","guid":{"rendered":"http:\/\/www.bibula.com\/?p=102795"},"modified":"2018-07-18T09:34:22","modified_gmt":"2018-07-18T13:34:22","slug":"przed-sad-za-pobicie-ksiedza-sprawca-lider-protestow-w-puszczy-bialowieskiej","status":"publish","type":"post","link":"https:\/\/www.bibula.com\/?p=102795","title":{"rendered":"Przed s\u0105d za pobicie ksi\u0119dza. Sprawc\u0105 lider protest\u00f3w w Puszczy Bia\u0142owieskiej"},"content":{"rendered":"<p><strong>Prokuratura Rejonowa w Hajn\u00f3wce skierowa\u0142a akt oskar\u017cenia do S\u0105du Rejonowego w Bielsku Podlaskim wobec Piotra K. Oskar\u017cony jest on o pobicie ksi\u0119dza Tomasza Duszkiewicza, kapelana Las\u00f3w Pa\u0144stwowych. Mia\u0142o do niego doj\u015b\u0107 podczas blokowania, g\u0142\u00f3wnie przez tzw. organizacje ekologiczne, wycinki chorych drzew w Puszczy Bia\u0142owieskiej.<\/strong><\/p>\r\n<p>Post\u0119powanie prokuratorskie w sprawie agresora trwa\u0142o niemal rok. M\u0119\u017cczy\u017anie pocz\u0105tkowo zarzucano jedynie kierowanie gr\u00f3\u017ab karalnych. Ostatecznie oskar\u017cono go tak\u017ce o pobicie, kt\u00f3re spowodowa\u0142o u pokrzywdzonego ksi\u0119dza obra\u017cenia cia\u0142a. W akcie oskar\u017cenia prokurator postawi\u0142 m\u0119\u017cczy\u017anie zarzuty w oparciu o zapis Kodeksu karnego: \u201eKto stosuje przemoc wobec osoby lub gro\u017ab\u0119 bezprawn\u0105 w celu zmuszenia innej osoby do okre\u015blonego dzia\u0142ania, zaniechania lub znoszenia, podlega karze pozbawienia wolno\u015bci do lat 3.\u201d<\/p>\r\n<p>Do zdarzenia dosz\u0142o 16 sierpnia 2017 roku w Puszczy Bia\u0142owieskiej, na terenie Nadle\u015bnictwa Bia\u0142owie\u017ca. Ksi\u0105dz Tomasz Duszkiewicz, duszpasterz Dyrekcji Generalnej Las\u00f3w Pa\u0144stwowych i ministra \u015brodowiska, przebywa\u0142 w pobli\u017cu miejsca, w kt\u00f3rym samoch\u00f3d wywo\u017c\u0105cy \u015bci\u0119te, chore \u015bwierki zosta\u0142 zatrzymany przez tzw. ekolog\u00f3w, protestuj\u0105cych przeciw wycince sanitarnej. Ksi\u0105dz, kt\u00f3ry w puszczy przebywa\u0142 s\u0142u\u017cbowo, postanowi\u0142 udokumentowa\u0107 bezprawne zachowanie protestuj\u0105cych, wykonuj\u0105c seri\u0119 zdj\u0119\u0107 telefonem kom\u00f3rkowym. W pewnym momencie do kapelana, z grupy os\u00f3b blokuj\u0105cych wyw\u00f3z drewna, podszed\u0142 Piotr K., lider protestuj\u0105cych, po czym w agresywnych s\u0142owach za\u017c\u0105da\u0142 zaprzestania wykonywania zdj\u0119\u0107.<\/p>\r\n<p>Kap\u0142an jednak kontynuowa\u0142. W\u00f3wczas m\u0119\u017cczyzna mocno uderzy\u0142 ksi\u0119dza w obie r\u0119ce. Aparat, po tym ciosie, upad\u0142 na ziemi\u0119. Ksi\u0105dz z b\u00f3lu nie m\u00f3g\u0142 go podnie\u015b\u0107. Zrobi\u0142 to sam napastnik i w\u0142o\u017cy\u0142 kom\u00f3rk\u0119 w kiesze\u0144 koszuli ksi\u0119dza, jednak tak brutalnie, \u017ce j\u0105 rozerwa\u0142. Do tego Piotr K. zwr\u00f3ci\u0142 si\u0119 do kap\u0142ana: \u201eTylko poka\u017c to zdj\u0119cie, a b\u0119dziesz \u015bci\u0119ty\u201d.<\/p>\r\n<p>Na miejsce zosta\u0142a wezwana policja, kt\u00f3ra zatrzyma\u0142a sprawc\u0119. Ksi\u0105dz Tomasz Duszkiewicz z\u0142o\u017cy\u0142 zawiadomienie o napa\u015bci. Nast\u0119pnie zosta\u0142 zbadany przez lekarza ortoped\u0119 w hajnowskim szpitalu. Obdukcja wykaza\u0142a, \u017ce w wyniku pobicia zosta\u0142y silnie st\u0142uczone przedramiona obu r\u0105k i wyst\u0105pi\u0142 ich obrz\u0119k. W miejscu najsilniejszego st\u0142uczenia prawej r\u0119ki lekarz za\u0142o\u017cy\u0142 opatrunek z gipsu i szyny usztywniaj\u0105cej. Nie by\u0142 to jedyny akt agresji fizycznej zastosowany przez blokuj\u0105cych wyw\u00f3zk\u0119 zainfekowanych kornikiem \u015bwierk\u00f3w z Puszczy Bia\u0142owieskiej. W lipcu 2017 roku pobity zosta\u0142 te\u017c dyrektor Zak\u0142adu Transportu i Spedycji oddzia\u0142u Las\u00f3w Pa\u0144stwowych w Gi\u017cycku.<\/p>\r\n<p><strong><em>Adam Bia\u0142ous<\/em><\/strong><\/p>","protected":false},"excerpt":{"rendered":"Prokuratura Rejonowa w Hajn\u00f3wce skierowa\u0142a akt oskar\u017cenia do S\u0105du Rejonowego w Bielsku Podlaskim wobec Piotra K. Oskar\u017cony jest on o pobicie ksi\u0119dza Tomasza Duszkiewicza, kapelana Las\u00f3w Pa\u0144stwowych. Mia\u0142o do niego doj\u015b\u0107 podczas blokowania, g\u0142\u00f3wnie przez tzw. organizacje ekologiczne, wycinki chorych drzew w Puszczy Bia\u0142owieskiej. Post\u0119powanie prokuratorskie w sprawie agresora trwa\u0142o niemal rok. M\u0119\u017cczy\u017anie pocz\u0105tkowo zarzucano [&hellip;]","protected":false},"author":1,"featured_media":0,"comment_status":"closed","ping_status":"closed","sticky":false,"template":"","format":"standard","meta":{"_acf_changed":false,"_monsterinsights_skip_tracking":false,"_monsterinsights_sitenote_active":false,"_monsterinsights_sitenote_note":"","_monsterinsights_sitenote_category":0,"ngg_post_thumbnail":0,"footnotes":"","_wp_rev_ctl_limit":""},"categories":[8],"tags":[132,114,414,98],"acf":[],"_links":{"self":[{"href":"https:\/\/www.bibula.com\/index.php?rest_route=\/wp\/v2\/posts\/102795"}],"collection":[{"href":"https:\/\/www.bibula.com\/index.php?rest_route=\/wp\/v2\/posts"}],"about":[{"href":"https:\/\/www.bibula.com\/index.php?rest_route=\/wp\/v2\/types\/post"}],"author":[{"embeddable":true,"href":"https:\/\/www.bibula.com\/index.php?rest_route=\/wp\/v2\/users\/1"}],"replies":[{"embeddable":true,"href":"https:\/\/www.bibula.com\/index.php?rest_route=%2Fwp%2Fv2%2Fcomments&post=102795"}],"version-history":[{"count":0,"href":"https:\/\/www.bibula.com\/index.php?rest_route=\/wp\/v2\/posts\/102795\/revisions"}],"wp:attachment":[{"href":"https:\/\/www.bibula.com\/index.php?rest_route=%2Fwp%2Fv2%2Fmedia&parent=102795"}],"wp:term":[{"taxonomy":"category","embeddable":true,"href":"https:\/\/www.bibula.com\/index.php?rest_route=%2Fwp%2Fv2%2Fcategories&post=102795"},{"taxonomy":"post_tag","embeddable":true,"href":"https:\/\/www.bibula.com\/index.php?rest_route=%2Fwp%2Fv2%2Ftags&post=102795"}],"curies":[{"name":"wp","href":"https:\/\/api.w.org\/{rel}","templated":true}]}}