{"id":102707,"date":"2018-07-11T17:21:22","date_gmt":"2018-07-11T21:21:22","guid":{"rendered":"http:\/\/www.bibula.com\/?p=102707"},"modified":"2018-07-11T17:21:22","modified_gmt":"2018-07-11T21:21:22","slug":"jak-media-sakiewicza-i-zwiazku-ukraincow-w-polsce-pisza-o-rocznicy-ludobojstwa-na-wolyniu","status":"publish","type":"post","link":"https:\/\/www.bibula.com\/?p=102707","title":{"rendered":"Jak media Sakiewicza i Zwi\u0105zku Ukrai\u0144c\u00f3w w Polsce pisz\u0105 o rocznicy ludob\u00f3jstwa na Wo\u0142yniu?"},"content":{"rendered":"<p>Zastanawiaj\u0105ce jest du\u017ce podobie\u0144stwo w jaki spos\u00f3b Niezalezna.pl, czyli media Sakiewicza, i \u201eNasze S\u0142owo\u201d, wydawane przez Zwi\u0105zek Ukrai\u0144c\u00f3w w Polsce, relacjonowa\u0142y pobyt prezydenta Dudy na Ukrainie w dniu 8 lipca. Przem\u00f3wienie Dudy wyg\u0142oszone w O\u0142yce zawiera\u0142o stwierdzenie, kt\u00f3re dawno ju\u017c tam, na Wo\u0142yniu, prezydent Polski powinien wyg\u0142osi\u0107, czyli o ludob\u00f3jstwie dokonanym przez nacjonalist\u00f3w ukrai\u0144skich. I takie stwierdzenie pad\u0142o, gdy\u017c prezydent powiedzia\u0142: \u201eDos\u0142ownie za kilka dni &#8211; 11 lipca &#8211; b\u0119dziemy obchodzili 75. rocznic\u0119 ludob\u00f3jstwa, do jakiego dosz\u0142o na Wo\u0142yniu. B\u0119dzie to w Polsce Narodowy Dzie\u0144 Pami\u0119ci Ofiar Ludob\u00f3jstwa dokonanego na Wo\u0142yniu na Polakach przez ukrai\u0144skich nacjonalist\u00f3w\u201d<a href=\"https:\/\/konserwatyzm.pl\/lewicki-jak-media-sakiewicza-i-zwiazku-ukraincow-w-polsce-pisza-o-rocznicy-ludobojstwa-na-wolyniu\/#_edn1\" name=\"_ednref1\">[1]<\/a> . Relacja Nazaleznej.pl wybija w tytule, \u017ce Duda powiedzia\u0142, i\u017c by\u0142a to czystka etniczna &#8211; \u201eWydarzenia na Wo\u0142yniu to by\u0142a czystka etniczna\u201d. Prezydent przypomnia\u0142 kresow\u0105 tragedi\u0119\u201d.<a href=\"https:\/\/konserwatyzm.pl\/lewicki-jak-media-sakiewicza-i-zwiazku-ukraincow-w-polsce-pisza-o-rocznicy-ludobojstwa-na-wolyniu\/#_edn2\" name=\"_ednref2\">[2]<\/a> Rzeczywi\u015bcie, takiego mocno nieadekwatnego okre\u015blenia Duda tak\u017ce u\u017cy\u0142, ale wyci\u0105ganie tego jako najwa\u017cniejszej rzeczy wydaje si\u0119 niew\u0142a\u015bciwe.&nbsp; Od siebie za\u015b redakcja dodaje, \u017ce by\u0142a ta jaka\u015b nieokre\u015blona \u201ekresowa tragedia\u201d.<\/p>\r\n<p>Zupe\u0142nie podobnie spraw\u0119 przedstawi\u0142 portal gazety wydawanej przez Zwi\u0105zek Ukrai\u0144c\u00f3w w Polsce &#8211; \u201eNasze S\u0142owo\u201d. Tam ju\u017c nie ma ani s\u0142owa o ludob\u00f3jstwie, a jest tylko, \u017ce Duda uwa\u017ca te zdarzenia za &nbsp;czystk\u0119 etniczn\u0105. Tytu\u0142 relacji m\u00f3wi: \u201eDuda &#8211; \u201eTo nie by\u0142a wojna mi\u0119dzy Polsk\u0105 czy Ukrain\u0105, to by\u0142a czystka etniczna\u201d.<a href=\"https:\/\/konserwatyzm.pl\/lewicki-jak-media-sakiewicza-i-zwiazku-ukraincow-w-polsce-pisza-o-rocznicy-ludobojstwa-na-wolyniu\/#_edn3\" name=\"_ednref3\">[3]<\/a> Dalej za\u015b w tek\u015bcie jest te\u017c mowa o jakiej\u015b \u201ewo\u0142y\u0144skiej tragedii\u201d.<\/p>\r\n<p>Zastanawiaj\u0105ca ta zbie\u017cno\u015b\u0107 w tytu\u0142ach miedzy mediami Sakiewicza a tymi wydawanymi przez ZUwP. Wida\u0107, \u017ce i tu i tam chyba podobnie my\u015bl\u0105, podobne rzeczy uznaj\u0105 dla siebie za wa\u017cne i jakby z podobn\u0105 wra\u017cliwo\u015bci\u0105 traktuj\u0105 polskie ofiary ludob\u00f3jstwa. I to nazywanie ludob\u00f3jstwa jako jakiej\u015b \u201etragedii\u201d, w jednym przypadku kresowej, a w drugiej wo\u0142y\u0144skiej.<\/p>\r\n<p>U\u017cywanie okre\u015blenia czystka etniczna na ludob\u00f3jstwo jest niew\u0142a\u015bciwe, gdy\u017c czystka oznacza deportacj\u0119 lub przymusowe wyp\u0119dzanie ludno\u015bci z okre\u015blonych teren\u00f3w, za\u015b w ludob\u00f3jstwie celem jest ca\u0142kowite wymordowanie ludzi. Nie ma zatem r\u00f3wno\u015bci mi\u0119dzy tymi poj\u0119ciami. To \u017ce \u201eNasze S\u0142owo\u201d ma w\u0142a\u015bnie taki pogl\u0105d, jaki zaprezentowa\u0142o w relacji, jest w znacznym stopniu zrozumia\u0142e. Dlaczego jednak podobnie zachowuje si\u0119 Niezalezna.pl?<\/p>\r\n<p><strong><em>Stanis\u0142aw Lewicki<\/em><\/strong><\/p>\r\n<p>[1] http:\/\/www.prezydent.pl\/aktualnosci\/wypowiedzi-prezydenta-rp\/wystapienia\/art,468,wystapienie-prezydenta-rp-podczas-wizyty-na-wolyniu.html<\/p>\r\n<p>[2] http:\/\/niezalezna.pl\/230117-wydarzenia-na-wolyniu-to-byla-czystka-etniczna-prezydent-przypomnial-kresowa-tragedie<\/p>\r\n<p><a href=\"https:\/\/konserwatyzm.pl\/lewicki-jak-media-sakiewicza-i-zwiazku-ukraincow-w-polsce-pisza-o-rocznicy-ludobojstwa-na-wolyniu\/#_ednref3\" name=\"_edn3\">[3]<\/a> http:\/\/www.nasze-slowo.pl\/news\/duda-ce-ne-bula-vijna-mizh-polshheju-ta-ukrainoju-ce-bula-etnichna-chistka\/<\/p>","protected":false},"excerpt":{"rendered":"Zastanawiaj\u0105ce jest du\u017ce podobie\u0144stwo w jaki spos\u00f3b Niezalezna.pl, czyli media Sakiewicza, i \u201eNasze S\u0142owo\u201d, wydawane przez Zwi\u0105zek Ukrai\u0144c\u00f3w w Polsce, relacjonowa\u0142y pobyt prezydenta Dudy na Ukrainie w dniu 8 lipca. Przem\u00f3wienie Dudy wyg\u0142oszone w O\u0142yce zawiera\u0142o stwierdzenie, kt\u00f3re dawno ju\u017c tam, na Wo\u0142yniu, prezydent Polski powinien wyg\u0142osi\u0107, czyli o ludob\u00f3jstwie dokonanym przez nacjonalist\u00f3w ukrai\u0144skich. I [&hellip;]","protected":false},"author":1,"featured_media":0,"comment_status":"closed","ping_status":"closed","sticky":false,"template":"","format":"standard","meta":{"_acf_changed":false,"_monsterinsights_skip_tracking":false,"ngg_post_thumbnail":0,"footnotes":"","_wp_rev_ctl_limit":""},"categories":[8],"tags":[65,159,50,20,167,17],"acf":[],"_links":{"self":[{"href":"https:\/\/www.bibula.com\/index.php?rest_route=\/wp\/v2\/posts\/102707"}],"collection":[{"href":"https:\/\/www.bibula.com\/index.php?rest_route=\/wp\/v2\/posts"}],"about":[{"href":"https:\/\/www.bibula.com\/index.php?rest_route=\/wp\/v2\/types\/post"}],"author":[{"embeddable":true,"href":"https:\/\/www.bibula.com\/index.php?rest_route=\/wp\/v2\/users\/1"}],"replies":[{"embeddable":true,"href":"https:\/\/www.bibula.com\/index.php?rest_route=%2Fwp%2Fv2%2Fcomments&post=102707"}],"version-history":[{"count":0,"href":"https:\/\/www.bibula.com\/index.php?rest_route=\/wp\/v2\/posts\/102707\/revisions"}],"wp:attachment":[{"href":"https:\/\/www.bibula.com\/index.php?rest_route=%2Fwp%2Fv2%2Fmedia&parent=102707"}],"wp:term":[{"taxonomy":"category","embeddable":true,"href":"https:\/\/www.bibula.com\/index.php?rest_route=%2Fwp%2Fv2%2Fcategories&post=102707"},{"taxonomy":"post_tag","embeddable":true,"href":"https:\/\/www.bibula.com\/index.php?rest_route=%2Fwp%2Fv2%2Ftags&post=102707"}],"curies":[{"name":"wp","href":"https:\/\/api.w.org\/{rel}","templated":true}]}}