{"id":102680,"date":"2018-07-11T13:52:41","date_gmt":"2018-07-11T17:52:41","guid":{"rendered":"http:\/\/www.bibula.com\/?p=102680"},"modified":"2018-07-11T13:52:41","modified_gmt":"2018-07-11T17:52:41","slug":"ludobojstwo-na-kresach-to-nie-tylko-rzez-wolynska","status":"publish","type":"post","link":"https:\/\/www.bibula.com\/?p=102680","title":{"rendered":"Ludob\u00f3jstwo na Kresach to nie tylko Rze\u017a Wo\u0142y\u0144ska!"},"content":{"rendered":"<p><strong>Tegoroczne obchody 75. rocznicy Rzezi Wo\u0142y\u0144skiej pokazuj\u0105 bardzo smutny stan polskiej rzeczywisto\u015bci: ludob\u00f3jstwo, jakiego Ukrai\u0144cy dokonali na Polakach mieszkaj\u0105cych na Kresach i w Ma\u0142opolsce Wschodniej w latach 1939-1947 przez zdecydowan\u0105 wi\u0119kszo\u015b\u0107 polityk\u00f3w, dziennikarzy, historyk\u00f3w i zwyk\u0142ych Polak\u00f3w jest ograniczane wy\u0142\u0105cznie do \u201eKrwawej Niedzieli\u201d.<\/strong><\/p>\r\n<p><img fetchpriority=\"high\" decoding=\"async\" class=\"aligncenter\" src=\"https:\/\/www.pch24.pl\/images\/min_mid_big\/big\/61548.jpg?r=1531326171\" alt=\"Ludob\u00f3jstwo na Kresach to nie tylko Rze\u017a Wo\u0142y\u0144ska!\" width=\"600\" height=\"345\"><\/p>\r\n<p>Kiedy w roku 2014 obchodzili\u015bmy 70. rocznica ludob\u00f3jstwa na terenach wojew\u00f3dztw lwowskiego, stanis\u0142awskiego, tarnopolskiego i w po\u0142udniowej cz\u0119\u015bci wojew\u00f3dztwa poleskiego, gdzie Ukrai\u0144cy napadli na ponad 2 tys. polskich miejscowo\u015bci morduj\u0105c oko\u0142o 70 tys. naszych rodak\u00f3w nikt z przedstawicieli pa\u0144stwa polskiego nawet nie pomy\u015bla\u0142, aby zorganizowa\u0107 jakiekolwiek uroczysto\u015bci upami\u0119tniaj\u0105ce t\u0119 straszn\u0105 masakr\u0119. BA! \u0179aden z najwa\u017cniejszych w Polsce o\u015brodk\u00f3w medialnych nawet o tym nie wspomnia\u0142. W telewizji, radiu i Internecie panowa\u0142a kompletna cisza. Nikt nie podj\u0105\u0142 \u017cadnej refleksji\u2026<\/p>\r\n<p>Taki sam schemat ma miejsce i dzisiaj &#8211; w roku 2018. W dalszym ci\u0105gu ludob\u00f3jstwo Polak\u00f3w na Kresach i w Ma\u0142opolsce Wschodniej jest zaw\u0119\u017cane, sp\u0142ycane, ograniczane (nie wiadomo czy umy\u015blnie i celowo) jedynie do Wo\u0142ynia! Takie nastawienie jest z jednej strony niezwykle niebezpieczne, a z drugiej nieodpowiedzialne. Dlaczego? Poniewa\u017c Kresy to nie tylko Wo\u0142y\u0144! Rze\u017a Polak\u00f3w nie jest problem tylko Wo\u0142ynia. Wo\u0142y\u0144 by\u0142 tylko jednym z element\u00f3w tego strasznego ludob\u00f3jstwa. By\u0107 mo\u017ce tam ta zbrodnia by\u0142a najbardziej okrutna i najbardziej przera\u017caj\u0105ca, ale polowanie na Polak\u00f3w trwa\u0142o od 1 wrze\u015bnia 1939 roku i nie zako\u0144czy\u0142o si\u0119 11 lipca 1943 roku &#8211; tego dnia po prostu rozla\u0142o si\u0119 ono na ca\u0142e Kresy, o czym nie mo\u017cemy zapomnie\u0107!<\/p>\r\n<p>Wraz z wybuchem II Wojny \u015awiatowej 1 wrze\u015bnia 1939 roku na Kresach mia\u0142y miejsce pierwsze masowe gwa\u0142ty, grabie\u017ce, napady na uciekinier\u00f3w z Polski p\u00f3\u0142nocnej i zachodniej. Wtedy to Ukrai\u0144cy rozpocz\u0119li podpalanie i rabowanie polskich dwor\u00f3w, pa\u0142ac\u00f3w, gaj\u00f3wek i zwyk\u0142ych gospodarstw. Napadano i mordowano nawet wycofuj\u0105cych si\u0119 \u017co\u0142nierzy Wojska Polskiego, policjant\u00f3w czy urz\u0119dnik\u00f3w pa\u0144stwowych. Robi\u0142y to bandy ukrai\u0144skich nacjonalist\u00f3w wsp\u00f3\u0142pracuj\u0105ce z bandami ukrai\u0144skich komunist\u00f3w.<\/p>\r\n<p>Do dzisiaj nie wiadomo, ilu wtedy Polak\u00f3w zgin\u0119\u0142o. Historycy pr\u00f3buj\u0105 jako\u015b to podliczy\u0107 i uwa\u017caj\u0105, \u017ce \u015bmier\u0107 ponios\u0142o co najmniej 3 tys. Polak\u00f3w.<\/p>\r\n<p>Po 17 wrze\u015bnia 1939 roku, kiedy w\u0142adz\u0119 na wschodnich terenach II Rzeczypospolitej przej\u0119li Sowieci na Kresach rozpocz\u0119\u0142o si\u0119 regularne polowanie na Polak\u00f3w, przede wszystkim polskich oficer\u00f3w i przedstawicieli inteligencji. Do dzisiaj nie wiemy ilu naszych rodak\u00f3w w\u00f3wczas zgin\u0119\u0142o, gdzie zostali zamordowani, w jakich okoliczno\u015bciach i gdzie s\u0105 ich cia\u0142a.<\/p>\r\n<p>Od lat odkrywamy szcz\u0105tki polskich \u017co\u0142nierzy. Warto wspomnie\u0107 chocia\u017cby rok 2002, kiedy to ekshumowano 18 polskich oficer\u00f3w w Mielnikach. Z kolei w 2014 roku mia\u0142a miejsce ekshumacja kilkunastu \u017co\u0142nierzy i oficer\u00f3w Korpusu Ochrony Pogranicza w okolicach Szadka. Niestety nadal nie wiemy, gdzie spoczywaj\u0105 tysi\u0105ce Polak\u00f3w, kt\u00f3rzy przed \u201eKrwaw\u0105 Niedziel\u0105\u201d wpadli w r\u0119ce ukrai\u0144skich nacjonalist\u00f3w i sowieckich enkawudzist\u00f3w. Trudno b\u0119dzie ich odnale\u017a\u0107, o ile kiedykolwiek nam si\u0119 to uda.<\/p>\r\n<p>Wiemy, \u017ce setki polskich \u017co\u0142nierzy, kt\u00f3rzy b\u0142\u0105kali si\u0119 po kresowych lasach i bagnach szukaj\u0105c mo\u017cliwo\u015bci wydostania si\u0119 stamt\u0105d gin\u0119\u0142o \u201ena miejscu\u201d z r\u0105k ukrai\u0144skich nacjonalist\u00f3w. Po zamordowaniu ich cia\u0142a zakopywano w bezimiennych do\u0142ach \u015bmierci, wrzucano do kana\u0142\u00f3w, b\u0105d\u017a pozostawiano ich cia\u0142a w lesie, aby zosta\u0142y po\u017carte przez zwierz\u0119ta.<\/p>\r\n<p>Znane s\u0105 r\u00f3wnie\u017c przyk\u0142ady Polak\u00f3w, kt\u00f3rzy zostawszy namierzeni i schwytani przez Sowiet\u00f3w trafili do kresowych wi\u0119zie\u0144 b\u0105d\u017a oboz\u00f3w. Wi\u0119kszo\u015bci z nich jednak r\u00f3wnie\u017c nie by\u0142o dane prze\u017cy\u0107. Niejednokrotnie bowiem do NKWD zg\u0142aszali si\u0119 Ukrai\u0144cy, kt\u00f3rzy prosili radzieckich oficer\u00f3w, aby ci pozwolili im zabi\u0107 polskiego pana, albo polskiego oficera. Tego typu pro\u015bby najcz\u0119\u015bciej by\u0142y akceptowane.<\/p>\r\n<p>Sytuacja zmieni\u0142a si\u0119 na jeszcze gorsz\u0105 po rozpocz\u0119ciu operacji Barbarossa 22 czerwca 1941 roku. Wej\u015bcie \u017co\u0142nierzy III Rzeszy na Kresy Ukrai\u0144cy przyj\u0119li z ogromn\u0105 eufori\u0105, poniewa\u017c liczyli, \u017ce Niemcy doceni\u0105 ich wk\u0142ad w walk\u0119 z Armi\u0105 Czerwon\u0105 i pomog\u0105 zbudowa\u0107 woln\u0105 Ukrain\u0119. To w\u0142a\u015bnie dlatego m\u0142odzi Ukrai\u0144cy tak ochoczo zasilaj\u0105 niemieck\u0105 administracj\u0119 oraz oddzia\u0142y niemieckiej policji. Tylko na Wo\u0142yniu znalaz\u0142o si\u0119 6 tys. ukrai\u0144skich ochotnik\u00f3w wst\u0119puj\u0105cych do tego typu struktur. Nale\u017cy r\u00f3wnie\u017c podkre\u015bli\u0107, \u017ce to w\u0142a\u015bnie \u201eukrai\u0144ska policja\u201d zas\u0142yn\u0119\u0142a w bardzo kr\u00f3tkim czasie ze swojej brutalno\u015bci wzgl\u0119dem przede wszystkim Polak\u00f3w, kt\u00f3rych prze\u015bladowano za wszelkie, najcz\u0119\u015bciej urojone przewinienia.<\/p>\r\n<p>Gdy na wiosn\u0119 1943 roku oko\u0142o 5 tys. policjant\u00f3w ukrai\u0144skich, kt\u00f3rzy do tej pory pe\u0142nili oddan\u0105 s\u0142u\u017cb\u0119 w niemieckich oddzia\u0142ach, dosta\u0142o rozkaz od swoich \u201enarodowych przyw\u00f3dc\u00f3w\u201d i zasili\u0142o szeregi UPA, to posiadali oni ju\u017c za sob\u0105 ogromne do\u015bwiadczenie w mordowaniu. Mi\u0119dzy innymi dlatego nie mieli najmniejszych opor\u00f3w w eksterminacji Polak\u00f3w.<\/p>\r\n<p>Upowcy po 22 czerwca 1941 roku pocz\u0105tkowo stosowali prowokuje. Bardzo cz\u0119sto w polskich wsiach dokonywali napad\u00f3w na przeje\u017cd\u017caj\u0105cych Niemc\u00f3w b\u0105d\u017a na folwarki przez nich zarz\u0105dzane. Ci za\u015b w odwecie palili polskie wsie. Znane s\u0105 r\u00f3wnie\u017c przypadki, gdzie na terenie ko\u015bcio\u0142a rozrzucano ulotki antyniemieckie, po czym na niemiecki posterunek trafia\u0142 odpowiedni donos w tej sprawie. W efekcie Niemcy aresztowali miejscowego ksi\u0119dza i 10 przedstawicieli inteligencji polskiej, po czym zamykali ich w obozach koncentracyjnych, gdzie ci w zdecydowanej wi\u0119kszo\u015bci gin\u0119li.<\/p>\r\n<p>To jednak nie wszystko. Zaanga\u017cowano 10 tys. Ukrai\u0144c\u00f3w, kt\u00f3rzy w kilkadziesi\u0105t minut po zmasakrowaniu polskiej wioski wchodzili tam i zabierali maj\u0105tek ruchomy i nieruchomy, bielizn\u0119, ubrania, \u017cywno\u015b\u0107, trzod\u0119 chlewn\u0105, byd\u0142o, konie, jednym s\u0142owem wszystko. Wida\u0107 to wyra\u017anie na przyk\u0142adzie ka\u017cdej z napadni\u0119tych przez Ukrai\u0144c\u00f3w miejscowo\u015bci: po napadzie, po wymordowaniu Polak\u00f3w natychmiast pojawiali si\u0119 zwerbowani okoliczni mieszka\u0144cy, kt\u00f3rzy zabierali wszelki dobytek, po czym palili zabudowania. Robiono to po to, \u017ceby nawet ci, kt\u00f3rzy cudem ocaleli albo uciekli nie mieli do czego wraca\u0107\u2026<\/p>\r\n<p>Dzia\u0142o si\u0119 to nie tylko na Wo\u0142yniu! Tego typu \u201epraktyki\u201d, tego typu polowanie na Polak\u00f3w, tego typu rabunki mia\u0142y miejsce na niemal ca\u0142ych Kresach i w Ma\u0142opolsce Wschodniej. Ludob\u00f3jstwo Polak\u00f3w dokonane przez ukrai\u0144skich nacjonalist\u00f3w to nie tylko Wo\u0142y\u0144! Nie mo\u017cemy o tym zapomnie\u0107!<\/p>\r\n<p><em><strong>Tomasz D. Kolanek<\/strong><\/em><\/p>\r\n<p>PS. Ponad 90 proc. spo\u015br\u00f3d 150 tys. Polak\u00f3w zamordowanych przez ukrai\u0144skich nacjonalist\u00f3w na Kresach i w Ma\u0142opolsce Wschodniej do dzisiaj le\u017cy w bezimiennych do\u0142ach \u015bmierci bez katolickiego poch\u00f3wku i bez krzy\u017ca na mogile. Pami\u0119tajmy o nich nie tylko 11 lipca, ale ka\u017cdego dnia. Zas\u0142u\u017cyli na to!<\/p>","protected":false},"excerpt":{"rendered":"Tegoroczne obchody 75. rocznicy Rzezi Wo\u0142y\u0144skiej pokazuj\u0105 bardzo smutny stan polskiej rzeczywisto\u015bci: ludob\u00f3jstwo, jakiego Ukrai\u0144cy dokonali na Polakach mieszkaj\u0105cych na Kresach i w Ma\u0142opolsce Wschodniej w latach 1939-1947 przez zdecydowan\u0105 wi\u0119kszo\u015b\u0107 polityk\u00f3w, dziennikarzy, historyk\u00f3w i zwyk\u0142ych Polak\u00f3w jest ograniczane wy\u0142\u0105cznie do \u201eKrwawej Niedzieli\u201d. Kiedy w roku 2014 obchodzili\u015bmy 70. rocznica ludob\u00f3jstwa na terenach wojew\u00f3dztw lwowskiego, [&hellip;]","protected":false},"author":1,"featured_media":0,"comment_status":"closed","ping_status":"closed","sticky":false,"template":"","format":"standard","meta":{"_acf_changed":false,"_monsterinsights_skip_tracking":false,"ngg_post_thumbnail":0,"footnotes":"","_wp_rev_ctl_limit":""},"categories":[215],"tags":[65,50,167,17],"acf":[],"_links":{"self":[{"href":"https:\/\/www.bibula.com\/index.php?rest_route=\/wp\/v2\/posts\/102680"}],"collection":[{"href":"https:\/\/www.bibula.com\/index.php?rest_route=\/wp\/v2\/posts"}],"about":[{"href":"https:\/\/www.bibula.com\/index.php?rest_route=\/wp\/v2\/types\/post"}],"author":[{"embeddable":true,"href":"https:\/\/www.bibula.com\/index.php?rest_route=\/wp\/v2\/users\/1"}],"replies":[{"embeddable":true,"href":"https:\/\/www.bibula.com\/index.php?rest_route=%2Fwp%2Fv2%2Fcomments&post=102680"}],"version-history":[{"count":0,"href":"https:\/\/www.bibula.com\/index.php?rest_route=\/wp\/v2\/posts\/102680\/revisions"}],"wp:attachment":[{"href":"https:\/\/www.bibula.com\/index.php?rest_route=%2Fwp%2Fv2%2Fmedia&parent=102680"}],"wp:term":[{"taxonomy":"category","embeddable":true,"href":"https:\/\/www.bibula.com\/index.php?rest_route=%2Fwp%2Fv2%2Fcategories&post=102680"},{"taxonomy":"post_tag","embeddable":true,"href":"https:\/\/www.bibula.com\/index.php?rest_route=%2Fwp%2Fv2%2Ftags&post=102680"}],"curies":[{"name":"wp","href":"https:\/\/api.w.org\/{rel}","templated":true}]}}