{"id":102673,"date":"2018-07-11T13:46:04","date_gmt":"2018-07-11T17:46:04","guid":{"rendered":"http:\/\/www.bibula.com\/?p=102673"},"modified":"2018-07-11T13:46:04","modified_gmt":"2018-07-11T17:46:04","slug":"aborcjonisci-wszystkich-krajow-laczcie-sie-pod-sztandarami-amnesty-international","status":"publish","type":"post","link":"https:\/\/www.bibula.com\/?p=102673","title":{"rendered":"Aborcjoni\u015bci wszystkich kraj\u00f3w \u0142\u0105czcie si\u0119&#8230;pod sztandarami Amnesty International"},"content":{"rendered":"<p><strong>6 &#8211; 8 lipca 2018 r. w Warszawie odby\u0142o si\u0119 Zgromadzenie Globalne delegat\u00f3w Amnesty International. Przyj\u0119to na nim nowe wytyczne, maj\u0105ce na celu promowanie nieograniczonego dost\u0119pu do aborcji.<\/strong><\/p>\r\n<p style=\"text-align: center;\"><img fetchpriority=\"high\" decoding=\"async\" class=\"aligncenter\" src=\"https:\/\/www.pch24.pl\/images\/min_mid_big\/big\/61550.jpg?r=1531326167\" alt=\"Aborcjoni\u015bci wszystkich kraj\u00f3w \u0142\u0105czcie si\u0119...pod sztandarami Amnesty International\" width=\"598\" height=\"344\"><\/p>\r\n<p style=\"text-align: center;\"><em>fot. YouTube \/ RT\u00c3\u2030 Radio 1<\/em><\/p>\r\n<p>Dotychczasowe wytyczne dotycz\u0105ce propagowania aborcji, opracowane w 2007 r. zostan\u0105 zast\u0105pione przez ich zaktualizowane wersje. O ile poprzednie zapisy zawiera\u0142y konieczno\u015b\u0107 dost\u0119pu do aborcji w pewnych przypadkach oraz przeciwdzia\u0142anie jej ca\u0142kowitemu zakazaniu, o tyle w najnowszej wersji postulowany jest nieograniczony dost\u0119p do aborcji,&nbsp; jedynie na podstawie decyzji i woli matki.<\/p>\r\n<p>\u201eReprezentanci zag\u0142osowali za wprowadzeniem nowej, zaktualizowanej pozycji dotycz\u0105cej aborcji, kt\u00f3ra wzywa Pa\u0144stwa nie tylko do niewprowadzania ca\u0142kowitego zakazu aborcji, ale tak\u017ce do zagwarantowania wszystkim kobietom dost\u0119pu do bezpiecznego i legalnego zabiegu\u201d &#8211; czytamy w o\u015bwiadczeniu organizacji. &nbsp;&nbsp;<\/p>\r\n<p>Amnesty International Polska chwali si\u0119, \u017ce specjalnym go\u015bciem zgromadzenia by\u0142a Izabela Mo\u017cd\u017ce\u0144 z \u201eWarszawskiego Strajku Kobiet\u201d. W swoim wyst\u0105pieniu \u201eopowiedzia\u0142a o do\u015bwiadczeniach, sukcesach i wyzwaniach w walce o prawa kobiet\u201d.<\/p>\r\n<p>Amnesty International ju\u017c ca\u0142kowicie ods\u0142oni\u0142o karty, w oficjalny spos\u00f3b pokazuj\u0105c jaki jest stosunek tej organizacji do \u017cycia. Nie tylko nienarodzonych. Przypomnijmy w jak haniebny spos\u00f3b AI od\u017cegnywa\u0142a si\u0119 od opublikowania swojego stanowiska w sprawie Alfiego Evansa t\u0142umacz\u0105c si\u0119\u2026brakiem dost\u0119pu do informacji medycznych (brak informacji nie przeszkadza\u0142 do w\u0142\u0105czania si\u0119 w inicjatywy ekologist\u00f3w czy \u201eobro\u0144c\u00f3w zwierz\u0105t\u201d). Amnesty International Ireland w ramach kampanii dotycz\u0105cej referendum aborcyjnego opublikowa\u0142o ohydny film usprawiedliwiaj\u0105cy zabicie nienarodzonego dziecka np. niech\u0119ci\u0105 do prania pieluch czy \u201ebrakiem gotowo\u015bci emocjonalnej do bycia matk\u0105\u201d.<\/p>\r\n<p>\u0179r\u00f3d\u0142o: amnesty.org \/ facebook.com<\/p>\r\n<p>PR<\/p>","protected":false},"excerpt":{"rendered":"6 &#8211; 8 lipca 2018 r. w Warszawie odby\u0142o si\u0119 Zgromadzenie Globalne delegat\u00f3w Amnesty International. Przyj\u0119to na nim nowe wytyczne, maj\u0105ce na celu promowanie nieograniczonego dost\u0119pu do aborcji. fot. YouTube \/ RT\u00c3\u2030 Radio 1 Dotychczasowe wytyczne dotycz\u0105ce propagowania aborcji, opracowane w 2007 r. zostan\u0105 zast\u0105pione przez ich zaktualizowane wersje. O ile poprzednie zapisy zawiera\u0142y konieczno\u015b\u0107 [&hellip;]","protected":false},"author":1,"featured_media":0,"comment_status":"closed","ping_status":"closed","sticky":false,"template":"","format":"standard","meta":{"_acf_changed":false,"_monsterinsights_skip_tracking":false,"ngg_post_thumbnail":0,"footnotes":"","_wp_rev_ctl_limit":""},"categories":[6],"tags":[94,66,98,20],"acf":[],"_links":{"self":[{"href":"https:\/\/www.bibula.com\/index.php?rest_route=\/wp\/v2\/posts\/102673"}],"collection":[{"href":"https:\/\/www.bibula.com\/index.php?rest_route=\/wp\/v2\/posts"}],"about":[{"href":"https:\/\/www.bibula.com\/index.php?rest_route=\/wp\/v2\/types\/post"}],"author":[{"embeddable":true,"href":"https:\/\/www.bibula.com\/index.php?rest_route=\/wp\/v2\/users\/1"}],"replies":[{"embeddable":true,"href":"https:\/\/www.bibula.com\/index.php?rest_route=%2Fwp%2Fv2%2Fcomments&post=102673"}],"version-history":[{"count":0,"href":"https:\/\/www.bibula.com\/index.php?rest_route=\/wp\/v2\/posts\/102673\/revisions"}],"wp:attachment":[{"href":"https:\/\/www.bibula.com\/index.php?rest_route=%2Fwp%2Fv2%2Fmedia&parent=102673"}],"wp:term":[{"taxonomy":"category","embeddable":true,"href":"https:\/\/www.bibula.com\/index.php?rest_route=%2Fwp%2Fv2%2Fcategories&post=102673"},{"taxonomy":"post_tag","embeddable":true,"href":"https:\/\/www.bibula.com\/index.php?rest_route=%2Fwp%2Fv2%2Ftags&post=102673"}],"curies":[{"name":"wp","href":"https:\/\/api.w.org\/{rel}","templated":true}]}}