{"id":102590,"date":"2018-07-07T12:16:50","date_gmt":"2018-07-07T16:16:50","guid":{"rendered":"http:\/\/www.bibula.com\/?p=102590"},"modified":"2018-07-07T12:17:24","modified_gmt":"2018-07-07T16:17:24","slug":"szef-instytutu-yad-vashem-icchak-arad-byl-w-nkwd","status":"publish","type":"post","link":"https:\/\/www.bibula.com\/?p=102590","title":{"rendered":"Szef instytutu Yad Vashem Icchak Arad by\u0142 w NKWD"},"content":{"rendered":"<p><em><strong>Po latach mroczna tajemnica wysz\u0142a na jaw.<\/strong><\/em><\/p>\r\n<p>Arad bra\u0142 udzia\u0142 w&nbsp;rabowaniu cywil\u00f3w. Mia\u0142 te\u017c uczestniczy\u0107 w&nbsp;kilku zab\u00f3jstwach. W&nbsp;jednym z&nbsp;nich mia\u0142 zosta\u0107 zamordowany oficer AK.<\/p>\r\n<p>Icchak Arad kierowa\u0142 instytutem Yad Vashem w&nbsp;latach 1972-1993. Jest niekwestionowanym autorytetem w&nbsp;Izraelu w&nbsp;sprawie Holokaustu na&nbsp;terenie ziem sowieckich. Przed obj\u0119ciem szefostwa instytutu przez 25&nbsp;lat s\u0142u\u017cy\u0142 w&nbsp;armii izraelskiej. Z&nbsp;wojska odszed\u0142 w&nbsp;randze genera\u0142a. Do&nbsp;Palestyny przyjecha\u0142 z&nbsp;Wile\u0144szczyzny, gdzie walczy\u0142 w&nbsp;sowieckim oddziale partyzanckim&nbsp;\u201eVilnius\u201d.<\/p>\r\n<p><strong>Arad bra\u0142 udzia\u0142 w&nbsp;rabowaniu cywil\u00f3w. Mia\u0142 te\u017c uczestniczy\u0107 w&nbsp;kilku zab\u00f3jstwach. W&nbsp;jednym z&nbsp;nich mia\u0142 zosta\u0107 zamordowany oficer AK. Kiedy Sowieci zaj\u0119li Wile\u0144szczyzn\u0119 w&nbsp;lipcu 1944 r. Arad trafi\u0142 do&nbsp;policji politycznej NKWD. Uczestniczy\u0142 w&nbsp;walkach z&nbsp;litewskim podziemiem niepodleg\u0142o\u015bciowym. Aresztowa\u0142 dw\u00f3ch partyzant\u00f3w, kt\u00f3rzy zostali skazani przez sowieckie trybuna\u0142y wojskowe na&nbsp;zsy\u0142k\u0119 do&nbsp;\u0142agr\u00f3w. Jeden z&nbsp;zes\u0142anych zmar\u0142 w&nbsp;\u0142agrze.<\/strong><\/p>\r\n<p>Arad zosta\u0142 usuni\u0119ty z&nbsp;NKWD w&nbsp;\u201ekompromituj\u0105cych&nbsp;okoliczno\u015bciach\u201d.<\/p>\r\n<p>By\u0142y szef Yad Vashem w&nbsp;rozmowie z&nbsp;\u201eRzeczpospolit\u0105\u201d zaprzecza\u0142 stawianym&nbsp;zarzutom.<\/p>\r\n<blockquote>Nigdy nikogo nie zamordowa\u0142em. Nigdy nie by\u0142em cz\u0142onkiem NKWD. Nasz oddzia\u0142 by\u0142 tylko wykorzystywany przez t\u0119&nbsp;organizacj\u0119 do&nbsp;zwalczania nazistowskich&nbsp;kolaborant\u00f3w &#8211; twierdzi\u0142&nbsp;Arad.<\/blockquote>\r\n<p>Doda\u0142, \u017ce&nbsp;mia\u0142 w\u00f3wczas 18&nbsp;lat i&nbsp;by\u0142 jedynie zwyk\u0142ym&nbsp;\u017co\u0142nierzem.<\/p>\r\n<p>ems\/\u201dRzeczpospolita\u201d<\/p>\r\n<p class=\"podpis_sz\">[\u0179r\u00f3d\u0142o:] <a href=\"https:\/\/wpolityce.pl\/historia\/402779-szef-instytutu-yad-vashem-byl-w-nkwd\">https:\/\/wpolityce.pl\/historia\/402779-szef-instytutu-yad-vashem-byl-w-nkwd<\/a><\/p>\r\n<p>============================<\/p>\r\n<p>mail:&nbsp;<\/p>\r\n<p>7 czerwca 1993 Uniwersytet Miko\u0142aja Kopernika przyzna\u0142 mu tytu\u0142 doktora honoris causa.<\/p>\r\n<p>&nbsp;ur. 11 listopada 1926 w \u015awi\u0119cianach jako Icek Rudnicki<\/p>\r\n<p class=\"zrodlo\">Za: <a href=\"http:\/\/dakowski.pl\/index.php?option=com_content&amp;task=view&amp;id=23369&amp;Itemid=47\">Strona prof. Miros\u0142awa Dakawskiego (06.07.2018)<\/a><\/p>\r\n<h4>&nbsp;<\/h4>\r\n<hr style=\"background-color: #000000; border-width: 0; color: #000000; height: 2px; line-height: 0; text-align: center; width: 100%;\">\r\n<h4>&nbsp;<\/h4>","protected":false},"excerpt":{"rendered":"Po latach mroczna tajemnica wysz\u0142a na jaw. Arad bra\u0142 udzia\u0142 w&nbsp;rabowaniu cywil\u00f3w. Mia\u0142 te\u017c uczestniczy\u0107 w&nbsp;kilku zab\u00f3jstwach. W&nbsp;jednym z&nbsp;nich mia\u0142 zosta\u0107 zamordowany oficer AK. Icchak Arad kierowa\u0142 instytutem Yad Vashem w&nbsp;latach 1972-1993. Jest niekwestionowanym autorytetem w&nbsp;Izraelu w&nbsp;sprawie Holokaustu na&nbsp;terenie ziem sowieckich. Przed obj\u0119ciem szefostwa instytutu przez 25&nbsp;lat s\u0142u\u017cy\u0142 w&nbsp;armii izraelskiej. Z&nbsp;wojska odszed\u0142 w&nbsp;randze genera\u0142a. Do&nbsp;Palestyny [&hellip;]","protected":false},"author":1,"featured_media":0,"comment_status":"closed","ping_status":"closed","sticky":false,"template":"","format":"standard","meta":{"_acf_changed":false,"_monsterinsights_skip_tracking":false,"_monsterinsights_sitenote_active":false,"_monsterinsights_sitenote_note":"","_monsterinsights_sitenote_category":0,"ngg_post_thumbnail":0,"footnotes":"","_wp_rev_ctl_limit":""},"categories":[6],"tags":[66,22,61,55,20,59],"acf":[],"_links":{"self":[{"href":"https:\/\/www.bibula.com\/index.php?rest_route=\/wp\/v2\/posts\/102590"}],"collection":[{"href":"https:\/\/www.bibula.com\/index.php?rest_route=\/wp\/v2\/posts"}],"about":[{"href":"https:\/\/www.bibula.com\/index.php?rest_route=\/wp\/v2\/types\/post"}],"author":[{"embeddable":true,"href":"https:\/\/www.bibula.com\/index.php?rest_route=\/wp\/v2\/users\/1"}],"replies":[{"embeddable":true,"href":"https:\/\/www.bibula.com\/index.php?rest_route=%2Fwp%2Fv2%2Fcomments&post=102590"}],"version-history":[{"count":0,"href":"https:\/\/www.bibula.com\/index.php?rest_route=\/wp\/v2\/posts\/102590\/revisions"}],"wp:attachment":[{"href":"https:\/\/www.bibula.com\/index.php?rest_route=%2Fwp%2Fv2%2Fmedia&parent=102590"}],"wp:term":[{"taxonomy":"category","embeddable":true,"href":"https:\/\/www.bibula.com\/index.php?rest_route=%2Fwp%2Fv2%2Fcategories&post=102590"},{"taxonomy":"post_tag","embeddable":true,"href":"https:\/\/www.bibula.com\/index.php?rest_route=%2Fwp%2Fv2%2Ftags&post=102590"}],"curies":[{"name":"wp","href":"https:\/\/api.w.org\/{rel}","templated":true}]}}