{"id":102586,"date":"2018-07-07T09:36:42","date_gmt":"2018-07-07T13:36:42","guid":{"rendered":"http:\/\/www.bibula.com\/?p=102586"},"modified":"2018-07-11T14:15:51","modified_gmt":"2018-07-11T18:15:51","slug":"dobra-zmiana-andrzej-duda-nominuje-na-prezesa-sadu-najwyzszego-b-czlonka-pzpr-ktorego-zona-byla-oficerem-sb","status":"publish","type":"post","link":"https:\/\/www.bibula.com\/?p=102586","title":{"rendered":"&#8222;Dobra zmiana&#8221;: Andrzej Duda nominuje na prezesa S\u0105du Najwy\u017cszego, b. cz\u0142onka PZPR, kt\u00f3rego \u017cona by\u0142a oficerem SB"},"content":{"rendered":"<p><strong>INFO: S\u0119dzia J\u00f3zef Iwulski, cz\u0142onek PZPR do 1989 r., powo\u0142any przez prezydenta Andrzeja Dud\u0119 na p.o. I prezesa SN w miejsce p. Ma\u0142gorzaty Gersdorf, wydawa\u0142 wyroki w sprawach z okresu stanu wojennego, w kt\u00f3rych skazywano opozycjonist\u00f3w &#8211; czytamy w &#8222;Gazecie Polskiej Codziennie&#8221;.<\/strong><\/p>\r\n<p>Gazeta pisze, \u017ce s\u0119dzia Iwulski w stanie wojennym by\u0142 w sk\u0142adach s\u0105d\u00f3w skazuj\u0105cych opozycjonist\u00f3w, a w tym samym czasie jego \u017cona Anna by\u0142a oficerem SB i zajmowa\u0142a si\u0119 inwigilowaniem dzia\u0142aczy antykomunistycznych.<\/p>\r\n<p>&#8211; W latach 80. Iwulska pe\u0142ni\u0142a funkcj\u0119 inspektora wydzia\u0142u paszport\u00f3w w Krakowie. W tym czasie SB wys\u0142a\u0142a j\u0105 do Szwecji, by podszkoli\u0142a si\u0119 z j\u0119zyka tego kraju, co mia\u0142o s\u0142u\u017cy\u0107 jeszcze efektywniejszej pracy w walce z wrogami totalitarnej w\u0142adzy. W latach 80. przenios\u0142a si\u0119 do wydzia\u0142u 'W&#8217; (perlustracji korespondencji) SB. Pe\u0142ni\u0142a tam funkcj\u0119 starszego referenta techniki operacyjnej &#8211; czytamy.<\/p>\r\n<p>\u0179r\u00f3d\u0142o: <a href=\"https:\/\/gpcodziennie.pl\/93323-sedziaiwulskiwpzprzonawsb.html\">gpcodziennie.pl<\/a><\/p>\r\n<p>Opracowa\u0142: GK<\/p>\r\n<p class=\"zrodlo\">Za: <a href=\"http:\/\/korwin-mikke.pl\/polska\/zobacz\/sedzia_iwulski_w_pzpr_zona_w_sb\/166908\">korwin-mikke.pl (07-07-2018)<\/a><\/p>\r\n<h4>&nbsp;<\/h4>\r\n<hr style=\"background-color: #000000; border-width: 0; color: #000000; height: 2px; line-height: 0; text-align: center; width: 100%;\">\r\n<h2>S\u0119dzia Iwulski, zast\u0119puj\u0105cy prof. Gersdorf, by\u0142 w specjalnej s\u0142u\u017cbie wojskowej PRL, przekszta\u0142conej w WSI. Cenckiewicz: \u201ePrecz z komun\u0105!\u201d<\/h2>\r\n<p><img fetchpriority=\"high\" decoding=\"async\" class=\"entry-thumb aligncenter\" title=\"Teczka J\u00f3zefa Iwulskiej\" src=\"https:\/\/wolnosc24.pl\/wp-content\/uploads\/2018\/07\/Teczka-J\u00f3zefa-Iwulskiej.jpg\" alt=\"Teczka J\u00f3zefa Iwulskiej\" width=\"599\" height=\"399\"><\/p>\r\n<p style=\"text-align: center;\"><em>Teczka J\u00f3zefa Iwulskiej\/foto: Twitter<\/em><\/p>\r\n<p><strong>S\u0119dzia J\u00f3zef Iwulski, kt\u00f3ry zast\u0105pi\u0142 prof. Ma\u0142gorzat\u0119 Gersdorf w pe\u0142nieniu obowi\u0105zk\u00f3w I prezesa S\u0105du Najwy\u017cszego, nie tylko orzeka\u0142 w czasie stanu wojennego, ale r\u00f3wnie\u017c s\u0142u\u017cy\u0142 w Ludowym Wojsku Polskim, Szkolili go oficerowie WSW. Akta nie pozostawiaj\u0105 \u017cadnych z\u0142udze\u0144. Jeszcze kilka dni temu s\u0119dzia twierdzi\u0142, \u017ce nie ma wstydzi si\u0119 swojej przesz\u0142o\u015bci.<\/strong><\/p>\r\n<p><em>W stanie wojennym w pierwszej instancji ws. politycznych orzeka\u0142em w jednej sprawie, w kt\u00f3rej orzeczono kary wi\u0119zienia; z\u0142o\u017cy\u0142em zdanie odr\u0119bne za uniewinnieniem wszystkich oskar\u017conych<\/em> &#8211; broni\u0142 si\u0119 kilka dni temu s\u0119dzia Iwulski.&nbsp;<\/p>\r\n<div class=\"td-g-rec td-g-rec-id-content_inline \">\r\n<p>Jego akta wskazuj\u0105, \u017ce ma na sumieniu znacznie wi\u0119cej, ni\u017c tylko udzia\u0142 w \u201ejednej sprawie\u201d &#8211; pojawiaj\u0105 si\u0119 informacje, \u017ce orzeka\u0142 w wielu sprawach dotycz\u0105cych opozycjonist\u00f3w. Ale to nie wszystko.<\/p>\r\n<p><em>Pan Premier @MorawieckiM @PremierRP mia\u0142 racj\u0119 m\u00f3wi\u0105c o komunistach w S\u0105dzie Najwy\u017cszym! Prezes SN J\u00f3zef Iwulski jest oficerem LWP i szkolnym \u017co\u0142nierzem WSW &#8211; na foto w mundurze WSW! Widzia\u0142em jego akta w IPN i jestem w szoku zwa\u017cywszy na zanik pami\u0119ci S\u0119dziego! Precz z komun\u0105!<\/em> &#8211; napisa\u0142 na swoim Twitterze S\u0142awomir Cenckiewicz.<\/p>\r\n<p><blockquote class=\"twitter-tweet\" data-width=\"550\" data-dnt=\"true\"><p lang=\"pl\" dir=\"ltr\">Pan Premier <a href=\"https:\/\/twitter.com\/MorawieckiM?ref_src=twsrc%5Etfw\">@MorawieckiM<\/a> <a href=\"https:\/\/twitter.com\/PremierRP?ref_src=twsrc%5Etfw\">@PremierRP<\/a> mia\u0142 racj\u0119 m\u00f3wi\u0105c o komunistach w S\u0105dzie Najwy\u017cszym! Prezes SN J\u00f3zef Iwulski jest oficerem LWP i szkolnym \u017co\u0142nierzem WSW &#8211; na foto w mundurze WSW! Widzia\u0142em jego akta w IPN i jestem w szoku zwa\u017cywszy na zanik pami\u0119ci S\u0119dziego! Precz z komun\u0105! <a href=\"https:\/\/t.co\/uLPRAo1dUn\">pic.twitter.com\/uLPRAo1dUn<\/a><\/p>&mdash; S\u0142awomir Cenckiewicz (@Cenckiewicz) <a href=\"https:\/\/twitter.com\/Cenckiewicz\/status\/1017027444233179137?ref_src=twsrc%5Etfw\">July 11, 2018<\/a><\/blockquote><script async src=\"https:\/\/platform.twitter.com\/widgets.js\" charset=\"utf-8\"><\/script><\/p>\r\n<p>Warto przypomnie\u0107, \u017ce WSW, czyli Wojskowa S\u0142u\u017cba Wewn\u0119trzna nale\u017ca\u0142a do s\u0142u\u017cb specjalnych PRL. Odpowiada\u0142a nie tylko za kontrwywiad LWP, ale r\u00f3wnie\u017c za utrzymanie porz\u0105dku w si\u0142ach zbrojnych, co sprowadza\u0142o si\u0119 do inwigilacji \u017co\u0142nierzy i \u015bcis\u0142ej wsp\u00f3\u0142pracy z radzieckim wywiadem wojskowym.<\/p>\r\n<p>WSW by\u0142a bezpo\u015bredni\u0105 nast\u0119pczyni\u0105 zbrodniczej Informacji Wojskowej, czyli tajnej s\u0142u\u017cby, kt\u00f3ra znajdowa\u0142a si\u0119 pod ca\u0142kowit\u0105 kontrol\u0105 Moskwy. Wy\u017csi oficerowie WSW trafiali na kursy do Moskwy. Dokumentacja dotycz\u0105ca jej dzia\u0142alno\u015bci zosta\u0142a cz\u0119\u015bciowo zniszczona w czasie transformacji ustrojowej.<\/p>\r\n<p>Po prze\u0142omie na pocz\u0105tku lat 90-tych XX wieku, WSW zosta\u0142a rozformowana i finalnie utworzono z niej \u0179andarmeri\u0119 Wojskow\u0105 i obwinian\u0105 o wiele przest\u0119pstw i nadu\u017cy\u0107 Wojskow\u0105 S\u0142u\u017cb\u0119 Informacyjn\u0105.<\/p>\r\n<p>S\u0105d Najwy\u017cszy, najwa\u017cniejszy w Polsce organ s\u0105downiczy, trafi\u0142 w r\u0119ce cz\u0142owieka, kt\u00f3ry nie jest nawet w stanie uczciwie przyzna\u0107 si\u0119 do swojej przesz\u0142o\u015bci. Duch komuny wci\u0105\u017c unosi si\u0119 nad krajem.<\/p>\r\n<p><blockquote class=\"twitter-tweet\" data-width=\"550\" data-dnt=\"true\"><p lang=\"pl\" dir=\"ltr\">Co\u015b dla zwolennik\u00f3w tezy o resortowych dzieciach &#8211; od wnuczka resortowego <a href=\"https:\/\/t.co\/hj7ZmXmCUV\">pic.twitter.com\/hj7ZmXmCUV<\/a><\/p>&mdash; S\u0142awomir Cenckiewicz (@Cenckiewicz) <a href=\"https:\/\/twitter.com\/Cenckiewicz\/status\/1017038400346624001?ref_src=twsrc%5Etfw\">July 11, 2018<\/a><\/blockquote><script async src=\"https:\/\/platform.twitter.com\/widgets.js\" charset=\"utf-8\"><\/script><\/p>\r\n<p>\u00c5\u00b9rd\u0142o: Twiiter\/wolnosc24.pl<\/p>\r\n<p class=\"zrodlo\">Za: <a href=\"https:\/\/wolnosc24.pl\/2018\/07\/11\/sedzia-iwulski-zastepujacy-prof-gersdorf-byl-w-specjalnej-sluzbie-wojskowej-prl-przeksztalconej-w-wsi-cenckiewicz-precz-z-komuna\/\">wolnosc24.pl (11 lipca 2018)<\/a><\/p>\r\n<h4>&nbsp;<\/h4>\r\n<hr style=\"background-color: #000000; border-width: 0; color: #000000; height: 2px; line-height: 0; text-align: center; width: 100%;\">\r\n<h4>&nbsp;<\/h4>\r\n<\/div>","protected":false},"excerpt":{"rendered":"INFO: S\u0119dzia J\u00f3zef Iwulski, cz\u0142onek PZPR do 1989 r., powo\u0142any przez prezydenta Andrzeja Dud\u0119 na p.o. I prezesa SN w miejsce p. Ma\u0142gorzaty Gersdorf, wydawa\u0142 wyroki w sprawach z okresu stanu wojennego, w kt\u00f3rych skazywano opozycjonist\u00f3w &#8211; czytamy w &#8222;Gazecie Polskiej Codziennie&#8221;. Gazeta pisze, \u017ce s\u0119dzia Iwulski w stanie wojennym by\u0142 w sk\u0142adach s\u0105d\u00f3w skazuj\u0105cych [&hellip;]","protected":false},"author":1,"featured_media":0,"comment_status":"closed","ping_status":"closed","sticky":false,"template":"","format":"standard","meta":{"_acf_changed":false,"_monsterinsights_skip_tracking":false,"_monsterinsights_sitenote_active":false,"_monsterinsights_sitenote_note":"","_monsterinsights_sitenote_category":0,"ngg_post_thumbnail":0,"footnotes":"","_wp_rev_ctl_limit":""},"categories":[8],"tags":[349,66,98,81,36],"acf":[],"_links":{"self":[{"href":"https:\/\/www.bibula.com\/index.php?rest_route=\/wp\/v2\/posts\/102586"}],"collection":[{"href":"https:\/\/www.bibula.com\/index.php?rest_route=\/wp\/v2\/posts"}],"about":[{"href":"https:\/\/www.bibula.com\/index.php?rest_route=\/wp\/v2\/types\/post"}],"author":[{"embeddable":true,"href":"https:\/\/www.bibula.com\/index.php?rest_route=\/wp\/v2\/users\/1"}],"replies":[{"embeddable":true,"href":"https:\/\/www.bibula.com\/index.php?rest_route=%2Fwp%2Fv2%2Fcomments&post=102586"}],"version-history":[{"count":0,"href":"https:\/\/www.bibula.com\/index.php?rest_route=\/wp\/v2\/posts\/102586\/revisions"}],"wp:attachment":[{"href":"https:\/\/www.bibula.com\/index.php?rest_route=%2Fwp%2Fv2%2Fmedia&parent=102586"}],"wp:term":[{"taxonomy":"category","embeddable":true,"href":"https:\/\/www.bibula.com\/index.php?rest_route=%2Fwp%2Fv2%2Fcategories&post=102586"},{"taxonomy":"post_tag","embeddable":true,"href":"https:\/\/www.bibula.com\/index.php?rest_route=%2Fwp%2Fv2%2Ftags&post=102586"}],"curies":[{"name":"wp","href":"https:\/\/api.w.org\/{rel}","templated":true}]}}