{"id":102518,"date":"2018-07-03T11:40:53","date_gmt":"2018-07-03T15:40:53","guid":{"rendered":"http:\/\/www.bibula.com\/?p=102518"},"modified":"2018-07-08T14:36:10","modified_gmt":"2018-07-08T18:36:10","slug":"niemiecka-archidiecezja-paderborn-wprowadza-interkomunie-w-wyjatkowych-przypadkach","status":"publish","type":"post","link":"https:\/\/www.bibula.com\/?p=102518","title":{"rendered":"Niemiecka archidiecezja Paderborn wprowadza interkomuni\u0119 w \u201ewyj\u0105tkowych&#8221; przypadkach"},"content":{"rendered":"<p><strong>Arcybiskup Paderborn Hans-Josef Becker zezwala w niekt\u00f3rych przypadkach na udzielanie Komunii ewangelickim partnerom w mieszanych katolicko-ewangelickich ma\u0142\u017ce\u0144stwach &#8211; poinformowa\u0142a niemiecka gazeta \u201eWestfalen Blatt\u201d. Arcybiskup w rozmowie z gazet\u0105 podkre\u015bli\u0142, \u017ce &#8222;nie oznacza to jednak zgody na powszechne przyjmowanie Komunii na \u017cyczenie&#8221;.<\/strong><\/p>\r\n<p><img fetchpriority=\"high\" decoding=\"async\" class=\"aligncenter\" src=\"https:\/\/www.pch24.pl\/images\/min_mid_big\/big\/61347.jpg?r=1530630127\" alt=\"Niemiecka archidiecezja Paderborn wprowadza interkomuni\u0119 w \u201ewyj\u0105tkowych\u201d przypadkach \" width=\"598\" height=\"344\"><\/p>\r\n<p>&#8211; <em>Na spotkaniu rady kap\u0142a\u0144skiej archidiecezji Paderborn 27 czerwca 2018 poda\u0142em moj\u0105 interpretacj\u0119 i sformu\u0142owa\u0142em oczekiwanie, aby wszyscy ksi\u0119\u017ca w archidiecezji Paderborn zaznajomili si\u0119 z wyznaczonym kierunkiem i dzia\u0142ali duszpastersko w spos\u00f3b odpowiedzialny<\/em> &#8211; powiedzia\u0142 arcybiskup i doda\u0142: \u201eNie jest to jednak zwi\u0105zane z og\u00f3lnym dost\u0119pem do Komunii eucharystycznej\u201d.<\/p>\r\n<p>&#8211; <em>\u0141\u0105czone wyznaniowo pary ma\u0142\u017ce\u0144skie oraz rodziny le\u017c\u0105 nam na sercu tak samo, jak ekumenizm<\/em> &#8211; powiedzia\u0142 abp Becker, uzasadniaj\u0105c wydanie zgody na Eucharysti\u0119 dla protestant\u00f3w.<\/p>\r\n<p>Jak powiedzia\u0142 paderborne\u0144ski hierarcha, mieszanym wyznaniowo ma\u0142\u017ce\u0144stwom oferuje si\u0119 drog\u0119 duszpasterskiego towarzyszenia \u201ena kt\u00f3rej w poszczeg\u00f3lnych przypadkach mo\u017cliwe b\u0119dzie przyjmowanie Komunii\u201d. Becker podkre\u015bli\u0142, \u017ce na ostatnim spotkaniu z kap\u0142anami swojej archidiecezji wyrazi\u0142 oczekiwanie, \u017ce \u201ewszyscy duszpasterze w archidiecezji Paderborn b\u0119d\u0105 mie\u0107 do tych wytycznych pe\u0142ne zaufanie i b\u0119d\u0105 odpowiedzialnie dzia\u0142a\u0107 zgodnie z nimi w duszpasterstwie\u201d.<\/p>\r\n<p>Pod koniec czerwca biskupi niemieccy opublikowali wytyczne na temat interkomunii. W specjalnym komunikacie prasowym Rada Sta\u0142a niemieckiego episkopatu podkre\u015bli\u0142a, \u017ce \u201etekst nie ukazuje si\u0119 jako dokument episkopatu\u201d, lecz ma s\u0142u\u017cy\u0107 \u201ew orientacji duszpasterskiej poszczeg\u00f3lnym biskupom\u201d.<\/p>\r\n<p>Publikacja poprzedniego dokumentu niemieckiego episkopatu na ten sam temat zosta\u0142a zablokowana przez prefekta Kongregacji Nauki Wiary.<\/p>\r\n<p>Zgodnie z projektem wytycznych zatwierdzonych przez Niemieck\u0105 Konferencj\u0119 Biskup\u00f3w w lutym wi\u0119kszo\u015bci\u0105 2\/3 g\u0142os\u00f3w, ma\u0142\u017conkowie protestanccy mog\u0105 przyjmowa\u0107&nbsp;Komuni\u0119&nbsp;po \u201epowa\u017cnym zbadaniu sumienia\u201d, a tak\u017ce musz\u0105 \u201epotwierdzi\u0107 wiar\u0119 Ko\u015bcio\u0142a katolickiego\u201d co do Eucharystii, pragn\u0105c zako\u0144czy\u0107 \u201epowa\u017cne cierpienie duchowe\u201d oraz \u201ezaspokoi\u0107 g\u0142\u00f3d Eucharystii\u201d.<\/p>\r\n<p>Sprzeciw wobec rozwi\u0105za\u0144 zaproponowanych przez niemiecki Episkopat wyrazi\u0142 m. in. prefekt Kongregacji Nauki Wiary&nbsp;abp Luis Ladaria (stanowisko hierarchy popar\u0142 papie\u017c Franciszek), oraz kardyna\u0142owie&nbsp;Brandm\u00fcller, Cordes oraz M\u00fcller.<\/p>\r\n<p>\u0179r\u00f3d\u0142o:KAI\/katholisch.de<\/p>\r\n<p>Pach, luk<\/p>\r\n<p class=\"zrodlo\">Za: <a href=\"https:\/\/www.pch24.pl\/niemiecka-archidiecezja-paderborn-wprowadza-interkomunie-w-wyjatkowych-przypadkach-,61347,i.html\">PoloniaChristiana &#8211; pch24.pl (2018-07-03)<\/a><\/p>\r\n<h4>&nbsp;<\/h4>\r\n<hr style=\"background-color: #000000; border-width: 0; color: #000000; height: 2px; line-height: 0; text-align: center; width: 100%;\">\r\n<h4>&nbsp;<\/h4>\r\n<h2>Niemiecki biskup zezwoli\u0142 na interkomuni\u0119 &#8211; popar\u0142o go trzech kolejnych<\/h2>\r\n<p><strong>Niemiecki biskup Hans-Josef Becker zdecydowa\u0142 si\u0119 30 czerwca na wdro\u017cenie zalece\u0144 przyj\u0119tych przez wi\u0119kszo\u015b\u0107 niemieckiego Episkopatu. \u201eM\u00f3wi\u0105\u201d one o mo\u017cliwo\u015bci przyjmowania Komunii przez protestanckich ma\u0142\u017conk\u00f3w katolik\u00f3w &#8211; w indywidualnych przypadkach.<\/strong><\/p>\r\n<p>Biskup diecezji Paderborn Hans-Josef Becker wezwa\u0142 duchownych swojej diecezji do zapoznania si\u0119 z podr\u0119cznikiem i dzia\u0142ania zgodnego z nim. Jednocze\u015bnie podkre\u015bli\u0142, \u017ce nie chodzi tu o masowe dopuszczenie do Komunii, lecz o \u201educhow\u0105 pomoc w decyzji sumienia w indywidualnych przypadkach pasterskiej troski\u201d. Decyzj\u0119 biskupa Beckera popar\u0142o r\u00f3wnie\u017c trzech innych biskup\u00f3w zza Odry:&nbsp;Gerhard Feige z Magdeburga, Stefan Hesse z Hamburga i Franz-Josef Bode z Osnabr\u00fccku.<\/p>\r\n<p>Tymczasem sprzeciwiaj\u0105cy si\u0119 poluzowaniu dyscypliny biskup Rudolf Voderholzer z Regensburga w wywiadzie dla <em>Catholic News Agency<\/em> podkre\u015bli\u0142, \u017ce wci\u0105\u017c czeka na wytyczne p\u0142yn\u0105ce z Rzymu. Jego zdaniem list prefekta Kongregacji Nauki Wiary Luisa Ladarii do kardyna\u0142a Reinharda Marxa z 25 maja potwierdza, \u017ce sprawa dopuszczenia do Komunii to kwestia Ko\u015bcio\u0142a powszechnego i jego doktryny. W li\u015bcie tym wezwano do wstrzymania si\u0119 z publikacj\u0105 dokumentu przyj\u0119tego przez wi\u0119kszo\u015b\u0107 niemieckich biskup\u00f3w (dokument ten poluzowywa\u0142 dyscyplin\u0119 sakramentaln\u0105 dla protestant\u00f3w).<\/p>\r\n<p>Jak przekonuje biskup Voderholzer, lokalny biskup musi dostosowa\u0107 si\u0119 do praktyki Ko\u015bcio\u0142a powszechnego. Wi\u0105\u017ce si\u0119 z tym konieczno\u015b\u0107 dostosowania si\u0119 do Kodeksu Prawa Kanonicznego. Zgodnie z nim szafarz katolicki mo\u017ce udziela\u0107 Komunii nie-katolikom wy\u0142\u0105cznie je\u015bli \u201eistnieje niebezpiecze\u0144stwo \u015bmierci albo przynagla inna powa\u017cna konieczno\u015b\u0107\u201d.<\/p>\r\n<p>W lutym niemiecki Episkopat przyj\u0105\u0142 deklaracj\u0119 \u201eI\u015b\u0107 z Chrystusem &#8211; szukaj\u0105c jedno\u015bci. \u0141\u0105czone wyznaniowo ma\u0142\u017ce\u0144stwa i wsp\u00f3lny udzia\u0142 w Eucharystii\u201d. Wskaza\u0142 w nim na mo\u017cliwo\u015b\u0107 przyjmowania w pewnych przypadkach Komunii przez protestanckich ma\u0142\u017conk\u00f3w katolik\u00f3w. Jednak przeciwna dokumentowi mniejszo\u015b\u0107 niemieckiego episkopatu zwr\u00f3ci\u0142a si\u0119 w tej sprawie do Watykanu. Ten za\u015b &#8211; jak wspomniano &#8211; nakaza\u0142 wstrzymanie si\u0119 od publikacji wytycznych.<\/p>\r\n<p>Ostatecznie niemiecki episkopat opublikowa\u0142 dokument pod koniec czerwca. Zaznaczy\u0142 jednak, \u017ce nie jest to oficjalne stanowisko, lecz rodzaj g\u0142osu w dyskusji. Dlatego te\u017c dokumentu nie opatrzono piecz\u0119ci\u0105 Konferencji Episkopatu. Watykan prawdopodobnie wiedzia\u0142 o publikacji dokumentu w tej formie. O zamiarze tym powiadomi\u0142 bowiem uprzednio kardyna\u0142 Marx &#8211; przewodnicz\u0105cy Konferencji Episkopatu Niemiec.<\/p>\r\n<p>Ponadto wed\u0142ug Reginy Einig z Die Tagespost kardyna\u0142 Reinhard Marx spotyka\u0142 si\u0119 ponadto z papie\u017cem za plecami innych niemieckich biskup\u00f3w. Dzia\u0142o si\u0119 to jej zdaniem mi\u0119dzy 11 a 13 czerwca, gdy w Watykanie toczy\u0142y si\u0119 oficjalne rozmowy cz\u0119\u015bci niemieckich hierarch\u00f3w i papie\u017ca &#8211; po\u015bwi\u0119cone omawianej kwestii.<\/p>\r\n<p>\u0179r\u00f3d\u0142o: lifesitenews.com \/ pch24.pl<\/p>\r\n<p>mjend<\/p>\r\n<p class=\"zrodlo\">Za: <a href=\"https:\/\/www.pch24.pl\/niemiecki-biskup-zezwolil-na-interkomunie---poparlo-go-trzech-kolejnych,61372,i.html\">PoloniaChristiana &#8211; pch24.pl (2018-07-04)<\/a><\/p>\r\n<h4>&nbsp;<\/h4>\r\n<hr style=\"background-color: #000000; border-width: 0; color: #000000; height: 2px; line-height: 0; text-align: center; width: 100%;\">\r\n<h4>&nbsp;<\/h4>\r\n<h2>Kard. Gerhard M\u00fcller: Ko\u015bci\u00f3\u0142 w Niemczech ulega protestantyzacji<\/h2>\r\n<p><strong>Ko\u015bci\u00f3\u0142 katolicki w Niemczech protestantyzuje si\u0119, szukaj\u0105c poklasku \u015bwiata i zapominaj\u0105c o wierno\u015bci Bogu. Zupe\u0142nie porzucono m\u0119cze\u0144ski wymiar pos\u0142ugi biskupa &#8211; m\u00f3wi kard. Gerhard M\u00fcller.<\/strong><\/p>\r\n<p>Kardyna\u0142 Gerhard Ludwig M\u00fcller, by\u0142y prefekt Kongregacji Nauki Wiary, udzieli\u0142 obszernego wywiadu portalowi \u201eThe Catholic World Report\u201d. Wskazuje w nim na przyczyny kryzysu Ko\u015bcio\u0142a katolickiego w Niemczech i Europie, kt\u00f3rego efektem jest porzucanie wiary katolickiej i post\u0119puj\u0105ca protestantyzacja.<\/p>\r\n<p>Purpurat m\u00f3wi\u0142 mi\u0119dzy innymi o najg\u0142\u0119bszych powodach, dla kt\u00f3rych niemiecki episkopat wychodzi ci\u0105gle z propozycjami zmian niezgodnych z nauczaniem Ko\u015bcio\u0142a katolickiego.<\/p>\r\n<p>&#8211; Grupa niemieckich biskup\u00f3w, z ich przewodnicz\u0105cym na czele [kard. Reinhardem Marxem &#8211; red.], uwa\u017ca si\u0119 za trendsetter\u00f3w Ko\u015bcio\u0142a katolickiego w marszu do nowoczesno\u015bci. Sekularyzacj\u0119 i dechrystianizacj\u0119 Europy postrzegaj\u0105 za nieodwracalne. St\u0105d Nowa Ewangelizacja &#8211; program Jana Paw\u0142a II i Benedykta XVI &#8211; jest w ich ocenie bitw\u0105 wydan\u0105 obiektywnemu biegowi historii, przypominaj\u0105cym walk\u0119 Don Kichota z wiatrakami. Szukaj\u0105 dla Ko\u015bcio\u0142a niszy, w kt\u00f3rej m\u00f3g\u0142by spokojnie przetrwa\u0107. Dlatego wszystkie doktryny wiary sprzeczne z \u201emainstreamem\u201d, konsensusem spo\u0142ecznym, musz\u0105 zosta\u0107 zreformowane &#8211; powiedzia\u0142 M\u00fcller.<\/p>\r\n<p>By\u0142y Stra\u017cnik Wiary wskaza\u0142, \u017ce jedn\u0105 z konsekwencji takiej postawy jest d\u0105\u017cenie do udzielania Komunii \u015bwi\u0119tej nawet niekatolikom oraz katolikom niepozostaj\u0105cym w stanie \u0142aski u\u015bwi\u0119caj\u0105cej. Dlatego, kontynuowa\u0142, biskupi Niemiec zajmuj\u0105 si\u0119 takimi tematami jak b\u0142ogos\u0142awienie par homoseksualnych, interkomunia z protestantami, relatywizacja sakramentalnego ma\u0142\u017ce\u0144stwa, wprowadzanie viri probati i zwi\u0105zane z tym zniesienie celibatu, aprobowanie relacji seksualnych przed i poza ma\u0142\u017ce\u0144stwem. Wed\u0142ug M\u00fcllera wszystkich, kt\u00f3rzy \u201etraktuj\u0105 powa\u017cnie doktryn\u0119 katolick\u0105\u201d zwolennicy tego kursu modernizacyjnego pi\u0119tnuj\u0105 jako konserwatyst\u00f3w i wydaj\u0105 na pastw\u0119 antykatolickich medi\u00f3w liberalnych.<\/p>\r\n<p>&#8211; Mamy do czynienia z ra\u017c\u0105cym procesem protestantyzacji &#8211; oceni\u0142. Jak doda\u0142, cz\u0119\u015b\u0107 biskup\u00f3w zwyk\u0142e papieskie wypowiedzi padaj\u0105ce w wywiadach z dziennikarzami traktuje jak prawd\u0119 objawion\u0105, o ile tylko mo\u017cna za ich pomoc\u0105 uzasadni\u0107 rozwadnianie wiary katolickiej. Z drugiej strony katolicki prawdy wiary traktuje si\u0119 tak, jakby by\u0142y zmienne i zale\u017cne od wewn\u0105trzko\u015bcielnej polityki.<\/p>\r\n<p>Kardyna\u0142 wskazywa\u0142, \u017ce w XVI wieku przera\u017caj\u0105cy by\u0142 stan wiedzy o wierze katolickiej nawet w\u015br\u00f3d biskup\u00f3w; ludzie Ko\u015bcio\u0142a zajmowali si\u0119 zbyt ch\u0119tnie polityk\u0105 i w\u0142adz\u0105. Dzisiaj, dla odmiany, dla wielu najwa\u017cniejsza jest akceptacja przez \u015bwiat medi\u00f3w.<\/p>\r\n<p>&#8211; Piotr i Pawe\u0142 ponie\u015bli m\u0119cze\u0144stwo za Chrystusa w Rzymie, centrum w\u0142adzy ich czas\u00f3w. Nie byli fetowani przez w\u0142adc\u00f3w tego \u015bwiata jako bohaterowie, ale raczej wyszydzani jako chrze\u015bcijanie na krzy\u017cu. Nie wolno nam zapomina\u0107 o m\u0119cze\u0144skim charakterze pos\u0142ugi piotrowej i urz\u0119du episkopalnego &#8211; zaznaczy\u0142.<\/p>\r\n<p>Purpurat odni\u00f3s\u0142 si\u0119 tak\u017ce do najnowszej kontrowersji &#8211; dopuszczenia przez niemieckich biskup\u00f3w niekt\u00f3rych protestant\u00f3w do Komunii \u015bwi\u0119tej. M\u00fcller podkre\u015bli\u0142, \u017ce w istocie \u017caden biskup nie ma takiej w\u0142adzy, ale niestety dzi\u015b brakuje znajomo\u015bci wiary katolickiej.<\/p>\r\n<p>&#8211; [Biskupi] usprawiedliwiaj\u0105 niewierno\u015b\u0107 wierze katolickiej rzekom\u0105 trosk\u0105 duszpastersk\u0105 lub wyja\u015bnieniami teologicznymi, jakkolwiek przecz\u0105 one zasadom wiary katolickiej. Wszelka doktryna i praktyka musi by\u0107 zakorzeniona w Pi\u015bmie \u015awi\u0119tym i Tradycji Apostolskiej, nie mo\u017ce przeczy\u0107 wcze\u015bniejszym dogmatycznym wypowiedziom Magisterium Ko\u015bcio\u0142a. A z tym w\u0142a\u015bnie mamy do czynienia w przypadku zezwalania niekatolickim chrze\u015bcijanom na przyjmowanie Komunii podczas Mszy \u015bwi\u0119tej &#8211; powiedzia\u0142.<\/p>\r\n<p>Jak doda\u0142 kardyna\u0142, protestant mo\u017ce otrzyma\u0107 Eucharysti\u0119 tylko w razie ryzyka \u015bmierci &#8211; i to je\u017celi podziela w pe\u0142ni wiar\u0119 katolick\u0105, staj\u0105c si\u0119 tym samym de facto katolikiem, cho\u0107 nie og\u0142asza tego oficjalnie.<\/p>\r\n<p>By\u0142y prefekt Kongregacji Nauki Wiary ocenia\u0142 te\u017c stan wiary katolickiej w Niemczech i Europie.<\/p>\r\n<p>&#8211; Popularno\u015b\u0107 w oczach opinii publicznej jest dzisiaj kryterium bycia rzekomo dobrym biskupem lub ksi\u0119dzem. Do\u015bwiadczamy nawr\u00f3cenia do \u015bwiata zamiast do Boga, przeciwnego stwierdzeniu Aposto\u0142a Paw\u0142a: A zatem teraz: czy zabiegam o wzgl\u0119dy ludzi, czy raczej Boga? Czy ludziom staram si\u0119 przypodoba\u0107? Gdybym jeszcze teraz ludziom chcia\u0142 si\u0119 przypodoba\u0107, nie by\u0142bym s\u0142ug\u0105 Chrystusa (Ga, 1, 10) &#8211; powiedzia\u0142 kardyna\u0142 M\u00fcller.<\/p>\r\n<p>Pach<\/p>\r\n<p>\u0179r\u00f3d\u0142o: catholicworldreport.com<\/p>\r\n<p class=\"zrodlo\">Za: <a href=\"https:\/\/www.pch24.pl\/kard--gerhard-muller--kosciol-w-niemczech-ulega-protestantyzacji,61273,i.html\">PoloniaChristiana &#8211; pch24.pl (2018-06-30)<\/a><\/p>\r\n<h4>&nbsp;<\/h4>\r\n<hr style=\"background-color: #000000; border-width: 0; color: #000000; height: 2px; line-height: 0; text-align: center; width: 100%;\">\r\n<h4>&nbsp;<\/h4>\r\n<h2>W\u00fcrzburg: biskup zaprasza protestant\u00f3w do Komunii \u015bwi\u0119tej<\/h2>\r\n<p>Mia\u0142o chodzi\u0107 o rzadkie i indywidualne przypadki, w praktyce \u017cadnego r\u00f3\u017cnicowania nie ma. Biskup W\u00fcrzburga Franz Jung zaprasza do Komunii \u015bwi\u0119tej pary katolicko-protestanckie &#8211; \u017ceby uczci\u0107 jubileusz ma\u0142\u017ce\u0144stwa.<\/p>\r\n<p>Przyj\u0119ty pod koniec czerwca przez biskup\u00f3w Niemiec dokument w sprawie Komunii \u015bwi\u0119tej dla protestant\u00f3w zak\u0142ada\u0142, \u017ce udzielanie Eucharystii niekatolikom poprzedzone b\u0119dzie dog\u0142\u0119bnym badaniem sumienia i duszpasterskim towarzyszeniem. Mia\u0142o chodzi\u0107 o indywidualne przypadki i szczeg\u00f3lne sytuacje \u201epal\u0105cej potrzeby duchowej\u201d, gdy ma\u0142\u017conkowie tak bardzo pragn\u0105 wsp\u00f3lnego dost\u0119pu do Sto\u0142u Pa\u0144skiego, \u017ce niezgoda zagra\u017ca\u0142aby ich zwi\u0105zkowi.<\/p>\r\n<p>Okazuje si\u0119 jednak, \u017ce to wszystko by\u0142y tylko pozory. Nowy biskup W\u00fcrzburga Franz Jung zaprosi\u0142 w\u0142a\u015bnie do wsp\u00f3lnej Eucharystii protestanckich ma\u0142\u017conk\u00f3w katolik\u00f3w &#8211; po prostu, nie wspominaj\u0105c nawet s\u0142owem o indywidualnym podej\u015bciu duszpasterskim.<\/p>\r\n<p>Bp Jung napisa\u0142 w czwartek rano na Facebooku, \u017ce w katedrze \u015bw. Kiliana w W\u00fcrzburgu przez dwa dni odbywa\u0107 si\u0119 b\u0119d\u0105 Msze \u015awi\u0119te w intencji ma\u0142\u017ce\u0144stw obchodz\u0105cych jubileusz. Do wsp\u00f3lnej Eucharystii hierarcha zaprosi\u0142 r\u00f3wnie\u017c ma\u0142\u017ce\u0144stwa katolicko-protestanckie.<\/p>\r\n<p>Z kolei podczas porannej czwartkowej homilii wyg\u0142oszonej w katedrze biskup wskaza\u0142, \u017ce cho\u0107 opracowaniem wytycznych dotycz\u0105cych przyjmowania Komunii \u015bwi\u0119tej przez protestant\u00f3w dopiero si\u0119 zajmie wraz z rad\u0105 diecezjaln\u0105, to ju\u017c dzi\u015b, w zwi\u0105zku z jubileuszem, zaprasza protestant\u00f3w do Eucharystii.<\/p>\r\n<p>Jako warunek wymieni\u0142 bynajmniej nie podzielanie wiary katolickiej, ale\u2026 okazywan\u0105 sobie w ma\u0142\u017ce\u0144stwie wierno\u015b\u0107.<\/p>\r\n<p>Jak zapewnia\u0142, dopuszczenie ich do Sto\u0142u Pa\u0144skiego ma by\u0107 form\u0105 \u201eszczeg\u00f3lnego uczczenia wierno\u015bci prze\u017cywanej w ko\u015bciele domowym\u201d.<\/p>\r\n<p>Wyst\u0105pienie bp. Junga jest zupe\u0142nie bezprecedensowe. Dot\u0105d kilku niemieckich biskup\u00f3w og\u0142osi\u0142o wprawdzie otwarcie Komunii \u015bwi\u0119tej dla niekatolik\u00f3w, ale opatruj\u0105c rzecz pewnymi warunkami odno\u015bnie ich wiary. Przyk\u0142adowo abp. Bambergu Ludwig Schick wymaga od protestant\u00f3w de facto katolickiej wiary odno\u015bnie wszystkich sakrament\u00f3w. U Junga nie ma o tym mowy. Z drugiej strony, w\u00fcrzburski sankcjonuje jedynie to, co w Niemczech i tak od dawna ma miejsce &#8211; protestanci, za milcz\u0105ca zgod\u0105 biskup\u00f3w, przyst\u0119puj\u0105 do Komunii \u015bwi\u0119tej od lat, \u017cadnymi dokumentami si\u0119 nie przejmuj\u0105c.<\/p>\r\n<p>\u0179r\u00f3d\u0142o: Katholisch.de<\/p>\r\n<p class=\"zrodlo\">Za: <a href=\"https:\/\/www.pch24.pl\/wurzburg--biskup-zaprasza-protestantow-do-komunii-swietej,61418,i.html\">PoloniaChristiana &#8211; pch24.pl (2018-07-06)<\/a><\/p>\r\n<h4>&nbsp;<\/h4>\r\n<hr style=\"background-color: #000000; border-width: 0; color: #000000; height: 2px; line-height: 0; text-align: center; width: 100%;\">\r\n<h4>&nbsp;<\/h4>\r\n<h2>Arcybiskup Bambergu: komunia tak\u017ce dla protestant\u00f3w, ale pod pewnymi warunkami<\/h2>\r\n<p><strong>Arcybiskup Bambergu Ludwig Schick dopu\u015bci\u0142 niekt\u00f3rych protestant\u00f3w do Komunii \u015bwi\u0119tej. To ju\u017c sz\u00f3sty niemiecki hierarchia, kt\u00f3ry skorzysta\u0142 z nieformalnego dokumentu episkopatu RFN, k\u0142ad\u0105cego podwaliny pod takie rozwi\u0105zanie.<\/strong><\/p>\r\n<p>Bamberski arcybiskup Ludwig Schick zamierza om\u00f3wi\u0107 z kap\u0142anami swojej archidiecezji spraw\u0119 duszpasterskiego podej\u015bcia do tych protestant\u00f3w, kt\u00f3rzy chcieliby przyjmowa\u0107 Komuni\u0119 \u015bwi\u0119t\u0105. Rozmowy b\u0119d\u0105 toczy\u0107 si\u0119 mi\u0119dzy innymi przy okazji wizytacji w parafiach. Ju\u017c teraz wszak\u017ce hierarcha oficjalnie zgodzi\u0142 si\u0119 z udzielaniem w poszczeg\u00f3lnych indywidualnych przypadkach Komunii \u015bwi\u0119tej niekatolikom, o ile ci spe\u0142ni\u0105 szereg warunk\u00f3w.<\/p>\r\n<p>Podstawowym wymogiem ma by\u0107 \u015bwiadomo\u015b\u0107 szczeg\u00f3lnego znaczenia celebracji eucharystycznej oraz samego przyjmowania Komunii \u015bwi\u0119tej. Chrze\u015bcijanin chc\u0105cy mie\u0107 dost\u0119p do Sto\u0142u Pa\u0144skiego musi piel\u0119gnowa\u0107 osobist\u0105 relacj\u0119 z Jezusem Chrystusem, akceptowa\u0107 katolickie wyznanie wiary, uznawa\u0107 siedem sakrament\u00f3w oraz godzi\u0107 si\u0119 ze struktur\u0105 Ko\u015bcio\u0142a z papie\u017cem, biskupami i prezbiterami. Przede wszystkim ka\u017cdy wierz\u0105cy musi przed przyj\u0119ciem Komunii \u015bwi\u0119tej zastanowi\u0107 si\u0119, czy nosi w sobie duchow\u0105 potrzeb\u0119 przyj\u0119cia Cia\u0142a Chrystusa oraz czy jest tego godny, a zarazem gotowy, by \u017cy\u0107 codziennie zgodnie z wiar\u0105 chrze\u015bcija\u0144sk\u0105.<\/p>\r\n<p>Jak podkre\u015bli\u0142 abp Schick, wymogi te obowi\u0105zuj\u0105 wszystkich katolik\u00f3w. Dotycz\u0105 tak\u017ce protestant\u00f3w \u017cyj\u0105cych z katolikiem w ma\u0142\u017ce\u0144stwie. Je\u017celi ewangelicy je wype\u0142niaj\u0105, to mog\u0105 w okre\u015blonych sytuacjach przyjmowa\u0107 Komuni\u0119 \u015bwi\u0119t\u0105. M\u00f3wi\u0105c kr\u00f3tko, protestanci chc\u0105cy przyjmowa\u0107 Eucharysti\u0119 powinno w gruncie rzeczy wierzy\u0107 po katolicku &#8211; ale nie wymaga si\u0119 od nich fundamentalnego znaku tej wiary, jakim jest przyst\u0105pienie do Ko\u015bcio\u0142a katolickiego.<\/p>\r\n<p>Pod koniec czerwca wytyczne dotycz\u0105ce przyjmowania przez protestant\u00f3w Eucharystii opublikowa\u0142a Rada Sta\u0142a Konferencji Episkopatu Niemiec. Tekst jest oficjalnie \u201epomoc\u0105 duszpastersk\u0105\u201d i konkretne decyzje w sprawie ewangelik\u00f3w zapada\u0107 musz\u0105 na poziomie poszczeg\u00f3lnych diecezji.<\/p>\r\n<p>Pozytywnie na dokument zareagowa\u0142o jak dot\u0105d poza abp. Schickem pi\u0119ciu niemieckich biskup\u00f3w. S\u0105 to: arcybiskup Paderborn Hans-Josef Becker, arcybiskup Hamburga Stefan He\u00c3\u0178e, biskup Magdeburga Gerhard Feige oraz biskup Osnabr\u00fcck Franz-Josef Bode. Z kolei arcybiskup Kolonii kard. Rainer Woelki uzna\u0142 wytyczne za \u201eb\u0142\u0105d\u201d i powiedzia\u0142, \u017ce sprawa dost\u0119pu protestant\u00f3w do Komunii nie mo\u017ce by\u0107 formalizowana.<\/p>\r\n<p>Podczas gdy Becker, He\u00c3\u0178e i Bode zach\u0119cili zasadniczo ksi\u0119\u017cy swojej diecezji do kierowania si\u0119 nieformalnymi wytycznymi episkopatu, Feige przygotowuje w\u0142asny dokument. Hierarcha ten jest jednym z najwi\u0119kszych or\u0119downik\u00f3w dopuszczenia protestant\u00f3w do Komunii; zach\u0119ca\u0142 ich do przyjmowania Cia\u0142a Chrystusa jeszcze przed publikacj\u0105 dokumentu biskup\u00f3w, przekonuj\u0105c, \u017ce nie nale\u017cy zwa\u017ca\u0107 na ewentualne obiekcje Rzymu.<\/p>\r\n<p>Tych jednak p\u00f3ki co nie ma, bo tre\u015b\u0107 dokumentu biskup\u00f3w zosta\u0142a uznana przez Kongregacj\u0119 Nauki Wiary oraz papie\u017ca za akceptowaln\u0105; Stolica Apostolska zabroni\u0142a jedynie publikowa\u0107 jako oficjalnego stanowiska episkopatu ze wzgl\u0119du na du\u017ce znaczenie takiego tekstu dla Ko\u015bcio\u0142a powszechnego i jego wysi\u0142k\u00f3w ekumenicznych, zw\u0142aszcza dialogu z prawos\u0142awiem.<\/p>\r\n<p>\u0179r\u00f3d\u0142a: kath.net \/ katholisch.de<\/p>\r\n<p>Pach<\/p>\r\n<blockquote>\r\n<p>[<strong>Wybrane wypowiedzi internaut\u00f3w pod w\/w tekstem na stronie \u017ar\u00f3d\u0142owej:<\/strong>]<\/p>\r\n<p>Cyt. &#8222;<em>bo tre\u015b\u0107 dokumentu biskup\u00f3w zosta\u0142a uznana przez Kongregacj\u0119 Nauki Wiary oraz papie\u017ca za akceptowaln\u0105; Stolica Apostolska zabroni\u0142a jedynie publikowa\u0107 jako oficjalnego stanowiska episkopatu ze wzgl\u0119du na du\u017ce znaczenie takiego tekstu dla Ko\u015bcio\u0142a powszechnego i jego wysi\u0142k\u00f3w ekumenicznych, zw\u0142aszcza dialogu z prawos\u0142awiem.<\/em>&#8221; , &#8222;<em>? ale nie wymaga si\u0119 od nich fundamentalnego znaku tej wiary, jakim jest przyst\u0105pienie do Ko\u015bcio\u0142a katolickiego.<\/em>&#8221; To takie kpiny czystej wody z nas wszystkich tak?<br>\r\n<em>Nick<\/em><\/p>\r\n<\/blockquote>\r\n<p class=\"zrodlo\">Za: <a href=\"https:\/\/www.pch24.pl\/arcybiskup-bambergu--komunia-takze-dla-protestantow--ale-pod-pewnymi-warunkami,61479,i.html\">PoloniaChristiana &#8211; pch24.pl (2018-07-08)<\/a><\/p>\r\n<h4>&nbsp;<\/h4>\r\n<hr style=\"background-color: #000000; border-width: 0; color: #000000; height: 2px; line-height: 0; text-align: center; width: 100%;\">\r\n<h4>&nbsp;<\/h4>","protected":false},"excerpt":{"rendered":"Arcybiskup Paderborn Hans-Josef Becker zezwala w niekt\u00f3rych przypadkach na udzielanie Komunii ewangelickim partnerom w mieszanych katolicko-ewangelickich ma\u0142\u017ce\u0144stwach &#8211; poinformowa\u0142a niemiecka gazeta \u201eWestfalen Blatt\u201d. Arcybiskup w rozmowie z gazet\u0105 podkre\u015bli\u0142, \u017ce &#8222;nie oznacza to jednak zgody na powszechne przyjmowanie Komunii na \u017cyczenie&#8221;. &#8211; Na spotkaniu rady kap\u0142a\u0144skiej archidiecezji Paderborn 27 czerwca 2018 poda\u0142em moj\u0105 interpretacj\u0119 i [&hellip;]","protected":false},"author":1,"featured_media":0,"comment_status":"closed","ping_status":"closed","sticky":false,"template":"","format":"standard","meta":{"_acf_changed":false,"_monsterinsights_skip_tracking":false,"ngg_post_thumbnail":0,"footnotes":"","_wp_rev_ctl_limit":""},"categories":[3],"tags":[166,238,33],"acf":[],"_links":{"self":[{"href":"https:\/\/www.bibula.com\/index.php?rest_route=\/wp\/v2\/posts\/102518"}],"collection":[{"href":"https:\/\/www.bibula.com\/index.php?rest_route=\/wp\/v2\/posts"}],"about":[{"href":"https:\/\/www.bibula.com\/index.php?rest_route=\/wp\/v2\/types\/post"}],"author":[{"embeddable":true,"href":"https:\/\/www.bibula.com\/index.php?rest_route=\/wp\/v2\/users\/1"}],"replies":[{"embeddable":true,"href":"https:\/\/www.bibula.com\/index.php?rest_route=%2Fwp%2Fv2%2Fcomments&post=102518"}],"version-history":[{"count":0,"href":"https:\/\/www.bibula.com\/index.php?rest_route=\/wp\/v2\/posts\/102518\/revisions"}],"wp:attachment":[{"href":"https:\/\/www.bibula.com\/index.php?rest_route=%2Fwp%2Fv2%2Fmedia&parent=102518"}],"wp:term":[{"taxonomy":"category","embeddable":true,"href":"https:\/\/www.bibula.com\/index.php?rest_route=%2Fwp%2Fv2%2Fcategories&post=102518"},{"taxonomy":"post_tag","embeddable":true,"href":"https:\/\/www.bibula.com\/index.php?rest_route=%2Fwp%2Fv2%2Ftags&post=102518"}],"curies":[{"name":"wp","href":"https:\/\/api.w.org\/{rel}","templated":true}]}}