{"id":102494,"date":"2018-06-30T11:05:55","date_gmt":"2018-06-30T15:05:55","guid":{"rendered":"http:\/\/www.bibula.com\/?p=102494"},"modified":"2018-07-01T11:07:44","modified_gmt":"2018-07-01T15:07:44","slug":"prof-andrzej-nowak-o-nowej-ustawie-ipn-wywiad","status":"publish","type":"post","link":"https:\/\/www.bibula.com\/?p=102494","title":{"rendered":"Prof. Andrzej Nowak o nowej ustawie IPN. Wywiad"},"content":{"rendered":"<p><strong>Uwa\u017cam, \u017ce procedowanie zmian dotycz\u0105cych wa\u017cnej instytucji pa\u0144stwowej w spos\u00f3b, kt\u00f3ry ca\u0142kowicie pomija t\u0119 instytucj\u0119, jako chocia\u017cby cia\u0142o konsultacyjne, jest wysoce niestosowne. Wydaje mi si\u0119, \u017ce to charakteryzuje ca\u0142y spos\u00f3b przygotowania zar\u00f3wno poprzedniej nowelizacji, jak i obecnej \u201d\u201d m\u00f3wi w rozmowie z portalem wPolityce.pl prof. Andrzej Nowak, cz\u0142onek Kolegium IPN.<\/strong><\/p>\r\n<p>wPolityce.pl: <strong>Sejm w b\u0142yskawicznym tempie przyj\u0105\u0142 dzi\u015b zmiany w noweli ustawy o IPN. Jak Pan to przyj\u0105\u0142?<\/strong><\/p>\r\n<p><strong>Prof. Andrzej Nowak:<\/strong> Pierwsz\u0105 rzecz\u0105, na jak\u0105 chcia\u0142bym zwr\u00f3ci\u0107 uwag\u0119, to najdelikatniej m\u00f3wi\u0105c pewna niezr\u0119czno\u015b\u0107 w obchodzeniu si\u0119 z nowelizacj\u0105 ustawy o IPN. I to zar\u00f3wno w momencie uchwalenia poprzedniej nowelizacji, jak i tej. Z IPN, kt\u00f3ry jest przedmiotem tej ustawy, za pierwszym razem by\u0142o to tylko formalnie konsultowane, a o obecnej nowelizacji dowiedzia\u0142em si\u0119 dzisiaj od pana. Uwa\u017cam, \u017ce procedowanie zmian dotycz\u0105cych wa\u017cnej instytucji pa\u0144stwowej w spos\u00f3b, kt\u00f3ry ca\u0142kowicie pomija t\u0119 instytucj\u0119, jako chocia\u017cby cia\u0142o konsultacyjne jest wysoce niestosowne. Wydaje mi si\u0119, \u017ce to charakteryzuje ca\u0142y spos\u00f3b przygotowania zar\u00f3wno poprzedniej nowelizacji, jak i obecnej. Po\u015bpiech, jakie\u015b cele wewn\u0105trz polityczne, kt\u00f3re nie maj\u0105 nic wsp\u00f3lnego z istot\u0105 sprawy, do kt\u00f3rej odnosi si\u0119 ta nowelizacja, powoduj\u0105 rozmaite niezr\u0119czno\u015bci i zawirowania.<\/p>\r\n<p><strong>Z naszych informacji wynika, \u017ce jest mo\u017cliwe, i\u017c prezydent Duda jeszcze dzi\u015b podpisze ustaw\u0119 o IPN. Wieczorem prawdopodobnie odb\u0119dzie si\u0119 te\u017c konferencja premier\u00f3w Polski i Izraela. Czy to tempo faktycznie jest potrzebne?<\/strong><\/p>\r\n<p>Nie. My\u015bl\u0119, \u017ce te\u017c spos\u00f3b podchodzenia do prawa jest wysoce niew\u0142a\u015bciwy. Jak si\u0119 pan domy\u015bla jestem zdecydowanym sympatykiem obecnie rz\u0105dz\u0105cej ekipy, wybranej na podstawie demokratycznego werdyktu wyborc\u00f3w. Nie znajduj\u0119 jednak odpowiedzi na pytanie, dlaczego trzeba by\u0142o to zrobi\u0107 w dniu dzisiejszym, w ci\u0105gu kilku godzin, skoro mo\u017cna by\u0142o roz\u0142o\u017cy\u0107 to w czasie i spokojnie procedowa\u0107. I przede wszystkim lepiej przygotowa\u0107 poprzedni\u0105 nowelizacj\u0119, a je\u015bli ju\u017c si\u0119 z niej wycofywa\u0107 to te\u017c w spos\u00f3b nie przypominaj\u0105cy jakiej\u015b gwa\u0142townej rejterady. Bo takie to wra\u017cenie robi, z przyczyn, kt\u00f3rych nie umiem zidentyfikowa\u0107.<\/p>\r\n<p><strong>Odej\u015bcie od przepis\u00f3w karnych w tej ustawie to dobry krok? Minister Dworczyk powiedzia\u0142 dzi\u015b w Sejmie, \u017ce IPN ma lepsze narz\u0119dzia cywilno-prawne.<\/strong><\/p>\r\n<p>Akurat od pocz\u0105tku, kiedy p\u00f3\u0142tora roku temu nowelizacja by\u0142a jeszcze rozwa\u017cana, wypowiada\u0142em si\u0119 w tej sprawie publicznie uwa\u017caj\u0105c, \u017ce penalizacja wypowiedzi o historii jest z\u0142a. Jestem zreszt\u0105 przeciwko penalizacji w ka\u017cdej formie, czy to jest ustawodawstwo izraelskie, polskie, czy niemieckie. Nie nale\u017cy bowiem penalizowa\u0107 wypowiedzi o historii. Podstaw\u0119 do \u015bcigania publicznych wypowiedzi dziennikarskich, czy naukowych, kt\u00f3re opieraj\u0105 si\u0119 w spos\u00f3b jawny na nieprawdzie i szkaluj\u0105 dobre imi\u0119 konkretnego obywatela pa\u0144stwa polskiego, albo narodu polskiego jako ca\u0142o\u015bci, zawsze mog\u0142o by\u0107 i mo\u017ce by\u0107. I jak rozumiem do tego odwo\u0142uje si\u0119 dzisiaj pan minister Dworczyk. Teraz tak\u017ce mo\u017ce ono by\u0107 \u015bcigane na podstawie normalnego ustawodawstwa na drodze cywilno- prawnej, kt\u00f3re m\u00f3wi, \u017ce je\u017celi kto\u015b pos\u0142uguje si\u0119 nieprawd\u0105 i narusza czyj\u0105\u015b godno\u015b\u0107, to mo\u017cemy dochodzi\u0107 obrony dobrego imienia przed s\u0105dem. Pod tym wzgl\u0119dem nowelizacja sprzed p\u00f3\u0142 roku by\u0142a absolutnie g\u0142upia, poniewa\u017c polski prokurator generalny nie otrzyma\u0142 \u017cadnego narz\u0119dzia przy pomocy tamtej ustawy, kt\u00f3re mog\u0142oby mu pozwoli\u0107 np. \u015bciga\u0107 autor\u00f3w tekst\u00f3w o \u201epolskich obozach \u015bmierci\u201d, kt\u00f3re ukazuj\u0105 si\u0119 w Stanach Zjednoczonych, czy we Francji. Nie mamy jurysdykcji, kt\u00f3ra roztacza\u0142aby si\u0119 na ca\u0142y \u015bwiat.<\/p>\r\n<p><strong>Zamiast pom\u00f3c przynios\u0142o nam szkody?<\/strong><\/p>\r\n<p>Oczywi\u015bcie, \u017ce tak. Natomiast, gdyby pa\u0144stwo polskie pomog\u0142o w wynaj\u0119ciu najlepszych, prywatnych kancelarii prawnych, kt\u00f3re s\u0105 najskuteczniejsze w danym kraju, w kt\u00f3rym dochodzi do naruszania dobrego imienia Polski na podstawie fa\u0142szywego obrazu II wojny \u015bwiatowej, czy rzekomego udzia\u0142u Polski w Holokau\u015bcie, to wtedy mieliby\u015bmy sytuacj\u0119 bez por\u00f3wnania lepsz\u0105. Czytam np. artyku\u0142 wst\u0119pny w \u201eGuardianie\u201d, najbardziej opiniotw\u00f3rczej lewicowo- liberalnej gazecie europejskiej, kt\u00f3ry m\u00f3wi o odpowiedzialno\u015bci Polski za Holokaust, tak jakby to ona go stworzy\u0142a. To jest oczywi\u015bcie pow\u00f3d do wynaj\u0119cia takiej kancelarii, kt\u00f3ra pu\u015bci t\u0119 \u0142ajdack\u0105 gazet\u0119 z torbami. Natomiast ustawodawstwo pana ministra Ziobry, bo to jego resort przygotowa\u0142 tamt\u0105 nieszcz\u0119sn\u0105 nowel\u0119, nic w tej sprawie nie by\u0142o w stanie zrobi\u0107, bo nie mog\u0142o.<\/p>\r\n<p><strong>Czy, Pana zdaniem, ustawa w obecnym kszta\u0142cie jest odpowiedniejsza?<\/strong><\/p>\r\n<p>Jak wida\u0107 ta ustawa nie da\u0142a \u017cadnych dodatkowych narz\u0119dzi prawnych pa\u0144stwu polskiemu, bo nie mog\u0142a da\u0107. A to g\u0142\u00f3wnie poza granicami pa\u0144stwa i zasi\u0119giem naszego prawodawstwa dokonuje si\u0119 akt systematycznego szkalowania polskiego dobrego imienia oskar\u017ceniami o wsp\u00f3\u0142udzia\u0142 czy wr\u0119cz udzia\u0142 w Holokau\u015bcie. Z tego punktu widzenia uwa\u017cam, \u017ce nowelizacja zrobiona p\u00f3\u0142 roku temu by\u0142a z\u0142a i g\u0142upia. A dzisiejsze wycofanie si\u0119 z niej robione w spos\u00f3b niezr\u0119czny, sprawia wra\u017cenie rejterady. Kr\u00f3tko m\u00f3wi\u0105c nie mam w tej sprawie nic dobrego do powiedzenia.<\/p>\r\n<p><em><strong>Rozmawia\u0142 Piotr Czartoryski- Sziler<\/strong><\/em><\/p>\r\n<p>za: https:\/\/wpolityce.pl\/polityka\/401469-nasz-wywiad-prof-nowak-o-nowej-ustawie-ipn<\/p>","protected":false},"excerpt":{"rendered":"Uwa\u017cam, \u017ce procedowanie zmian dotycz\u0105cych wa\u017cnej instytucji pa\u0144stwowej w spos\u00f3b, kt\u00f3ry ca\u0142kowicie pomija t\u0119 instytucj\u0119, jako chocia\u017cby cia\u0142o konsultacyjne, jest wysoce niestosowne. Wydaje mi si\u0119, \u017ce to charakteryzuje ca\u0142y spos\u00f3b przygotowania zar\u00f3wno poprzedniej nowelizacji, jak i obecnej \u201d\u201d m\u00f3wi w rozmowie z portalem wPolityce.pl prof. Andrzej Nowak, cz\u0142onek Kolegium IPN. wPolityce.pl: Sejm w b\u0142yskawicznym tempie [&hellip;]","protected":false},"author":1,"featured_media":0,"comment_status":"closed","ping_status":"closed","sticky":false,"template":"","format":"standard","meta":{"_acf_changed":false,"_monsterinsights_skip_tracking":false,"_monsterinsights_sitenote_active":false,"_monsterinsights_sitenote_note":"","_monsterinsights_sitenote_category":0,"ngg_post_thumbnail":0,"footnotes":"","_wp_rev_ctl_limit":""},"categories":[8],"tags":[98,53],"acf":[],"_links":{"self":[{"href":"https:\/\/www.bibula.com\/index.php?rest_route=\/wp\/v2\/posts\/102494"}],"collection":[{"href":"https:\/\/www.bibula.com\/index.php?rest_route=\/wp\/v2\/posts"}],"about":[{"href":"https:\/\/www.bibula.com\/index.php?rest_route=\/wp\/v2\/types\/post"}],"author":[{"embeddable":true,"href":"https:\/\/www.bibula.com\/index.php?rest_route=\/wp\/v2\/users\/1"}],"replies":[{"embeddable":true,"href":"https:\/\/www.bibula.com\/index.php?rest_route=%2Fwp%2Fv2%2Fcomments&post=102494"}],"version-history":[{"count":0,"href":"https:\/\/www.bibula.com\/index.php?rest_route=\/wp\/v2\/posts\/102494\/revisions"}],"wp:attachment":[{"href":"https:\/\/www.bibula.com\/index.php?rest_route=%2Fwp%2Fv2%2Fmedia&parent=102494"}],"wp:term":[{"taxonomy":"category","embeddable":true,"href":"https:\/\/www.bibula.com\/index.php?rest_route=%2Fwp%2Fv2%2Fcategories&post=102494"},{"taxonomy":"post_tag","embeddable":true,"href":"https:\/\/www.bibula.com\/index.php?rest_route=%2Fwp%2Fv2%2Ftags&post=102494"}],"curies":[{"name":"wp","href":"https:\/\/api.w.org\/{rel}","templated":true}]}}