{"id":102327,"date":"2018-06-26T10:33:22","date_gmt":"2018-06-26T14:33:22","guid":{"rendered":"http:\/\/www.bibula.com\/?p=102327"},"modified":"2018-06-26T10:34:26","modified_gmt":"2018-06-26T14:34:26","slug":"wywiad-z-ks-mikolajem-pflugerem-fsspx-nt-kapituly-generalnej","status":"publish","type":"post","link":"https:\/\/www.bibula.com\/?p=102327","title":{"rendered":"Wywiad z ks. Miko\u0142ajem Pflugerem FSSPX nt. kapitu\u0142y generalnej"},"content":{"rendered":"<p><strong>Wywiad z ks. Miko\u0142ajem Pflugerem FSSPX, pierwszym asystentem prze\u0142o\u017conego generalnego FSSPX, przeprowadzi\u0142a redakcja \u201eCatholic Family News\u201d. W polskim t\u0142umaczeniu pomini\u0119to dwa pierwsze pytania, dotycz\u0105ce osoby ks. Pflugera i okoliczno\u015bci jego przylotu do USA.<\/strong><\/p>\r\n<table class=\"outset\" style=\"height: 180px;\" width=\"226\" align=\"left\">\r\n<tbody>\r\n<tr style=\"height: 90px;\">\r\n<td style=\"height: 90px;\"><img decoding=\"async\" class=\"alignleft\" src=\"https:\/\/news.fsspx.pl\/wp-content\/uploads\/father_pfluger_fsspx-300x169.jpg\" alt=\"\" width=\"208\" height=\"117\"><\/td>\r\n<\/tr>\r\n<tr style=\"height: 128px;\">\r\n<td style=\"height: 128px;\">\r\n<p class=\"zrodlo\"><em>Ks. Miko\u0142aj Pfluger FSSPX, pierwszy asystent prze\u0142o\u017conego generalnego Bractwa \u015aw. Piusa X<\/em><\/p>\r\n<\/td>\r\n<\/tr>\r\n<\/tbody>\r\n<\/table>\r\n<p><strong>Przechodz\u0105c do tematu zbli\u017caj\u0105cej si\u0119 kapitu\u0142y generalnej &#8211; czy m\u00f3g\u0142by Ksi\u0105dz przybli\u017cy\u0107 nam zasady dotycz\u0105ce wyboru w\u0142adz Bractwa \u015aw. Piusa X? Czy zosta\u0142y one opracowane przez Arcybiskupa i czy zmieni\u0142y si\u0119 w znacz\u0105cy spos\u00f3b po jego \u015bmierci?<\/strong><\/p>\r\n<p>Arcybiskup napisa\u0142 statuty Bractwa w czasie bardzo szczeg\u00f3lnym, opieraj\u0105c si\u0119 przy tym na swym do\u015bwiadczeniu misjonarza, biskupa oraz prze\u0142o\u017conego generalnego najliczniejszego zgromadzenia misyjnego (Zgromadzenia Ducha \u015awi\u0119tego) w \u00f3wczesnych czasach, ponaglany przez m\u0142odych seminarzyst\u00f3w, aby \u201eco\u015b zrobi\u0142\u201d w obliczu powa\u017cnego kryzysu formacji kap\u0142a\u0144skiej po II Soborze Watyka\u0144skim. Statuty te w pe\u0142ni wyra\u017caj\u0105 ducha Ko\u015bcio\u0142a, odzwierciedlaj\u0105c r\u00f3wnocze\u015bnie pewne wa\u017cne cechy osobowo\u015bci naszego za\u0142o\u017cyciela. Daj\u0105 \u015brodki niezb\u0119dne do przeprowadzenia prawdziwej reformy Ko\u015bcio\u0142a w czasach wsp\u00f3\u0142czesnych, \u015brodki umo\u017cliwiaj\u0105ce przezwyci\u0119\u017cenie powa\u017cnego kryzysu, w jakim si\u0119 on znalaz\u0142 &#8211; poprzez uwypuklanie autentycznego sensu kap\u0142a\u0144stwa Chrystusowego, rozbudzanie \u017cywej wiary oraz ducha misyjnego.<\/p>\r\n<p>Oczywi\u015bcie duch oraz najwa\u017cniejsze elementy statut\u00f3w nie zmieni\u0142y si\u0119 od momentu, w kt\u00f3rym zosta\u0142y napisane przez Arcybiskupa. Trzy ostatnie kapitu\u0142y generalne dokona\u0142y jedynie pewnych modyfikacji dotycz\u0105cych struktury Bractwa oraz praktycznych aspekt\u00f3w jego dzia\u0142alno\u015bci.<\/p>\r\n<p><strong>Na czym polega rola prze\u0142o\u017conego generalnego?<\/strong><\/p>\r\n<p>Statuty Bractwa, kt\u00f3re wyra\u017caj\u0105 intencj\u0119 naszego za\u0142o\u017cyciela, abp. Lefebvre\u2019a, podaj\u0105 precyzyjn\u0105 definicj\u0119 prze\u0142o\u017conego generalnego oraz jego rady, dw\u00f3ch asystent\u00f3w: \u201eRol\u0105 prze\u0142o\u017conego generalnego jest kierowanie i zarz\u0105dzanie Bractwem \u015aw. Piusa X. Przy podejmowaniu wa\u017cnych decyzji konsultuje si\u0119 on ze swymi asystentami. (\u2026) B\u0119d\u0105 oni czyni\u0107 wszystko, co uznaj\u0105 za po\u017cyteczne, dla zachowania, rozbudzania oraz wzrostu ofiarno\u015bci, ducha wiary i gorliwo\u015bci w s\u0142u\u017cbie Ko\u015bcio\u0142owi i duszom w sercach prze\u0142o\u017conych i innych cz\u0142onk\u00f3w Bractwa\u201d (Statuty, 5.5).<\/p>\r\n<p>Bractwo posiada przemy\u015blan\u0105 struktur\u0119, obejmuj\u0105c\u0105 rad\u0119 generaln\u0105, seminaria, dystrykty, przeoraty <em>etc<\/em>. Prze\u0142o\u017cony generalny nie ingeruje w prac\u0119 podleg\u0142ych sobie prze\u0142o\u017conych i przeor\u00f3w. Jego zadaniem jest rozbudzanie i podtrzymywanie w\u015br\u00f3d cz\u0142onk\u00f3w Bractwa ducha ofiary, ducha \u017cywej wiary oraz \u017carliwo\u015bci w s\u0142u\u017cbie Ko\u015bcio\u0142owi. Po dwunastu latach pe\u0142nienia funkcji pierwszego asystenta [mog\u0119 powiedzie\u0107], \u017ce ta definicja stanowi dla mnie r\u00f3wnie\u017c znakomit\u0105 pomoc przy rachunku sumienia.<\/p>\r\n<p><strong>Czy by\u0142o intencj\u0105 Arcybiskupa, \u017ceby prze\u0142o\u017cony generalny Bractwa by\u0142 odpowiedzialny za relacje z w\u0142adzami rzymskimi?<\/strong><\/p>\r\n<p>Nasze statuty jasno wskazuj\u0105, \u017ce prze\u0142o\u017cony generalny oraz jego rada maj\u0105 pracowa\u0107 nad doprowadzeniem do uregulowania statusu kanonicznego Bractwa \u015aw. Piusa X. Jest to czym\u015b normalnym w przypadku nowego instytutu, kt\u00f3ry uzyskuje prawo do dzia\u0142ania na terenie konkretnej diecezji. Proces ten jest typowy dla ka\u017cdego instytutu w obr\u0119bie Ko\u015bcio\u0142a, a zadanie kierowania i zarz\u0105dzania instytutem nale\u017cy do jego prze\u0142o\u017conego. W\u0142a\u015bnie z tego powodu Arcybiskup osobi\u015bcie udawa\u0142 si\u0119 do Rzymu na rozmowy z Paw\u0142em VI, Janem Paw\u0142em II oraz Kuri\u0105 Rzymsk\u0105. Wobec niesprawiedliwego pot\u0119pienia Bractwa nasz za\u0142o\u017cyciel stan\u0105\u0142 w obliczu konieczno\u015bci kontynuowania rozm\u00f3w z Rzymem w celu doprowadzenia do uchylenia tego niesprawiedliwego aktu. Cho\u0107 Arcybiskup w stosownym czasie wyznaczy\u0142 przysz\u0142ego prze\u0142o\u017conego generalnego (ks. Franciszka Schmidbergera, kt\u00f3ry pe\u0142ni\u0142 t\u0119 funkcj\u0119 w latach 1983-1994), by\u0142 jednak osobi\u015bcie zaanga\u017cowany w rozmowy ze Stolic\u0105 Apostolsk\u0105 jako za\u0142o\u017cyciel Bractwa oraz jego prze\u0142o\u017cony generalny w czasie, w kt\u00f3rym zosta\u0142y podj\u0119te wzgl\u0119dem niego niesprawiedliwie kroki. Fakt, \u017ce sam Rzym uznawa\u0142 Arcybiskupa za osob\u0119 kompetentn\u0105 do prowadzenia rozm\u00f3w na temat uregulowania statusu kanoniczego Bractwa, by\u0142 ca\u0142kiem zrozumia\u0142y &#8211; by\u0142 on jego za\u0142o\u017cycielem, postaci\u0105 znan\u0105 w ca\u0142ym \u015bwiecie katolickim, st\u0105d za swego \u017cycia utrzymywa\u0142 kontakty z Rzymem nawet po ust\u0105pieniu z funkcji prze\u0142o\u017conego generalnego. Pragn\u0105\u0142, aby po jego \u015bmierci te zabiegi by\u0142y kontynuowane przez ks. Schmidbergera oraz jego nast\u0119pc\u00f3w.<\/p>\r\n<p>Podczas spotkania kap\u0142an\u00f3w Bractwa w Szwajcarii w czerwcu 1988 r. abp Lefebvre wyja\u015bni\u0142 nam, dlaczego postanowi\u0142 nie konsekrowa\u0107 na biskupa pomocniczego Bractwa ks. Schmidbergera, \u00f3wczesnego prze\u0142o\u017conego generalnego: pragn\u0105\u0142 w ten spos\u00f3b u\u0142atwi\u0107 kontakty [z Rzymem] oraz proces uregulowania statusu kanonicznego FSSPX. S\u0105dzi\u0142 w\u00f3wczas, \u017ce Rzymowi \u0142atwiej by\u0142oby wsp\u00f3\u0142pracowa\u0107 z prze\u0142o\u017conym generalnym, gdyby nie by\u0142 on jednym z nowo konsekrowanych biskup\u00f3w.<\/p>\r\n<p>Sytuacja, w kt\u00f3rej prze\u0142o\u017cony instytutu istniej\u0105cego w Ko\u015bciele jest odpowiedzialny za proces prawny maj\u0105cy na celu jego formalne uznanie kanoniczne, nie jest niczym niezwyk\u0142ym ani wyj\u0105tkowym. Ani wierni, ani kapitu\u0142a, ani wi\u0119kszo\u015b\u0107 [cz\u0142onk\u00f3w] nie mogliby prowadzi\u0107 rozm\u00f3w [w tej sprawie] z w\u0142adzami rzymskimi. Zadanie to nale\u017cy wy\u0142\u0105cznie do prze\u0142o\u017conego, poniewa\u017c Ko\u015bci\u00f3\u0142 katolicki nie jest demokracj\u0105.<\/p>\r\n<p><strong>Jak d\u0142ugo trwa kadencja prze\u0142o\u017conego generalnego?<\/strong><\/p>\r\n<p>Zgodnie ze statutami prze\u0142o\u017cony generalny jest wybierany na okres 12 lat.<\/p>\r\n<p><strong>Czy istniej\u0105 jakie\u015b ograniczenia (prawne, zwyczajowe czy te\u017c praktyczne) dotycz\u0105ce liczby jego kadencji?<\/strong><\/p>\r\n<p>W ostatnich wiekach przyj\u0119\u0142a si\u0119 w Ko\u015bciele praktyka ograniczania czasu trwania kadencji, zazwyczaj do sze\u015bciu lat &#8211; bez mo\u017cliwo\u015bci reelekcji. Nawet w\u0142adza os\u00f3b wybieranych <em>ad vitam<\/em>, tj. do\u017cywotnio, podlega zazwyczaj pewnym ograniczeniom. Arcybiskup uzna\u0142 jednak, \u017ce tak m\u0142ody instytut potrzebuje wi\u0119cej stabilno\u015bci i ci\u0105g\u0142o\u015bci, zw\u0142aszcza podczas kryzysu w Ko\u015bciele. W\u0142a\u015bnie z tego powodu zdecydowa\u0142 si\u0119 na 12-letni\u0105 kadencj\u0119 w przypadku prze\u0142o\u017conego generalnego Bractwa oraz jego asystent\u00f3w, bez ogranicze\u0144 dotycz\u0105cych reelekcji.<\/p>\r\n<p><strong>Czy prze\u0142o\u017conym generalnym musi by\u0107 jeden z biskup\u00f3w [Bractwa]?<\/strong><\/p>\r\n<p>Nie, zgodnie ze statutami Bractwa prze\u0142o\u017conym generalnym nie musi by\u0107 jeden z biskup\u00f3w konsekrowanych przez abp. Lefebvre\u2019a. W istocie sam nasz za\u0142o\u017cyciel jasno da\u0142 do zrozumienia, \u017ce cho\u0107 biskupi mog\u0105 zosta\u0107 wybrani na t\u0119 funkcj\u0119, nie musi by\u0107 ona jednak pe\u0142niona przez biskupa. Co wi\u0119cej, ostrzega\u0142 nawet, \u017ce w przypadku gdyby urz\u0105d ten by\u0142 pe\u0142niony przez biskupa, mog\u0142oby to sk\u0142oni\u0107 niekt\u00f3rych ludzi do przypuszcze\u0144, i\u017c udzieli\u0142 on konsekrowanym przez siebie biskupom jakiego\u015b rodzaju jurysdykcji (prawnego upowa\u017cnienia do rz\u0105dzenia cz\u0119\u015bci\u0105 Ko\u015bcio\u0142a), podczas gdy w rzeczywisto\u015bci wyra\u017anie zaznacza\u0142, \u017ce nie ro\u015bci sobie do tego prawa i \u017ce konsekrowa\u0142 ich jedynie jako biskup\u00f3w pomocniczych (tj. \u017ceby sprawowali sakramenty zwi\u0105zane z sakr\u0105 biskupi\u0105, jednak nie nadaj\u0105c im konkretnej w\u0142adzy rz\u0105dzenia wiernymi). W trakcie konsekracji wyja\u015bni\u0142, \u017ce jego motywem by\u0142o wy\u0142\u0105cznie zachowanie tradycyjnego kap\u0142a\u0144stwa, ale \u017ce jedynie papie\u017c m\u00f3g\u0142by nada\u0107 biskupowi jurysdykcj\u0119. W\u0142adza sprawowana przez bp. Fellaya wynika jedynie z faktu powierzenia mu funkcji prze\u0142o\u017conego generalnego przez dwie kolejne kapitu\u0142y i nie ma zwi\u0105zku z otrzymaniem przez niego sakry biskupiej w 1988 r.<\/p>\r\n<p><strong>Czy ka\u017cdy ksi\u0105dz Bractwa mo\u017ce zosta\u0107 wybrany prze\u0142o\u017conym generalnym, czy te\u017c od kandydat\u00f3w wymagane s\u0105 jakie\u015b szczeg\u00f3lne kwalifikacje?<\/strong><\/p>\r\n<p>W istocie kandydatami jest wszystkich 462 ksi\u0119\u017cy [Bractwa]! Zgodnie z naszymi statutami prze\u0142o\u017conym generalnym mo\u017ce zosta\u0107 kap\u0142an, kt\u00f3ry uko\u0144czy\u0142 co najmniej 30 lat i z\u0142o\u017cy\u0142 ju\u017c \u015bluby wieczyste w Bractwie \u015aw. Piusa X. S\u0105 to jednak oczywi\u015bcie jedynie minimalne wymagania formalne. Jakich cech oczekuje si\u0119 od prze\u0142o\u017conego generalnego? By\u0107 mo\u017ce dobrze oddaje to pewne stare powiedzenie: \u201eOpat nie powinien by\u0107 zbyt uczony, zbyt uduchowiony ani zbyt zdrowy\u2026\u201d. Innymi s\u0142owy, musi on odznacza\u0107 si\u0119 ponadprzeci\u0119tn\u0105 roztropno\u015bci\u0105, kt\u00f3ra jest najwa\u017cniejsz\u0105 cech\u0105 dobrego przyw\u00f3dcy; potrzebuje te\u017c sporej dawki zdrowego rozs\u0105dku oraz do\u015bwiadczenia w pracy duszpasterskiej. Powinien posiada\u0107 zdolno\u015bci przyw\u00f3dcze, kompetencje spo\u0142eczne oraz &#8211; co r\u00f3wnie wa\u017cne &#8211; kierowa\u0107 si\u0119 w swym post\u0119powaniu autentycznym duchem Ko\u015bcio\u0142a. Musi by\u0107 \u201edobrym pasterzem\u201d, podobnie jak nasz Pan Jezus Chrystus.<\/p>\r\n<p><strong>A jaka jest rola pierwszego i drugiego asystenta? W jaki spos\u00f3b kap\u0142ani Bractwa powo\u0142ywani s\u0105 na te stanowiska?<\/strong><\/p>\r\n<p>Pierwszy i drugi asystent pomagaj\u0105 oraz doradzaj\u0105 prze\u0142o\u017conemu generalnemu. Poniewa\u017c ustr\u00f3j Ko\u015bcio\u0142a jest monarchiczny, prze\u0142o\u017cony generalny jest zobowi\u0105zany podejmowa\u0107 decyzje kieruj\u0105c si\u0119 dobrem wsp\u00f3lnym ca\u0142ego Bractwa. Ko\u015bci\u00f3\u0142 jednak\u017ce od zawsze naucza\u0142, \u017ce w celu zagwarantowania owocnych i roztropnych rz\u0105d\u00f3w w\u0142adcy przy podejmowaniu decyzji powinni zasi\u0119ga\u0107 opinii i rady zaufanych doradc\u00f3w. W ten w\u0142a\u015bnie spos\u00f3b s\u0142u\u017cy prze\u0142o\u017conemu generalnemu jego dw\u00f3ch asystent\u00f3w, pomagaj\u0105c mu r\u00f3wnie\u017c w konkretnych zadaniach, jakie im on powierza.<\/p>\r\n<p><strong>Niekt\u00f3rzy krytycy Bractwa wywodz\u0105cy si\u0119 z tzw. ruchu oporu utrzymuj\u0105, \u017ce bp Fellay obieca\u0142 w\u0142adzom rzymskim, i\u017c w przypadku uregulowania statusu kanonicznego FSSPX jego statuty zostan\u0105 zmienione w taki spos\u00f3b, \u017ce to Rzym b\u0119dzie mianowa\u0107 prze\u0142o\u017conego generalnego oraz asystent\u00f3w oraz \u017ce nie b\u0119d\u0105 oni kap\u0142anami Bractwa. Czy to twierdzenie jest zgodne z prawd\u0105?<\/strong><\/p>\r\n<p>Wr\u0119cz przeciwnie! W ramach tzw. pra\u0142atury personalnej, kt\u00f3rej utworzenie przy kilku okazjach by\u0142o proponowane przez Rzym, kieruj\u0105cy ni\u0105 pra\u0142at oraz kolejni biskupi mieli si\u0119 wywodzi\u0107 spo\u015br\u00f3d ksi\u0119\u017cy Bractwa! Nie, to twierdzenie jest bezczelnym k\u0142amstwem, z rodzaju tych, jakie cz\u0119sto s\u0105 rozpowszechniane przez ludzi spoza Bractwa, maj\u0105cych sk\u0142onno\u015b\u0107 do wydawania pochopnych os\u0105d\u00f3w o jego wewn\u0119trznych sprawach. Takie twierdzenia s\u0105 ca\u0142kowicie bezpodstawne i nie spos\u00f3b traktowa\u0107 ich powa\u017cnie. To tylko k\u0142amstwo. Ludzie ci wysuwaj\u0105 twierdzenia nieprawdziwe i krzywdz\u0105ce, sprzeciwiaj\u0105c si\u0119 ka\u017cdej formie uregulowania statusu kanonicznego naszego Bractwa, utracili bowiem ducha, kt\u00f3rym kierowa\u0142 si\u0119 Arcybiskup. Duchem naszego za\u0142o\u017cyciela jest \u201educh naszego Pana Jezusa Chrystusa, Ko\u015bcio\u0142a, Ewangelii\u201d. W rzeczywisto\u015bci wyra\u017cane przez nich zaniepokojenie oraz ich spontaniczny sprzeciw wobec wszelkich kontakt\u00f3w z Rzymem czy te\u017c uregulowania statusu kanonicznego wynika ze strachu i braku nadprzyrodzonej cnoty nadziei.<\/p>\r\n<p><strong>Kto uczestniczy w kapitule generalnej?<\/strong><\/p>\r\n<p>Kapitu\u0142a generalna sk\u0142ada si\u0119 z 41 ksi\u0119\u017cy uprawnionych do udzia\u0142u w niej na mocy sprawowanego \u201eurz\u0119du\u201d. Grupa ta obejmuje obecnego prze\u0142o\u017conego generalnego, jego dw\u00f3ch asystent\u00f3w, biskup\u00f3w, by\u0142ych prze\u0142o\u017conych generalnych, sekretarza generalnego, kwestora generalnego, prze\u0142o\u017conych dystrykt\u00f3w, rektor\u00f3w wy\u017cszych seminari\u00f3w oraz prze\u0142o\u017conych dom\u00f3w autonomicznych. Obejmuje tak\u017ce niekt\u00f3rych spo\u015br\u00f3d najstarszych kap\u0142an\u00f3w Bractwa, kt\u00f3rzy nie pe\u0142ni\u0105 \u017cadnej ze wspomnianych wy\u017cej funkcji. Liczebno\u015b\u0107 tej ostatniej grupy wynosi jedn\u0105 trzeci\u0105 liczby ksi\u0119\u017cy, kt\u00f3rzy uczestnicz\u0105 w kapitule na mocy sprawowanego urz\u0119du (tak wi\u0119c przyk\u0142adowo w sytuacji, gdyby by\u0142o 31 kap\u0142an\u00f3w pe\u0142ni\u0105cy te funkcje, w kapitule bra\u0142oby udzia\u0142 10 starszych kap\u0142an\u00f3w).<\/p>\r\n<p><strong>Jak wygl\u0105da porz\u0105dek obrad kapitu\u0142y i ile wynosi minimalna liczba g\u0142os\u00f3w koniecznych do wyboru prze\u0142o\u017conego generalnego oraz zatwierdzenia innych postanowie\u0144?<\/strong><\/p>\r\n<p>Kapitu\u0142a rozpoczyna si\u0119 od kr\u00f3tkiego sprawozdania sk\u0142adanego przez ust\u0119puj\u0105cego prze\u0142o\u017conego generalnego. Nast\u0119pnie uczestnicy wybieraj\u0105 nowego prze\u0142o\u017conego (kt\u00f3rym mo\u017ce zosta\u0107 r\u00f3wnie\u017c prze\u0142o\u017cony ust\u0119puj\u0105cy) wi\u0119kszo\u015bci\u0105 dw\u00f3ch trzecich g\u0142os\u00f3w. Z kolei przyst\u0119puje si\u0119 do wyboru pierwszego i drugiego asystenta &#8211; w tym przypadku do wyboru konieczne jest uzyskanie zwyk\u0142ej wi\u0119kszo\u015bci (50% plus 1).<\/p>\r\n<p><strong>Czy kapitu\u0142a generalna b\u0119dzie omawia\u0142a bie\u017c\u0105cy stan relacji z w\u0142adzami rzymskimi?<\/strong><\/p>\r\n<p>Powtarzam: je\u015bli pragniemy zachowa\u0107 wierno\u015b\u0107 naszym statutom, musimy uzna\u0107 szczeg\u00f3ln\u0105 rol\u0119 prze\u0142o\u017conego generalnego w kontaktach ze Stolic\u0105 Apostolsk\u0105 oraz dzia\u0142aniach maj\u0105cych na celu uregulowanie statusu kanonicznego Bractwa. Kapitu\u0142a generalna ma \u015bci\u015ble okre\u015blone funkcje: wyb\u00f3r rady g\u0142\u00f3wnej oraz przeanalizowanie przestrzegania statut\u00f3w w codziennym \u017cyciu cz\u0142onk\u00f3w Bractwa.<\/p>\r\n<p>W okresie przygotowania do kapitu\u0142y wszyscy cz\u0142onkowie FSSPX maj\u0105 sposobno\u015b\u0107 do przedstawienia na pi\u015bmie, do 31 grudnia poprzedniego roku, swoich postulat\u00f3w, uwag krytycznych oraz obaw. Nast\u0119pnie sekretarz generalny przesy\u0142a te uwagi do przeanalizowania siedmiu r\u00f3\u017cnym komisjom kapitu\u0142y. Na pocz\u0105tku obrad uczestnicy analizuj\u0105 te wnioski, aby ustali\u0107, czy owe tzw. <em>vota<\/em> s\u0105 istotnie kwestiami, kt\u00f3rymi winna si\u0119 zaj\u0105\u0107 kapitu\u0142a (nie ka\u017cda konkretna sprawa czy te\u017c osobisty problem stanowi\u0105 temat stosowny do zajmowania si\u0119 nim w jej trakcie). Nast\u0119pnie siedem komisji, kt\u00f3re zajmuj\u0105 si\u0119 analizowaniem nades\u0142anych uwag, przedk\u0142adaj\u0105 wybrane przez siebie sprawy pe\u0142nemu sk\u0142adowi kapitu\u0142y.<\/p>\r\n<p>Jest rzecz\u0105 oczywist\u0105, \u017ce prze\u0142o\u017cony generalny pragnie zapozna\u0107 si\u0119 z opiniami oraz pogl\u0105dami wszystkich uczestnik\u00f3w kapitu\u0142y.<\/p>\r\n<p><strong>Czy s\u0105 jakie\u015b inne wa\u017cne kwestie, kt\u00f3re b\u0119d\u0105 dyskutowane w trakcie najbli\u017cszej kapitu\u0142y generalnej?<\/strong><\/p>\r\n<p>Jest wiele istotnych spraw, kt\u00f3re bez w\u0105tpienia b\u0119d\u0105 omawiane: formacja i \u017cycie kap\u0142a\u0144skie, \u017cycie wsp\u00f3lnotowe i u\u015bwi\u0119canie naszych cz\u0142onk\u00f3w, znaczenie i gwa\u0142townie zmieniaj\u0105ca si\u0119 natura \u015brodk\u00f3w przekazu we wsp\u00f3\u0142czesnym \u015bwiecie. S\u0105dz\u0119, \u017ce najwa\u017cniejsz\u0105 spraw\u0105 jest zachowanie koniecznej r\u00f3wnowagi pomi\u0119dzy natur\u0105 naszego zgromadzenia (jeste\u015bmy instytutem kap\u0142a\u0144skim prowadz\u0105cym \u017cycie wsp\u00f3lnotowe) a formami naszej aktywno\u015bci (zak\u0142adanymi przez nas dzie\u0142ami, naszym apostolatem). Musimy odpowiedzie\u0107 sobie na pytanie, w jaki spos\u00f3b &#8211; bior\u0105c pod uwag\u0119 nasze ograniczone \u015brodki oraz tak wiele potrzeb zar\u00f3wno w Ko\u015bciele, jak i ca\u0142ym \u015bwiecie &#8211; mamy reagowa\u0107 na wszystkie kierowane do nas pro\u015bby.<\/p>\r\n<p><strong>Co mog\u0105 uczyni\u0107 wierni przed i w trakcie kapitu\u0142y, aby przyczyni\u0107 si\u0119 do jej owocnego przebiegu?<\/strong><\/p>\r\n<p>Dzi\u0119kuj\u0119 za to pytanie! Przez ostatnich sze\u015b\u0107 miesi\u0119cy we wszystkich naszych domach odmawiali\u015bmy modlitw\u0119 do Ducha \u015awi\u0119tego (<em>Przyjd\u017a, Duchu \u015awi\u0119ty, nape\u0142nij serca swoich wiernych\u2026<\/em>), a tak\u017ce wezwanie do Niepokalanego Serca Maryi oraz naszego patrona, \u015bw. Piusa X, prosz\u0105c o prawdziwie owocny przebieg obrad kapitu\u0142y generalnej. Tak\u017ce wierni s\u0105 zach\u0119cani do do\u0142\u0105czania w\u0142asnych modlitw oraz ofiar w tej intencji, aby Wszechmocny B\u00f3g b\u0142ogos\u0142awi\u0142 i wspiera\u0142 Bractwo za\u0142o\u017cone przez abp. Marcelego Lefebvre\u2019a jako dzie\u0142o Ko\u015bcio\u0142a katolickiego.<\/p>\r\n<div class=\"sources\">\r\n<p><strong>\u0179r\u00f3d\u0142o<\/strong><\/p>\r\n<ul>\r\n\t<li><a class=\"wpel-icon-right\" href=\"https:\/\/fsspx.news\/en\/news-events\/news\/interview-father-niklaus-pfluger-sspx-catholic-family-news-38721\" rel=\"external noopener noreferrer\" data-wpel-link=\"external\" data-slimstat=\"5\">Interview with Father Niklaus Pfluger, SSPX to Catholic Family News<\/a><\/li>\r\n<\/ul>\r\n<\/div>","protected":false},"excerpt":{"rendered":"Wywiad z ks. Miko\u0142ajem Pflugerem FSSPX, pierwszym asystentem prze\u0142o\u017conego generalnego FSSPX, przeprowadzi\u0142a redakcja \u201eCatholic Family News\u201d. W polskim t\u0142umaczeniu pomini\u0119to dwa pierwsze pytania, dotycz\u0105ce osoby ks. Pflugera i okoliczno\u015bci jego przylotu do USA. Ks. Miko\u0142aj Pfluger FSSPX, pierwszy asystent prze\u0142o\u017conego generalnego Bractwa \u015aw. Piusa X Przechodz\u0105c do tematu zbli\u017caj\u0105cej si\u0119 kapitu\u0142y generalnej &#8211; czy m\u00f3g\u0142by [&hellip;]","protected":false},"author":1,"featured_media":0,"comment_status":"closed","ping_status":"closed","sticky":false,"template":"","format":"standard","meta":{"_acf_changed":false,"_monsterinsights_skip_tracking":false,"_monsterinsights_sitenote_active":false,"_monsterinsights_sitenote_note":"","_monsterinsights_sitenote_category":0,"ngg_post_thumbnail":0,"footnotes":"","_wp_rev_ctl_limit":""},"categories":[3],"tags":[32],"acf":[],"_links":{"self":[{"href":"https:\/\/www.bibula.com\/index.php?rest_route=\/wp\/v2\/posts\/102327"}],"collection":[{"href":"https:\/\/www.bibula.com\/index.php?rest_route=\/wp\/v2\/posts"}],"about":[{"href":"https:\/\/www.bibula.com\/index.php?rest_route=\/wp\/v2\/types\/post"}],"author":[{"embeddable":true,"href":"https:\/\/www.bibula.com\/index.php?rest_route=\/wp\/v2\/users\/1"}],"replies":[{"embeddable":true,"href":"https:\/\/www.bibula.com\/index.php?rest_route=%2Fwp%2Fv2%2Fcomments&post=102327"}],"version-history":[{"count":0,"href":"https:\/\/www.bibula.com\/index.php?rest_route=\/wp\/v2\/posts\/102327\/revisions"}],"wp:attachment":[{"href":"https:\/\/www.bibula.com\/index.php?rest_route=%2Fwp%2Fv2%2Fmedia&parent=102327"}],"wp:term":[{"taxonomy":"category","embeddable":true,"href":"https:\/\/www.bibula.com\/index.php?rest_route=%2Fwp%2Fv2%2Fcategories&post=102327"},{"taxonomy":"post_tag","embeddable":true,"href":"https:\/\/www.bibula.com\/index.php?rest_route=%2Fwp%2Fv2%2Ftags&post=102327"}],"curies":[{"name":"wp","href":"https:\/\/api.w.org\/{rel}","templated":true}]}}