{"id":102221,"date":"2018-06-20T08:47:29","date_gmt":"2018-06-20T12:47:29","guid":{"rendered":"http:\/\/www.bibula.com\/?p=102221"},"modified":"2018-06-20T08:47:29","modified_gmt":"2018-06-20T12:47:29","slug":"piecdziesieciolecie-zakupu-econe","status":"publish","type":"post","link":"https:\/\/www.bibula.com\/?p=102221","title":{"rendered":"Pi\u0119\u0107dziesi\u0119ciolecie zakupu Ec\u00c3\u00b4ne"},"content":{"rendered":"<p>31 maja 1968 r. pi\u0119ciu \u015bwieckich przyjaci\u00f3\u0142 zakupi\u0142o od kanonik\u00f3w \u015bw. Bernarda gospodarstwo i by\u0142\u0105 szko\u0142\u0119 rolnicz\u0105 w Ec\u00c3\u00b4ne (Szwajcaria), \u201e\u017ceby unikn\u0105\u0107 powstania tam nocnego centrum rozrywki, a tak\u017ce [\u2026] w celu zachowania religijnego charakteru tego miejsca\u201d. Dok\u0142adnie p\u00f3\u0142 wieku p\u00f3\u017aniej, 31 maja 2018 r., bp Bernard Fellay przewodniczy\u0142 uroczysto\u015bciom Bo\u017cego Cia\u0142a w Ec\u00c3\u00b4ne. Zakup posiad\u0142o\u015bci w Ec\u00c3\u00b4ne i powstanie tam mi\u0119dzynarodowego seminarium \u015bw. Piusa X to niew\u0105tpliwe dzia\u0142anie Bo\u017cej Opatrzno\u015bci.<\/p>\r\n<p><img fetchpriority=\"high\" decoding=\"async\" class=\"aligncenter\" src=\"https:\/\/news.fsspx.pl\/wp-content\/uploads\/Econe-w-1968-i-1998-300x169.jpg\" width=\"598\" height=\"337\"><\/p>\r\n<p style=\"text-align: center;\"><em>Ec\u00c3\u00b4ne w 1968 i 1998<\/em><\/p>\r\n<p>W Wielki Czwartek 11 kwietnia 1968 r. Alfons Pedroni, przedsi\u0119biorca z pobliskiego miasteczka Saxon, s\u0142yszy w kawiarni, jak podpity m\u0119\u017cczyzna chwali si\u0119, \u017ce wkr\u00f3tce wysadzi w powietrze kaplic\u0119 w Ec\u00c3\u00b4ne. Wypytuj\u0105c o szczeg\u00f3\u0142y, dowiaduje si\u0119, \u017ce nale\u017c\u0105ce od XIV w. do kanonik\u00f3w \u015bw. Bernarda miejsce ma zosta\u0107 sprzedane \u015bwieckim. Chwil\u0119 potem informuje o tym zaj\u015bciu swego brata Marcelego &#8211; razem postanawiaj\u0105 odkupi\u0107 posiad\u0142o\u015b\u0107 w Ec\u00c3\u00b4ne, \u017ceby zachowa\u0107 jej religijny charakter i unikn\u0105\u0107 powstania tam siedliska rozpusty. Jeszcze tego samego dnia do dw\u00f3ch braci do\u0142\u0105czaj\u0105 Gracjan Rausis i Roger Lovey &#8211; ten drugi jest w\u00f3wczas prokuratorem generalnym w kantonie Valais i kuzynem prze\u0142o\u017conego kanonik\u00f3w \u015bw. Bernarda, ks. pra\u0142. Anio\u0142a Loveya. Dzi\u0119ki temu spotkanie z prze\u0142o\u017conym mog\u0142o si\u0119 odby\u0107 ju\u017c nazajutrz, w Wielki Pi\u0105tek.<\/p>\r\n<p>\u015awiadomi potrzeby zgromadzenia wystarczaj\u0105cych \u015brodk\u00f3w finansowych, \u201eratownicy\u201d duchowego wymiaru Ec\u00c3\u00b4ne sp\u0119dzaj\u0105 \u015bwi\u0119ta wielkanocne na przekonywaniu swoich znajomych &#8211; do\u0142\u0105cza do nich jednak tylko Gwidon Genoud. Ze wzgl\u0119du na zaawansowane rozmowy z innymi inwestorami kanonicy \u015bw. Bernarda daj\u0105 grupce przyjaci\u00f3\u0142 czas na z\u0142o\u017cenie oferty zakupu do 18 kwietnia, informuj\u0105c o rz\u0119dach wielko\u015bci innych ofert. W celu uzyskania dodatkowego wsparcia, pi\u0105tka m\u0119\u017cczyzn informuje ordynariusza Sion, bp. Franciszka Nestora Adama, o swoich zamiarach, po czym przekazuje kanonikom nast\u0119puj\u0105c\u0105 ofert\u0119:<\/p>\r\n<blockquote>\r\n<p>Nasze pobudki, kt\u00f3re chcemy jasno sprecyzowa\u0107 i podkre\u015bli\u0107, nie maj\u0105 \u017cadnego zwi\u0105zku z inwestycj\u0105 finansow\u0105. Ze wzgl\u0119du na swoj\u0105 przesz\u0142o\u015b\u0107 Ec\u00c3\u00b4ne ma dla nas wymiar religijny, wr\u0119cz zew religijny, i nie mo\u017cemy pozwoli\u0107, \u017ceby zosta\u0142 on porzucony bez nale\u017cytego rozpatrzenia.<\/p>\r\n<p>Wiemy, \u017ce jako gospodarstwo rolne posiad\u0142o\u015b\u0107 ta w obecnym stanie nie jest odpowiednio rentowna, dlatego jeste\u015bmy przekonani, \u017ce inwestorzy zainteresowani zakupem wykorzystaj\u0105 j\u0105 w taki spos\u00f3b, kt\u00f3ry przyniesie im wi\u0119kszy doch\u00f3d. Uwa\u017camy, \u017ce to miejsce \u015bwietnie nadawa\u0142oby si\u0119 na hotel, restauracj\u0119, kamping czy nawet dyskotek\u0119. Jest ono dogodnie po\u0142o\u017cone &#8211; z jednej strony le\u017cy w centrum [kantonu Valais], z drugiej &#8211; jest oddalone od [innych] zabudowa\u0144. Reali\u015bci, w tym ojcowie rodzin, kt\u00f3rymi jeste\u015bmy, wiedz\u0105, co to mo\u017ce oznacza\u0107 (dla obyczaj\u00f3w &#8211; przyp. t\u0142um.).<\/p>\r\n<p>Nasza decyzja jest wi\u0119c podyktowana jedynie trosk\u0105 o dwie rzeczy: \u017ceby unikn\u0105\u0107 powstania tam nocnego centrum rozrywki, a tak\u017ce &#8211; o ile b\u0119dzie to od nas zale\u017cne &#8211; w celu zachowania religijnego charakteru tego miejsca.<\/p>\r\n<\/blockquote>\r\n<p>Pi\u0119ciu \u201erealist\u00f3w\u201d zdecydowa\u0142o si\u0119 na z\u0142o\u017cenie oryginalnej oferty: nie chc\u0105c ani przep\u0142aci\u0107, ani da\u0107 oferty ni\u017cszej ni\u017c najwy\u017csza, oznajmili, \u017ce s\u0105 w stanie wyp\u0142aci\u0107 od razu kwot\u0119 od 100 do 150 tys. frank\u00f3w szwajcarskich, jednocze\u015bnie ustnie deklaruj\u0105c gotowo\u015b\u0107 zakupu posiad\u0142o\u015bci w cenie r\u00f3wnej najwy\u017cszej ze z\u0142o\u017conych ofert. Ju\u017c nast\u0119pnego dnia otrzymali informacj\u0119, \u017ce, zwa\u017cywszy na ich pobudki, kapitu\u0142a kanonik\u00f3w udziela im pierwsze\u0144stwa zakupu za kwot\u0119 410 tys. frank\u00f3w, z czego 150 tys. ma zosta\u0107 wp\u0142acone ju\u017c w chwili podpisania aktu zakupu. Dopiero w\u00f3wczas przyszli nabywcy udali si\u0119 na dok\u0142adne ogl\u0119dziny ca\u0142ej posiad\u0142o\u015bci\u2026 Tak wi\u0119c tych pi\u0119ciu pobo\u017cnych \u015bwieckich w chwili, gdy zdecydowa\u0142o si\u0119 na zakup tego miejsca i szuka\u0142o potrzebnych \u015brodk\u00f3w, nie zna\u0142o jeszcze ani jego powierzchni, ani granic, ani stanu budynk\u00f3w &#8211; trudno o wi\u0119kszy dow\u00f3d na bezinteresowno\u015b\u0107 ich dzia\u0142ania!<\/p>\r\n<p>31 maja 1968 r., w \u015bwi\u0119to Maryi Kr\u00f3lowej, Gracjan Rausis, Roger Lovey, Gwidon Genoud oraz Alfons i Marceli Pedroni podpisali akt zakupu Ec\u00c3\u00b4ne. Nowi w\u0142a\u015bciciele obrali Maryj\u0119 Kr\u00f3low\u0105 za patronk\u0119 miejsca, zachowuj\u0105c jednocze\u015bnie dotychczasowy patronat Matki Bo\u017cej Polnej<sup class=\"footnote\"><a id=\"markerref-7833-1\" href=\"https:\/\/news.fsspx.pl\/2018\/06\/piecdziesieciolecie-zakupu-econe\/#marker-7833-1\" data-wpel-link=\"internal\" data-slimstat=\"5\">1<\/a><\/sup> w oficjalnym nazewnictwie sp\u00f3\u0142ki: \u201eRausis i wsp\u00f3lnicy, Matka Bo\u017ca Polna, z siedzib\u0105 w Ec\u00c3\u00b4ne\u201d.<\/p>\r\n<p>Biskup Adam podzi\u0119kowa\u0142 im za ich starania, wyra\u017caj\u0105c jednocze\u015bnie sceptycyzm co do mo\u017cliwo\u015bci przekszta\u0142cenia Ec\u00c3\u00b4ne w centrum duchowe w dobie kryzysu powo\u0142a\u0144\u2026 Pr\u00f3ba uczynienia z Ec\u00c3\u00b4ne domu dla karmelitanek z Mont\u00c3\u00a9limar we Francji zako\u0144czy\u0142a si\u0119 fiaskiem. Kolejna zainteresowana, prze\u0142o\u017cona urszulanek z Sion, w przeddzie\u0144 wizyty z\u0142ama\u0142a nog\u0119 i anulowa\u0142a spotkanie. Nast\u0119pnego dnia &#8211; a dzia\u0142o si\u0119 to w marcu 1969 r. &#8211; za po\u015brednictwem proboszcza ks. Henryka Boivina z parafii w Fully, z Rogerem Loveyem spotka\u0142 si\u0119 abp Marceli Lefebvre. Arcybiskup poszukiwa\u0142 w\u00f3wczas miejsca, w kt\u00f3rym m\u00f3g\u0142by zorganizowa\u0107 rok duchowo\u015bci dla seminarzyst\u00f3w z konwiktu, kt\u00f3ry prowadzi\u0142 dla ch\u0119tnych do kap\u0142a\u0144stwa w szwajcarskim Fryburgu. Decyzja zapad\u0142a jednak dopiero rok p\u00f3\u017aniej: 22 maja 1970 r. podczas obiadu abp Lefebvre spotka\u0142 pi\u0119ciu w\u0142a\u015bcicieli Ec\u00c3\u00b4ne i proboszcza z pobliskiego Riddes, ks. Piotra Epineya. Pod koniec obiadu Alfons Pedroni, dot\u0105d tajemniczo milcz\u0105cy, wypowiedzia\u0142 s\u0142owa, kt\u00f3re okaza\u0142y si\u0119 prorocze: \u201eOt\u00f3\u017c, Ekscelencjo, powiadam Wam, \u017ce o seminarium w Ec\u00c3\u00b4ne b\u0119dzie si\u0119 m\u00f3wi\u0107 na ca\u0142ym \u015bwiecie!\u201d. Kolejne znaki Opatrzno\u015bci przysz\u0142y bardzo szybko: w czerwcu 1970 r. bp Adam ze Sion zaakceptowa\u0142 plan zaj\u0119\u0107 rocznika duchowo\u015bci, a 1 listopada 1970 r. biskup Franciszek Charri\u00c3\u00a8re uzna\u0142 statuty Bractwa Kap\u0142a\u0144skiego \u015awi\u0119tego Piusa X, kt\u00f3re erygowa\u0142 w diecezji Fryburg. W nast\u0119pnym roku akademickim (1971-1972), za zgod\u0105 bp. Adama wyra\u017con\u0105 26 grudnia 1970 r., do seminarium w Ec\u00c3\u00b4ne wprowadzono pierwszy rok filozofii.<\/p>\r\n<p>Pi\u0119\u0107dziesi\u0105t lat p\u00f3\u017aniej Bractwo Kap\u0142a\u0144skie \u015aw. Piusa X liczy 637 kap\u0142an\u00f3w i 204 seminarzyst\u00f3w, udzielaj\u0105c tradycyjnej formacji kap\u0142a\u0144skiej w sze\u015bciu seminariach na czterech kontynentach. W czerwcu br. &#8211; miesi\u0105cu po\u015bwi\u0119conym Naj\u015bwi\u0119tszemu Sercu Jezusowemu &#8211; w seminariach p\u00f3\u0142kuli p\u00f3\u0142nocnej \u015bwi\u0119cenia kap\u0142a\u0144skie otrzyma \u0142\u0105cznie 16 diakon\u00f3w z Bractwa.<\/p>\r\n<p>Zdj\u0119cia z procesji Bo\u017cego Cia\u0142a w pi\u0119\u0107dziesi\u0119ciolecie zakupu Ec\u00c3\u00b4ne, z udzia\u0142em fanfary<sup class=\"footnote\"><a id=\"markerref-7833-2\" href=\"https:\/\/news.fsspx.pl\/2018\/06\/piecdziesieciolecie-zakupu-econe\/#marker-7833-2\" data-wpel-link=\"internal\" data-slimstat=\"5\">2<\/a><\/sup> \u201eLa Marceline\u201d (nazwanej tak na cz\u0119\u015b\u0107 abp. Lefebvre\u2019a), mo\u017cna obejrze\u0107 w <a class=\"wpel-icon-right\" href=\"http:\/\/laportelatine.org\/publications\/presse\/econe\/180603_fete_dieu_econe\/180603_fete_dieu_econe.php\" rel=\"external noopener noreferrer\" data-wpel-link=\"external\" data-slimstat=\"5\">serwisie La Porte Latine<\/a>.<\/p>\r\n<div class=\"sources\">\r\n<p><strong>\u0179r\u00f3d\u0142a<\/strong><\/p>\r\n<ul>\r\n\t<li><a class=\"wpel-icon-right\" href=\"http:\/\/fsspx.news\/fr\/news-events\/news\/50e-anniversaire-achat-econe-38371\" rel=\"external noopener noreferrer\" data-wpel-link=\"external\" data-slimstat=\"5\">50e anniversaire de l\u2019achat d\u2019Ec\u00c3\u00b4ne<\/a><\/li>\r\n\t<li><a class=\"wpel-icon-right\" href=\"http:\/\/fsspx.news\/fr\/news-events\/news\/c%C3%A9l%C3%A9bration-de-la-f%C3%AAte-dieu-%C3%A0-ec%C3%B4ne-38399\" rel=\"external noopener noreferrer\" data-wpel-link=\"external\" data-slimstat=\"5\">C\u00c3\u00a9l\u00c3\u00a9bration de la F\u00c3\u00aate-Dieu \u00c3\u00a0 Ec\u00c3\u00b4ne <\/a><\/li>\r\n\t<li><a class=\"wpel-icon-right\" href=\"http:\/\/www.piusx.org.pl\/zawsze_wierni\/artykul\/184\" rel=\"external noopener noreferrer\" data-wpel-link=\"external\" data-slimstat=\"5\">Historia ko\u015bcio\u0142a w Ec\u00c3\u00b4ne<\/a><\/li>\r\n<\/ul>\r\n<div class=\"sources\">\r\n<p><strong>Zobacz te\u017c<\/strong><\/p>\r\n<ul>\r\n\t<li><a href=\"https:\/\/news.fsspx.pl\/2013\/09\/ks-lucjan-gabioud-crb-duchowy-ojciec-kosciola-w-econe\/\" data-wpel-link=\"internal\" data-slimstat=\"5\">Ks. Lucjan Gabioud CRB &#8211; duchowy ojciec ko\u015bcio\u0142a w Ec\u00c3\u00b4ne<\/a><\/li>\r\n<\/ul>\r\n<div id=\"footnotes-7833\" class=\"footnotes\">\r\n<div class=\"footnotedivider\">[<strong>Przypisy:<\/strong>]\r\n\r\n<ol>\r\n\t<li id=\"marker-7833-1\">W oryginale Notre Dame des Champs &#8211; przyp. red. WTK.<\/li>\r\n\t<li id=\"marker-7833-2\">Orkiestra d\u0119ta.<\/li>\r\n<\/ol>\r\n<\/div>\r\n<\/div>\r\n<\/div>\r\n<\/div>","protected":false},"excerpt":{"rendered":"31 maja 1968 r. pi\u0119ciu \u015bwieckich przyjaci\u00f3\u0142 zakupi\u0142o od kanonik\u00f3w \u015bw. Bernarda gospodarstwo i by\u0142\u0105 szko\u0142\u0119 rolnicz\u0105 w Ec\u00c3\u00b4ne (Szwajcaria), \u201e\u017ceby unikn\u0105\u0107 powstania tam nocnego centrum rozrywki, a tak\u017ce [\u2026] w celu zachowania religijnego charakteru tego miejsca\u201d. Dok\u0142adnie p\u00f3\u0142 wieku p\u00f3\u017aniej, 31 maja 2018 r., bp Bernard Fellay przewodniczy\u0142 uroczysto\u015bciom Bo\u017cego Cia\u0142a w Ec\u00c3\u00b4ne. Zakup [&hellip;]","protected":false},"author":1,"featured_media":0,"comment_status":"closed","ping_status":"closed","sticky":false,"template":"","format":"standard","meta":{"_acf_changed":false,"_monsterinsights_skip_tracking":false,"_monsterinsights_sitenote_active":false,"_monsterinsights_sitenote_note":"","_monsterinsights_sitenote_category":0,"ngg_post_thumbnail":0,"footnotes":"","_wp_rev_ctl_limit":""},"categories":[3],"tags":[32],"acf":[],"_links":{"self":[{"href":"https:\/\/www.bibula.com\/index.php?rest_route=\/wp\/v2\/posts\/102221"}],"collection":[{"href":"https:\/\/www.bibula.com\/index.php?rest_route=\/wp\/v2\/posts"}],"about":[{"href":"https:\/\/www.bibula.com\/index.php?rest_route=\/wp\/v2\/types\/post"}],"author":[{"embeddable":true,"href":"https:\/\/www.bibula.com\/index.php?rest_route=\/wp\/v2\/users\/1"}],"replies":[{"embeddable":true,"href":"https:\/\/www.bibula.com\/index.php?rest_route=%2Fwp%2Fv2%2Fcomments&post=102221"}],"version-history":[{"count":0,"href":"https:\/\/www.bibula.com\/index.php?rest_route=\/wp\/v2\/posts\/102221\/revisions"}],"wp:attachment":[{"href":"https:\/\/www.bibula.com\/index.php?rest_route=%2Fwp%2Fv2%2Fmedia&parent=102221"}],"wp:term":[{"taxonomy":"category","embeddable":true,"href":"https:\/\/www.bibula.com\/index.php?rest_route=%2Fwp%2Fv2%2Fcategories&post=102221"},{"taxonomy":"post_tag","embeddable":true,"href":"https:\/\/www.bibula.com\/index.php?rest_route=%2Fwp%2Fv2%2Ftags&post=102221"}],"curies":[{"name":"wp","href":"https:\/\/api.w.org\/{rel}","templated":true}]}}