{"id":102209,"date":"2018-06-19T10:30:19","date_gmt":"2018-06-19T14:30:19","guid":{"rendered":"http:\/\/www.bibula.com\/?p=102209"},"modified":"2018-06-19T10:30:19","modified_gmt":"2018-06-19T14:30:19","slug":"kuzyn-krolowej-elzbiety-wezmie-slub-z-mezczyzna-do-oltarza-poprowadzi-go-byla-zona","status":"publish","type":"post","link":"https:\/\/www.bibula.com\/?p=102209","title":{"rendered":"Kuzyn Kr\u00f3lowej El\u017cbiety we\u017amie \u201e\u015blub&#8221; z m\u0119\u017cczyzn\u0105. Do o\u0142tarza poprowadzi go&#8230;by\u0142a \u017cona"},"content":{"rendered":"<p><strong>Dalszy kuzyn kr\u00f3lowej El\u017cbiety II, lord Ivar Mounbatten wraz ze swoim partnerem pobior\u0105 si\u0119 jeszcze tego lata. Tym samym b\u0119dzie to pierwszy homo\u015blub w rodzinie kr\u00f3lewskiej, kt\u00f3ra w pe\u0142ni zaakceptowa\u0142a decyzj\u0119 cz\u0142onka rodziny.<\/strong><\/p>\r\n<p>Ivar ujawni\u0142 \u015bwiatu swoje homoseksualne sk\u0142onno\u015bci w 2016 r. Dla swojego nowego partnera Jamesa Coyla zostawi\u0142 \u017con\u0119 i tr\u00f3jk\u0119 dzieci. Mia\u0142 wtedy 53 lata.<\/p>\r\n<p>W tym wszystkim reakcja rodziny wydaje si\u0119 co najmniej dziwna. Nie tylko nie sprzeciwiono si\u0119 decyzji Mountbattena, ale jednocze\u015bnie zar\u00f3wno bliska, jak i dalsza rodzina wyrazi\u0142a swoj\u0105 pe\u0142n\u0105 aprobat\u0119. Ceremonia homoza\u015blubin odb\u0119dzie si\u0119 w prywatnej kaplicy w Devon. Do o\u0142tarza poprowadzi Ivara jego by\u0142a \u017cona, a w ceremonii wezm\u0105 udzia\u0142 jego trzy c\u00f3rki.<\/p>\r\n<p>&#8211; <em>Bycie Mountbattenem nigdy nie by\u0142o problemem &#8211; chodzi\u0142o o pokolenie, w kt\u00f3rym si\u0119 urodzi\u0142em. Kiedy dorasta\u0142em, m\u00f3wi\u0142o si\u0119 o tym \u201emi\u0142o\u015b\u0107, kt\u00f3ra nie \u015bmie wymawia\u0107 swojej nazwy\u201d, ale to niesamowite, jak daleko zaszli\u015bmy w kwestii akceptacji<\/em> &#8211; nie ukrywa\u0142 swojego zadowolenia sam zaintresowany.<\/p>\r\n<p>Ivar Mounbatten&nbsp;jest m\u0142odszym synem Davida Mountbattena, trzeciego markiza Milford Haven i jego drugiej \u017cony Janet Mercedes Bryce. Jako krewny ksi\u0119cia Filipa i kr\u00f3lowej El\u017cbiety II oraz praprawnuk kr\u00f3lowej Wiktorii zajmuje 643. miejsce w sukcesji do tronu brytyjskiego.<\/p>\r\n<p>\u0179r\u00f3d\u0142o: lifesitenews.com \/ wprost.pl<\/p>\r\n<p>PR<\/p>","protected":false},"excerpt":{"rendered":"Dalszy kuzyn kr\u00f3lowej El\u017cbiety II, lord Ivar Mounbatten wraz ze swoim partnerem pobior\u0105 si\u0119 jeszcze tego lata. Tym samym b\u0119dzie to pierwszy homo\u015blub w rodzinie kr\u00f3lewskiej, kt\u00f3ra w pe\u0142ni zaakceptowa\u0142a decyzj\u0119 cz\u0142onka rodziny. Ivar ujawni\u0142 \u015bwiatu swoje homoseksualne sk\u0142onno\u015bci w 2016 r. Dla swojego nowego partnera Jamesa Coyla zostawi\u0142 \u017con\u0119 i tr\u00f3jk\u0119 dzieci. Mia\u0142 wtedy [&hellip;]","protected":false},"author":1,"featured_media":0,"comment_status":"closed","ping_status":"closed","sticky":false,"template":"","format":"standard","meta":{"_acf_changed":false,"_monsterinsights_skip_tracking":false,"ngg_post_thumbnail":0,"footnotes":"","_wp_rev_ctl_limit":""},"categories":[6],"tags":[26,158,220],"acf":[],"_links":{"self":[{"href":"https:\/\/www.bibula.com\/index.php?rest_route=\/wp\/v2\/posts\/102209"}],"collection":[{"href":"https:\/\/www.bibula.com\/index.php?rest_route=\/wp\/v2\/posts"}],"about":[{"href":"https:\/\/www.bibula.com\/index.php?rest_route=\/wp\/v2\/types\/post"}],"author":[{"embeddable":true,"href":"https:\/\/www.bibula.com\/index.php?rest_route=\/wp\/v2\/users\/1"}],"replies":[{"embeddable":true,"href":"https:\/\/www.bibula.com\/index.php?rest_route=%2Fwp%2Fv2%2Fcomments&post=102209"}],"version-history":[{"count":0,"href":"https:\/\/www.bibula.com\/index.php?rest_route=\/wp\/v2\/posts\/102209\/revisions"}],"wp:attachment":[{"href":"https:\/\/www.bibula.com\/index.php?rest_route=%2Fwp%2Fv2%2Fmedia&parent=102209"}],"wp:term":[{"taxonomy":"category","embeddable":true,"href":"https:\/\/www.bibula.com\/index.php?rest_route=%2Fwp%2Fv2%2Fcategories&post=102209"},{"taxonomy":"post_tag","embeddable":true,"href":"https:\/\/www.bibula.com\/index.php?rest_route=%2Fwp%2Fv2%2Ftags&post=102209"}],"curies":[{"name":"wp","href":"https:\/\/api.w.org\/{rel}","templated":true}]}}