{"id":102204,"date":"2018-06-19T10:19:17","date_gmt":"2018-06-19T14:19:17","guid":{"rendered":"http:\/\/www.bibula.com\/?p=102204"},"modified":"2018-06-19T10:19:17","modified_gmt":"2018-06-19T14:19:17","slug":"kto-stoi-za-swiatowa-rada-kosciolow-w-czwartek-jej-siedzibe-odwiedzi-franciszek","status":"publish","type":"post","link":"https:\/\/www.bibula.com\/?p=102204","title":{"rendered":"Kto stoi za \u015awiatow\u0105 Rad\u0105 Ko\u015bcio\u0142\u00f3w? W czwartek jej siedzib\u0119 odwiedzi Franciszek"},"content":{"rendered":"<p><strong>Papie\u017c Franciszek w czwartek udaje si\u0119 na kr\u00f3tk\u0105, jednodniow\u0105 pielgrzymk\u0119 do Szwajcarii. W Genewie odb\u0119dzie ekumeniczne spotkanie z przedstawicielami za\u0142o\u017conej z inicjatywy rodziny Rockefeller\u00f3w \u015awiatowej Rady Ko\u015bcio\u0142\u00f3w (World Council of Churches) dzia\u0142aj\u0105cej przy ONZ.<\/strong><\/p>\r\n<p>Skupia ona przede wszystkim denominacje protestanckie. Papie\u017c jedzie na obchody upami\u0119tniaj\u0105ce 70-lecie postania \u015awiatowej Rady Ko\u015bcio\u0142\u00f3w propaguj\u0105cej Agend\u0119 30, a tak\u017ce w celu upami\u0119tnienia rebelii sprzed prawie 500 lat temu, czyli kalwinizmu, kt\u00f3ry narodzi\u0142 si\u0119 w stolicy Szwajcarii i rozprzestrzeni\u0142 na inne kraje.<\/p>\r\n<p>\u201eEkumeniczna pielgrzymka\u201d Franciszka &#8211; jak si\u0119 nazywa planowan\u0105 we czwartek podr\u00f3\u017c do stolicy dyplomacji &#8211; ma da\u0107 nowy impuls do zjednoczenia chrze\u015bcijan.<\/p>\r\n<p>Franciszek wyruszy z Rzymu o 8:30 w czwartek. Przyb\u0119dzie do Genewy na 10.10. Po osobistym spotkaniu z prezydentem konfederacji szwajcarskiej, Alainem Bersetem, uda si\u0119 do siedziby \u015awiatowej Rady Ko\u015bcio\u0142\u00f3w (WCC), gdzie wyg\u0142osi homili\u0119 podczas ekumenicznego nabo\u017ce\u0144stwa modlitewnego.<\/p>\r\n<p>WCC powsta\u0142a w 1948 r., wyodr\u0119bniaj\u0105c si\u0119 z wcze\u015bniej dzia\u0142aj\u0105cych organizacji religijnych za\u0142o\u017conych z inicjatywy klanu Rockefeller\u00f3w. Mia\u0142a ona u\u0142atwi\u0107 podporz\u0105dkowanie narod\u00f3w globalizacji realizowanej poprzez agendy oenzetowskie z polecenia bogatych filantrop\u00f3w. Obecnie takim programem jest Agenda Zr\u00f3wnowa\u017conego Rozwoju 2030.<\/p>\r\n<p>Pierwsze spotkanie \u015awiatowej Rady Ko\u015bcio\u0142\u00f3w odby\u0142o si\u0119 w Amsterdamie w sierpniu 1948 roku. Ostatecznie siedzib\u0105 Rady zosta\u0142a Genewa, gdzie znajduje si\u0119 drugie co do wielko\u015bci biuro Organizacji Narod\u00f3w Zjednoczonych.<\/p>\r\n<p>Na pocz\u0105tku \u015awiatowa Rada Ko\u015bcio\u0142\u00f3w obejmowa\u0142a 147 denominacji, g\u0142\u00f3wnie z Europy i Ameryki P\u00f3\u0142nocnej. Dzi\u015b w jej sk\u0142ad wchodzi 348 wsp\u00f3lnot, g\u0142\u00f3wnie protestanckich z ponad 110 kraj\u00f3w na sze\u015bciu kontynentach, reprezentuj\u0105cych 560 milion\u00f3w chrze\u015bcijan.<\/p>\r\n<p>Podczas gdy Ko\u015bci\u00f3\u0142 Rzymskokatolicki nigdy nie przy\u0142\u0105czy\u0142 si\u0119 do tej inicjatywy jako oficjalny cz\u0142onek, ma tam swoich obserwator\u00f3w i sta\u0142ego przedstawiciela Komisji Wiary i Ustroju. Watykan uczestniczy\u0142 w licznych inicjatywach \u015awiatowej Rady Ko\u015bcio\u0142\u00f3w.<\/p>\r\n<p>W wywiadzie dla Crux, ksi\u0105dz Andrzej Choroma\u0144ski, urz\u0119dnik Papieskiej Rady ds. Promowania Jedno\u015bci Chrze\u015bcijan i cz\u0142onek komisji powiedzia\u0142: \u201ezasadniczym przes\u0142aniem [tej podr\u00f3\u017cy] jest powiedzenie, \u017ce Ko\u015bci\u00f3\u0142 katolicki uznaje wielki wk\u0142ad \u015awiatowej Rady Ko\u015bcio\u0142\u00f3w w rozw\u00f3j nowoczesnego ruchu ekumenicznego\u201d. Choroma\u0144ski opisa\u0142 wsp\u00f3\u0142prac\u0119 jako nie tylko teologiczn\u0105 i doktrynaln\u0105, ale tak\u017ce praktyczn\u0105.<\/p>\r\n<p>Franciszek z inicjatywy Rady m.in. wyda\u0142 wsp\u00f3lne o\u015bwiadczenie z patriarch\u0105 Bart\u0142omiejem z okazji \u015awiatowego Dnia Modlitwo Ochron\u0119 Stworzenia we wrze\u015bniu 2017 r. oraz wsp\u00f3lne o\u015bwiadczenie z luteranami w pa\u017adzierniku 2016 r. w sprawie 500. rocznicy reformacji.<\/p>\r\n<p>Marcelo Figueroa, argenty\u0144ski teolog protestancki, kt\u00f3rego osobi\u015bcie papie\u017c ustanowi\u0142 redaktorem argenty\u0144skiej wersji gazety watyka\u0144skiej &#8211; \u201eL&#8217;Osservatore Romano\u201d spodziewa si\u0119 konkretnego o\u015bwiadczenia z czwartkowego spotkania z Rad\u0105, kt\u00f3re mo\u017ce dotyczy\u0107 kwestii imigracji i tzw. ekologii integralnej. Ma ono \u201eotworzy\u0107 nowe \u015bcie\u017cki teologiczne\u201d i globalnej wsp\u00f3\u0142pracy w zakresie konkretnych rozwi\u0105za\u0144.<\/p>\r\n<p>Po porannej modlitwie Franciszek zje lunch w Ekumenicznym Instytucie w Bossey z kierownictwem WCC. Instytut usytuowany na obrze\u017cach Genewy w XVIII-wiecznym zamku, zosta\u0142 za\u0142o\u017cony jako \u201emiejsce pojednania,\u201d maj\u0105ce u\u0142atwi\u0107 realizacj\u0119 cel\u00f3w federalist\u00f3w po II wojnie \u015bwiatowej.<\/p>\r\n<p>Tym razem nie przewidziano w programie spotkania z ubogimi, chorymi czy ofiarami handlu lud\u017ami albo innymi zmarginalizowanymi cz\u0142onkami spo\u0142ecze\u0144stwa.<\/p>\r\n<p>Po obiedzie Franciszek raz jeszcze zwr\u00f3ci si\u0119 do cz\u0142onk\u00f3w \u015awiatowej Rady Ko\u015bcio\u0142\u00f3w w bardziej formalnym przem\u00f3wieniu, gdzie ma zarysowa\u0107 szerok\u0105 wizj\u0119 chrze\u015bcija\u0144skiej jedno\u015bci. Podobnie jak w przypadku wizyty w Lund w Szwecji w 2016 r., uwagi papie\u017ca prawdopodobnie b\u0119d\u0105 koncentrowa\u0107 si\u0119 na przysz\u0142o\u015bci, a nie na przesz\u0142o\u015bci i b\u0119d\u0105 odzwierciedla\u0107 ide\u0119 ekumenicznych relacji Ko\u015bcio\u0142a z protestantami.<\/p>\r\n<p>Odair Mateus, dyrektor Komisji Wiary i Ustroju w WCC wskazuje, \u017ce pielgrzymka papie\u017ca Franciszka w Genewie b\u0119dzie naznaczona przyk\u0142adem \u201e\u017cyj\u0105cego ekumenizmu\u201d, kt\u00f3ry charakteryzuje si\u0119 podejmowaniem wsp\u00f3\u0142pracy w r\u00f3\u017cnych dziedzinach.<\/p>\r\n<p>Papie\u017c odprawi r\u00f3wnie\u017c Msz\u0119 dla szwajcarskich katolik\u00f3w &#8211; pierwsz\u0105 papiesk\u0105 Msz\u0119, kt\u00f3ra odb\u0119dzie si\u0119 w kraju od czasu, gdy Jan Pawe\u0142 II odwiedzi\u0142 Szwajcari\u0119 w 2004 r.<\/p>\r\n<p>Genewa jest drugim najbardziej zaludnionym miastem w Szwajcarii, zamieszka\u0142ym przez oko\u0142o 3 miliony katolik\u00f3w. Niemal 70 tys. os\u00f3b wzi\u0119\u0142o udzia\u0142 w papieskiej mszy w 2004 r.<\/p>\r\n<p>Podczas odprawiania Mszy dla katolik\u00f3w szwajcarskich do Franciszka do\u0142\u0105czy biskup Karol Morerod z diecezji Lozanna , Genewa i Fryburg. Kap\u0142an &#8211; zanim zosta\u0142 biskupem &#8211; by\u0142 rektorem w Angelicum, a od 2009 roku cz\u0142onkiem zespo\u0142u watyka\u0144skiego, maj\u0105cym na celu pojednanie z Bractwem \u015awi\u0119tego Piusa X, ustanowionym w 1970 r. po odrzuceniu nauczania Soboru Watyka\u0144skiego II.<\/p>\r\n<p>W niedawnym wywiadzie dla jezuickiego dziennika \u201eLa Civilt\u00c3\u00a0 Cattolica\u201d, sekretarz generalny \u015awiatowej Rady Ko\u015bcio\u0142\u00f3w, dr Olav Fykse Tveit opisa\u0142 aktualny stan stosunk\u00f3w ekumenicznych z Ko\u015bcio\u0142em jako \u201enow\u0105 wiosn\u0119\u201d.<\/p>\r\n<p>Tveit przyzna\u0142 jednak, \u017ce podczas gdy wsp\u00f3lnoty tworz\u0105ce Rad\u0119 zgadzaj\u0105 si\u0119 w kwestiach dotycz\u0105cych zwalczania ub\u00f3stwa, g\u0142odu i zmian klimatycznych, denominacje s\u0105 mocno podzielone odno\u015bnie kwestii takich, jak: seksualno\u015b\u0107.<\/p>\r\n<p>Kardyna\u0142 Donald Wuerl z Waszyngtonu, kt\u00f3ry jest cz\u0142onkiem Papieskiej Rady ds. Promowania Jedno\u015bci Chrze\u015bcijan przekonuje, \u017ce chrze\u015bcijan wi\u0119cej \u0142\u0105czy ni\u017c dzieli, a wizyta papie\u017ca ma to podkre\u015bli\u0107.<\/p>\r\n<p>Franciszek ma opu\u015bci\u0107 Genew\u0119 jeszcze tego samego dnia o godz. 20.00. W samolocie tradycyjnie odb\u0119dzie si\u0119 konferencja prasowa. Ks. Choroma\u0144ski podkre\u015bla, \u017ce zadawane przez dziennikarzy pytania nie powinny przy\u0107mi\u0107 g\u0142\u00f3wnego tematu podr\u00f3\u017cy, czyli \u201echodzi\u0107 i modli\u0107 si\u0119 razem\u201d. Zamiast m\u00f3wi\u0107 o blokadach \u201edynamicznego ekumenizmu\u201d, wed\u0142ug Choromanskiego, \u201emusimy wsp\u00f3lnie podj\u0105\u0107 te wyzwania\u201d wraz ze zobowi\u0105zaniem do wsp\u00f3lnej pracy.<\/p>\r\n<p>Charles E. Harvey, profesor historii na California State University, kt\u00f3ry bada\u0142 histori\u0119 \u015awiatowego Ruchu Ko\u015bcio\u0142\u00f3w i szeroko pojmowanego Interchurch World Movement, w artykule z 1982 roku zatytu\u0142owanym \u201eJohn D. Rockefeller, Jr. Interchurch World Movement 1919-1920: A different Angle on the Ecumenical Movement\u201d wskazuje na rol\u0119 nowej \u201espo\u0142ecznej ewangelii\u201d i wynikaj\u0105cej z tego tytu\u0142u walki pomi\u0119dzy konserwatywnymi chrze\u015bcijanami a libera\u0142ami. Harvey odkry\u0142, \u017ce informacje, do kt\u00f3rych wi\u0119kszo\u015b\u0107 historyk\u00f3w i badaczy si\u0119ga\u0142a w swoich badaniach pisz\u0105c o tych kwestiach, zosta\u0142y przygotowane bezpo\u015brednio przez prawnika Johna D. Rockefellera Jr., cz\u0142owieka o nazwisku Raymond B. Fosdick. Szkodliwe informacje, pisze Harvey, by\u0142y \u201e(&#8230;) skompilowane w\u0142a\u015bnie po to, by ukry\u0107 prawdziw\u0105 rol\u0119, jak\u0105 Rockefeller odgrywa\u0142 w organizacji.\u201d Harvey udokumentowa\u0142 pro\u015bb\u0119 Johna D. Rockefellera Jr. skierowan\u0105 do swojego ojca o przyznanie od 50 do 100 milion\u00f3w dolar\u00f3w, aby skonsolidowa\u0107 ko\u015bcio\u0142y. Chcia\u0142 stworzy\u0107 fundacj\u0119, kt\u00f3ra wykorzysta\u0142aby IWM do administracyjnej konsolidacji denominacji na wz\u00f3r wielkiego biznesu. Fundacja mia\u0142a zwi\u0105za\u0107 duchownych uczestnicz\u0105cych ko\u015bcio\u0142\u00f3w we wsp\u00f3lnym funduszu emerytalnym i zjednoczy\u0107 denominacyjne \u201ezagraniczne oraz lokalne dzia\u0142ania,\u201d by IWM mia\u0142o potencjalnie wi\u0119kszy wp\u0142yw ni\u017c Liga Narod\u00f3w.<\/p>\r\n<p>Po upadku IWM, w jej miejsce powsta\u0142a \u015awiatowa Rada Ko\u015bcio\u0142\u00f3w, kt\u00f3ra ma by\u0107 wykorzystana przez inne organizacje wspierane finansowo przez Rockefeller\u00f3w w celu u\u0142atwienia wprowadzenia globalnej w\u0142adzy. Rada mia\u0142aby stworzy\u0107 co\u015b w rodzaju globalnej religii.<\/p>\r\n<p>Siedziba \u015awiatowej Rady Ko\u015bcio\u0142\u00f3w &#8211; Chateau de Bossey, gdzie znajduje si\u0119 Ekumeniczny Instytut &#8211; zosta\u0142a zakupiona za pieni\u0105dze Rockefeller\u00f3w.<\/p>\r\n<p>Podczas trzeciego zgromadzenia \u015awiatowej Rady Ko\u015bcio\u0142\u00f3w w New Delhi w 1961 roku m\u00f3wiono o potrzebie nowego porz\u0105dku mi\u0119dzynarodowego, \u015bwiatowego rz\u0105du, wsp\u00f3\u0142zale\u017cno\u015bci, rezygnacji z suwerenno\u015bci narodowej na rzecz organizacji mi\u0119dzynarodowych.<\/p>\r\n<p>Na swojej stronie Rada podkre\u015bla, \u017ce jest zaanga\u017cowana poprzez ekumeniczne dzia\u0142ania w realizacj\u0119 za\u0142o\u017ce\u0144 i idea\u0142\u00f3w zawartych w Karcie Narod\u00f3w Zjednoczonych, a tak\u017ce w warto\u015bci etyczne, moralne i duchowe, na kt\u00f3rych musz\u0105 si\u0119 opiera\u0107 stosunki mi\u0119dzynarodowe.<\/p>\r\n<p>\u201eMy\u015bl spo\u0142eczna \u015awiatowej Rady Ko\u015bcio\u0142\u00f3w\u201d, napisana przez Edwarda Duffa opisuje filozofi\u0119, kt\u00f3r\u0105 kieruje si\u0119 Rada. Zgodnie z wizj\u0105 prof. W. E. Hockinga z Harvardu, kt\u00f3ry przewodniczy\u0142 Radzie, ma powsta\u0107 \u201ereligia przysz\u0142o\u015bci\u201d, reprezentuj\u0105ca \u201ewsp\u00f3ln\u0105 \u015bwiatow\u0105 kultur\u0119\u201d.<\/p>\r\n<p>Samo chrze\u015bcija\u0144stwo &#8211; wg prof. Hockinga &#8211; jest jedynie \u201eetapem\u201d w powszechnym poszukiwaniu \u201eprawo\u015bci.\u201d B\u0119dzie ona stanowi\u0142a cenny sk\u0142adnik religii przysz\u0142o\u015bci &#8211; \u201eNowego Testamentu ka\u017cdej istniej\u0105cej Wiary\u201d i s\u0142u\u017cy\u0107 jako \u201edusza\u201d przysz\u0142ej wsp\u00f3lnej kultury \u015bwiatowej. (Ksi\u0105\u017cka Hockinga z 1956 roku: \u201eThe Coming World Civilization\u201d). Aby powsta\u0142a \u015bwiatowa cywilizacja, Hocking stwierdza, \u017ce \u201d\u2039\u201d\u2039chrze\u015bcija\u0144stwo musi zosta\u0107 dostosowane do \u201eglobalnych\u201d warto\u015bci i musi odrzuci\u0107 elementy \u201edziel\u0105ce.\u201d Ta nowa religia ma by\u0107 mieszank\u0105 wierze\u0144 r\u00f3\u017cnych lud\u00f3w etnicznych, Wschodu itp.<\/p>\r\n<p>\u0179r\u00f3d\u0142o: cruxnow.com., oikoumene.org<\/p>\r\n<p>AS<\/p>","protected":false},"excerpt":{"rendered":"Papie\u017c Franciszek w czwartek udaje si\u0119 na kr\u00f3tk\u0105, jednodniow\u0105 pielgrzymk\u0119 do Szwajcarii. W Genewie odb\u0119dzie ekumeniczne spotkanie z przedstawicielami za\u0142o\u017conej z inicjatywy rodziny Rockefeller\u00f3w \u015awiatowej Rady Ko\u015bcio\u0142\u00f3w (World Council of Churches) dzia\u0142aj\u0105cej przy ONZ. Skupia ona przede wszystkim denominacje protestanckie. Papie\u017c jedzie na obchody upami\u0119tniaj\u0105ce 70-lecie postania \u015awiatowej Rady Ko\u015bcio\u0142\u00f3w propaguj\u0105cej Agend\u0119 30, a tak\u017ce [&hellip;]","protected":false},"author":1,"featured_media":0,"comment_status":"closed","ping_status":"closed","sticky":false,"template":"","format":"standard","meta":{"_acf_changed":false,"_monsterinsights_skip_tracking":false,"_monsterinsights_sitenote_active":false,"_monsterinsights_sitenote_note":"","_monsterinsights_sitenote_category":0,"ngg_post_thumbnail":0,"footnotes":"","_wp_rev_ctl_limit":""},"categories":[3],"tags":[301,238,33],"acf":[],"_links":{"self":[{"href":"https:\/\/www.bibula.com\/index.php?rest_route=\/wp\/v2\/posts\/102204"}],"collection":[{"href":"https:\/\/www.bibula.com\/index.php?rest_route=\/wp\/v2\/posts"}],"about":[{"href":"https:\/\/www.bibula.com\/index.php?rest_route=\/wp\/v2\/types\/post"}],"author":[{"embeddable":true,"href":"https:\/\/www.bibula.com\/index.php?rest_route=\/wp\/v2\/users\/1"}],"replies":[{"embeddable":true,"href":"https:\/\/www.bibula.com\/index.php?rest_route=%2Fwp%2Fv2%2Fcomments&post=102204"}],"version-history":[{"count":0,"href":"https:\/\/www.bibula.com\/index.php?rest_route=\/wp\/v2\/posts\/102204\/revisions"}],"wp:attachment":[{"href":"https:\/\/www.bibula.com\/index.php?rest_route=%2Fwp%2Fv2%2Fmedia&parent=102204"}],"wp:term":[{"taxonomy":"category","embeddable":true,"href":"https:\/\/www.bibula.com\/index.php?rest_route=%2Fwp%2Fv2%2Fcategories&post=102204"},{"taxonomy":"post_tag","embeddable":true,"href":"https:\/\/www.bibula.com\/index.php?rest_route=%2Fwp%2Fv2%2Ftags&post=102204"}],"curies":[{"name":"wp","href":"https:\/\/api.w.org\/{rel}","templated":true}]}}