{"id":102201,"date":"2018-06-18T16:00:23","date_gmt":"2018-06-18T20:00:23","guid":{"rendered":"http:\/\/www.bibula.com\/?p=102201"},"modified":"2018-06-18T16:00:23","modified_gmt":"2018-06-18T20:00:23","slug":"o-donaldzie-trumpie-kim-dzong-unie-waltherze-rathenau-oraz-innych-osobach-i-sprawach","status":"publish","type":"post","link":"https:\/\/www.bibula.com\/?p=102201","title":{"rendered":"O Donaldzie Trumpie, Kim Dzong Unie, Waltherze Rathenau oraz innych osobach i sprawach"},"content":{"rendered":"<blockquote>\r\n<p>Prawdziwi lekarze kontroluj\u0105 choroby, a nie osoby, fa\u0142szywi lekarze (psychiatrzy) kontroluj\u0105 osoby, a nie choroby<br>\r\n(<em>Thomas Szasz<\/em>)<\/p>\r\n<p>Jak m\u00f3wi stare powiedzenie psychiatryczne: neurotyk buduje zamki na piasku, psychotyk w nich mieszka a psychiatra pobiera czynsz<br>\r\n(<em>Thomas Szasz<\/em>)<\/p>\r\n<\/blockquote>\r\n<p>*****<\/p>\r\n<p>Jak wiadomo, ulubion\u0105 postaci\u0105 medialnej propagandy angloameryka\u0144skiej s\u0105 \u201ecrazy dictators\u201d: cesarz Wilhelm II, Adolf Hitler, Saddam Husajn, Muammar Kaddafi, Baszar al-Assad czy wreszcie Kim Dzong Un. Jednak\u017ce dzisiaj dyktator-wariat to nie tylko przyw\u00f3dca pa\u0144stwa desygnowanego przez USA na wroga, lecz tak\u017ce sam prezydent Donald Trump &#8211; inwektywy kierowane kiedy\u015b do zewn\u0119trznych wrog\u00f3w, s\u0105 obecnie u\u017cywane w walce wewn\u0119trznej, w kt\u00f3rej bior\u0105 udzia\u0142 zawodowi psychiatrzy. I tak 27 psychiatr\u00f3w, psycholog\u00f3w, ekspert\u00f3w od zdrowia psychicznego i psychoanalityk\u00f3w opublikowa\u0142o swoje przemy\u015blenia w ksi\u0105\u017cce The Dangerous Case of Donald Trump. Na podstawie wypowiedzi i zachowa\u0144 Donalda Trumpa poszczeg\u00f3lni eksperci postawili odpowiednie diagnozy: socjopata, paranoik, patologiczny narcyz, cz\u0142owiek o trwa\u0142ej utracie kontaktu z rzeczywisto\u015bci\u0105, na\u0142ogowy k\u0142amca, niezr\u00f3wnowa\u017cony psychicznie, cz\u0142owiek o g\u0142\u0119bokiej emocjonalnej niestabilno\u015bci. Eksperci s\u0105 zgodni co do tego, \u017ce stan psychiczny prezydenta stanowi oczywiste i realne zagro\u017cenie (clear and present danger &#8211; okre\u015blenie zaczerpni\u0119te z dyskursu bezpiecze\u0144stwa pa\u0144stwa) dla ca\u0142ego narodu i dobrostanu jednostek. Prezydentura Trumpa \u201espowodowa\u0142a, nie maj\u0105ce precedensu, skutki dla zdrowia psychicznego w kraju i poza granicami\u201d; jego \u201eszale\u0144stwo\u201d (madness) udziela si\u0119 innym. Nast\u0119puje wzrost poziomu przemocy w szko\u0142ach, ro\u015bnie ilo\u015b\u0107 przypadk\u00f3w molestowania seksualnego.<\/p>\r\n<p>Z kolei John Gartner, by\u0142y profesor psychiatrii na Johns Hopkins University, obecnie prowadz\u0105cy prywatn\u0105 praktyk\u0119 w Nowym Jorku i Baltimore, zainicjowa\u0142 petycj\u0119 \u201eDuty to Warn\u201d. Podpisa\u0142o j\u0105 ponad 60 000 psycholog\u00f3w, psychiatr\u00f3w, terapeut\u00f3w i innych specjalist\u00f3w w dziedzinie zdrowia psychicznego: \u201eMy ni\u017cej podpisani specjali\u015bci w dziedzinie zdrowia psychicznego wierzymy w nasz zawodowy os\u0105d, \u017ce Donald Trump wykazuje objawy powa\u017cnej choroby umys\u0142owej, kt\u00f3ra czyni go psychologicznie niezdolnym do kompetentnego wykonywania obowi\u0105zk\u00f3w prezydenta USA (\u2026) Domagamy si\u0119 usuni\u0119cia go z urz\u0119du zgodnie z artyku\u0142em czwartym 25 poprawki do konstytucji, kt\u00f3ry m\u00f3wi, \u017ce prezydent powinien zosta\u0107 zast\u0105piony na stanowisku, je\u015bli jest \u00abniezdolny do wykonywania uprawnie\u0144 i obowi\u0105zk\u00f3w swojego urz\u0119du\u00bb\u201d. Usuni\u0119cie Donalda Trumpa z urz\u0119du mo\u017ce by\u0107 tym bardziej nagl\u0105ce, \u017ce, jak zasugerowa\u0142 jeden z ameryka\u0144skich lekarzy, wykazuje on symptomy nieleczonego neurosyfilisu.<\/p>\r\n<p>Jak wida\u0107, du\u017ca cz\u0119\u015b\u0107 ameryka\u0144skich psychiatr\u00f3w anga\u017cuje si\u0119 w publiczny sp\u00f3r porzucaj\u0105c tzw. zasad\u0119 Goldwatera przyj\u0119t\u0105 przez Ameryka\u0144ski Zwi\u0105zek Psychiatr\u00f3w w 1973 roku i obowi\u0105zuj\u0105c\u0105 do dzi\u015b, a kt\u00f3ra &#8211; w zwi\u0105zku z publicznymi spekulacjami na temat stanu umys\u0142u konserwatywnego senatora Barry Goldwatera, startuj\u0105cego w 1964 roku w wyborach prezydenckich &#8211; zabrania psychiatrom wypowiada\u0107 si\u0119 na temat stanu psychicznego danej osoby bez jej zbadania, czyli niejako \u201ena odleg\u0142o\u015b\u0107\u201d. Kwesti\u0119 zaanga\u017cowania psychiatr\u00f3w w walk\u0119 polityczn\u0105 stara\u0142a si\u0119 wyja\u015bni\u0107 i uzasadni\u0107 redaktorka tomu The Dangerous Case of Donald Trump dr Bandy X. Lee, profesorka w Law and Psychiatry at Yale School of Medicine, wsp\u00f3\u0142za\u0142o\u017cycielka i kierowniczka Violence and Health Study Group w MacMillan Center for International and Area Studies, kt\u00f3ra ponadto wsp\u00f3\u0142kieruje Academic Collaborators for the World Health Organization\u2019s Violence Prevention Alliance (ta lista tytu\u0142\u00f3w, funkcji i instytucji doprawdy robi wra\u017cenie!). Dr Bandy X. Lee wyja\u015bni\u0142a, \u017ce wszystko zale\u017cy od tego, czy naukowcy wspieraj\u0105 nadu\u017cycia w\u0142adzy przez pa\u0144stwo, czy te\u017c stawiaj\u0105 im op\u00f3r. Je\u015bli &#8211; argumentowa\u0142a &#8211; zaprasza si\u0119 nas do wsp\u00f3\u0142pracy z pa\u0144stwowymi programami, naruszaj\u0105cymi prawa cz\u0142owieka, to naszym etycznym obowi\u0105zkiem jest odm\u00f3wi\u0107. Je\u015bli jednak widzimy, \u017ce \u201ew\u0142adza pa\u0144stwowa jest nadu\u017cywana przez osob\u0119 na wysokim stanowisku, b\u0119d\u0105c\u0105 niezr\u00f3wnowa\u017con\u0105 psychicznie, to obowi\u0105zkiem specjalist\u00f3w jest u\u015bwiadomienie tego opinii publicznej i podzielenie si\u0119 z ni\u0105 specjalistyczn\u0105 wiedz\u0105\u201d. W rzeczywisto\u015bci Bandy , jej koledzy i kole\u017canki, atakuj\u0105c prezydenta jako \u201eob\u0142\u0105kanego\u201d po prostu wsp\u00f3\u0142pracuj\u0105 z t\u0105 frakcj\u0105 w elicie w\u0142adzy, kt\u00f3ra d\u0105\u017cy do jego obalenia , innymi s\u0142owy wsp\u00f3\u0142pracuj\u0105 z jednym sektorem w\u0142adzy i s\u0142u\u017c\u0105 mu ubieraj\u0105c polityczne ataki na Trumpa w kostium \u201enaukowej\u201d terminologii wsp\u00f3\u0142czesnej psychiatrii i daj\u0105c argumenty do r\u0119ki politycznym wrogom Trumpa takim jak kongresmen Jamie Raskin (D-Md.), promuj\u0105cy ustaw\u0119 o powo\u0142aniu komisji, kt\u00f3ra zaj\u0105\u0107 si\u0119 ma fizyczn\u0105 i umys\u0142ow\u0105 zdolno\u015bci\u0105 prezydenta do pe\u0142nienia urz\u0119du czy te\u017c kongresmen Ted Lieu (D-Kalif.), proponuj\u0105cy sta\u0142\u0105 obecno\u015b\u0107 psychiatr\u00f3w w Bia\u0142ym Domu.<\/p>\r\n<p>*****<\/p>\r\n<blockquote>\r\n<p>Znachorstwo &#8211; pozorowanie wykonywania zawodu lekarza bez posiadania licencji, psychiatria &#8211; pozorowanie wykonywania zawodu lekarza z posiadaniem licencji<br>\r\n(<em>Thomasz Szasz<\/em>)<\/p>\r\n<p>Pod\u015bwiadomo\u015b\u0107 &#8211; tort do podzia\u0142u pomi\u0119dzy cz\u0142onk\u00f3w psychoanalitycznej mafii<br>\r\n(<em>Thomas Szasz<\/em>)<\/p>\r\n<\/blockquote>\r\n<p>*****<\/p>\r\n<p>Dla wewn\u0119trznych wrog\u00f3w Trump jest tym, kim dla propagandy skierowanej na zagranic\u0119 by\u0142 kiedy\u015b Saddam Husajn a dzi\u015b jest Kim Dzong Un, kt\u00f3rego \u201eszale\u0144cem\u201d i \u201echorym szczeniakiem\u201d nazwa\u0142 nie kto inny jak \u2026.Donald Trump. W odpowiedzi Kim Dzong Un ( mo\u017ce czyta\u0142 The Dangerous Case of Donald Trump ?) nazwa\u0142 go \u201eob\u0142\u0105kanym ramolem&#8221;. Gdyby\u015bmy przyj\u0119li zasad\u0119, \u017ce wrogowie polityczni m\u00f3wi\u0105 prawd\u0119 o sobie nawzajem, to wygl\u0105da na to, \u017ce dw\u00f3ch \u201ewariat\u00f3w\u201d &#8211; jeden w Waszyngtonie, drugi w Phenianie &#8211; obrzuca si\u0119 wyzwiskami i wygra\u017ca sobie potrz\u0105saj\u0105c maczugami w postaci bomb atomowych. Mimo i\u017c polityka Przewodnicz\u0105cego Partii Pracy Korei i Pierwszego Przewodnicz\u0105cego Narodowej Komisji Obrony marsza\u0142ka Kim Dzong Una wzbudza zrozumia\u0142e kontrowersje, to mo\u017cna zasadnie przypuszcza\u0107, \u017ce nie zamierza on prowadzi\u0107 \u201ewojny napastniczej\u201d przeciwko Ameryce, wiedz\u0105c doskonale, \u017ce jego kraj i system zbudowany przez jego dziadka zosta\u0142by ca\u0142kowicie zniszczony w odwetowym ataku najwi\u0119kszej pot\u0119gi militarnej na globie. Natomiast nie zamierza rezygnowa\u0107 z posiadania broni nuklearnej, bo chce unikn\u0105\u0107 marnego losu Saddama Husajna czy Muammara Kaddafiego. Z kolei prezydent USA Donald Trump, kt\u00f3rego znany ameryka\u0144ski psycholog Philip Zimbardo uwa\u017ca za \u201enajbardziej niebezpiecznego cz\u0142owieka na \u015bwiecie\u201d, zdaje sobie spraw\u0119 z tego, \u017ce zanim Korea P\u00f3\u0142nocna zosta\u0142aby zniszczona, mog\u0142oby zgin\u0105\u0107 wielu mieszka\u0144c\u00f3w Korei Po\u0142udniowej jak r\u00f3wnie\u017c ameryka\u0144skich \u017co\u0142nierzy. Nie mo\u017ce jednak pozwoli\u0107 Korei P\u00f3\u0142nocnej na posiadanie broni atomowej, przede wszystkim ze wzgl\u0119du na sojusznik\u00f3w (Korea Po\u0142udniowa i Japonia), kt\u00f3rzy mogliby doj\u015b\u0107 do przekonania, \u017ce Waszyngton co prawda wymaga od nich \u201esojuszniczego\u201d pos\u0142usze\u0144stwa, ale opieki (bezpiecze\u0144stwa) zapewni\u0107 nie potrafi. A w\u00f3wczas podstawy \u201esojuszu\u201d by\u0142yby zagro\u017cone i oba kraje mog\u0142yby zacz\u0105\u0107 szuka\u0107 innych protektor\u00f3w.<\/p>\r\n<p>Kryzys jest wi\u0119c nierozwi\u0105zywalny, bo \u017caden z przyw\u00f3dc\u00f3w nie ust\u0105pi, albo dlatego, \u017ce obaj s\u0105 \u201ewariatami\u201d, albo dlatego, \u017ce obaj s\u0105 zwolennikami \u201eracjonalnej polityki si\u0142y\u201d. Co zatem robi\u0107? Na to pytanie bardzo prost\u0105 odpowied\u017a da\u0142 Patrick Buchanan. Po\u0142udniowa Korea nale\u017cy do najbardziej rozwini\u0119tych kraj\u00f3w w Azji z ludno\u015bci\u0105 dwukrotnie wi\u0119ksz\u0105 ni\u017c Korea P\u00f3\u0142nocna, jej gospodarka jest 40 razy wi\u0119ksza ni\u017c gospodarka p\u00f3\u0142nocnego s\u0105siada. Dlaczego w\u0142a\u015bciwie &#8211; pyta Buchanan &#8211; wojska ameryka\u0144skie stacjonuj\u0105 od 1953 roku w Korei Po\u0142udniowej, zagra\u017caj\u0105c re\u017cimowi p\u00f3\u0142nocnokorea\u0144skiemu, mimo i\u017c \u015bwiat bardzo zmieni\u0142 si\u0119 od tamtego czasu? Nie mo\u017cemy &#8211; uwa\u017ca Buchanan &#8211; porzuci\u0107 Korei Po\u0142udniowej tak po prostu, wszak to nasz sojusznik, dlatego te\u017c Korea Po\u0142udniowa a tak\u017ce Japonia powinny za przyzwoleniem USA zbudowa\u0107 w\u0142asne potencja\u0142y nuklearnego odstraszania, a w\u00f3wczas USA mog\u0142yby wycofa\u0107 swoje wojska z tych kraj\u00f3w. Posiadaj\u0105c bro\u0144 nuklearn\u0105 Korea Po\u0142udniowa i Japonia same zapewni\u0142yby sobie bezpiecze\u0144stwo nie tylko wobec Korei P\u00f3\u0142nocnej, ale tak\u017ce uodporni\u0142yby si\u0119 na atomowy szanta\u017c ze strony Chin i Rosji.<\/p>\r\n<p>*****<\/p>\r\n<p>W dobiegaj\u0105cym ko\u0144ca \u201eroku Reformacji\u201d ukaza\u0142o si\u0119 w Polsce sporo, utrzymanych w do\u015b\u0107 polemicznym, a niekiedy wr\u0119cz pamfletowym stylu, publikacji o Marcinie Lutrze. Najpot\u0119\u017cniejszy cios, po kt\u00f3rym \u201eReformator\u201d ju\u017c si\u0119 nie podni\u00f3s\u0142 z desek, zada\u0142 mu Grzegorz Braun swoim demaskatorskim filmem \u201eLuter i rewolucja protestancka\u201d. \u0179eby zachowa\u0107 zdrowy s\u0105d na temat spraw sprzed p\u00f3\u0142 tysi\u0105ca lat i nieco odpocz\u0105\u0107 od rozgor\u0105czkowanych antyluterskich tyrad, warto si\u0119gn\u0105\u0107 po dzie\u0142o obiektywizuj\u0105ce t\u0119, jak\u017ce wa\u017cn\u0105 dla dziej\u00f3w Europy, posta\u0107, i pokazuj\u0105ce j\u0105 w szerokim kontek\u015bcie historycznym i kulturalnym: Heinz Schilling, Marcin Luter. Buntownik w czasach prze\u0142omu (prze\u0142. Jerzy Ka\u0142\u0105\u017cny, seria: Pozna\u0144ska Biblioteka Niemiecka, tom 44, Wydawnictwo Nauka i Innowacje, Pozna\u0144 2017). Za\u015b \u017ceby odpocz\u0105\u0107 od wszystkiego, poczytajmy Dywagacje Ciorana (prze\u0142. z j\u0119zyka rumu\u0144skiego Ireneusz Kania, Wydawnictwo Aletheia, Warszawa 2017).<\/p>\r\n<p>*****<\/p>\r\n<p>Wszyscy wiemy, \u017ce Niemcy to najpot\u0119\u017cniejszy kraj Europy, hegemon, gospodarczy gigant, a inne kraje unijne to marionetki Berlina. Ciekawe jednak, \u017ce, jak wynika z raportu Komisji Europejskiej o stanie zdrowia obywateli UE, je\u015bli chodzi o oczekiwan\u0105 d\u0142ugo\u015b\u0107 \u017cycia, niemiecki hegemon zajmuje w\u015br\u00f3d 28 cz\u0142onk\u00f3w Unii dopiero 18 miejsce, daleko poni\u017cej &#8211; zajmuj\u0105cych trzy pierwsze miejsca &#8211; Hiszpanii, W\u0142och i Francji. Dziecko urodzone w 2015 roku w niemieckiej \u201eCzwartej Rzeszy\u201d mo\u017ce statystycznie do\u017cy\u0107 \u015brednio 80,7 lat, w Hiszpanii &#8211; 83 , we W\u0142oszech 82,7, we Francji 82,4 lat. Przyczyna takiego stanu rzeczy tkwi podobno w tym, \u017ce obywatele hegemonialnego mocarstwa pij\u0105 za du\u017co alkoholu, pal\u0105 za du\u017co tytoniu i niezdrowo jedz\u0105. Czy\u017cby we W\u0142oszech mniej palili, we Francji mniej pili, a w Hiszpanii \u201elepiej\u201d si\u0119 od\u017cywiali? Chyba nie. Mo\u017ce zatem Niemcy szybciej umieraj\u0105, bo s\u0105 psychicznie wyko\u0144czeni pe\u0142nieniem roli hegemona Europy, zamartwiaj\u0105 si\u0119, nie \u015bpi\u0105 po nocach ze strachu, \u017ce ich kto\u015b tej roli nie pozbawi?<\/p>\r\n<p>*****<\/p>\r\n<blockquote>\r\n<p>Ka\u017cdy cz\u0142owiek sprzymierza si\u0119 tylko z sob\u0105<br>\r\n(<em>Emil Cioran<\/em>)<\/p>\r\n<\/blockquote>\r\n<p>*****<\/p>\r\n<p>W przytoczonym wy\u017cej artykule Adam Krzemi\u0144ski stwierdzi\u0142, \u017ce inspiracj\u0105 dla prawicy narodowej prowadz\u0105cej bardzo ostr\u0105 kampani\u0119 propagandow\u0105 przeciwko Narutowiczowi, sta\u0142a si\u0119 gwa\u0142towna \u015bmier\u0107 ministra spraw zagranicznych Rzeszy Niemieckiej, Walthera Rathenaua, kt\u00f3ry zgin\u0105\u0142 w zamachu p\u00f3\u0142 roku wcze\u015bniej. Poniewa\u017c dowod\u00f3w na to, \u017ce Eligiusz Niewiadomski inspirowa\u0142 si\u0119 tym zamachem, nie znamy, potraktujmy t\u0119 tez\u0119 Krzemi\u0144skiego jako rutynowy antyendecki przycinek.<\/p>\r\n<p>Przypomnijmy w tym miejscu, \u017ce w 2011 roku \u00f3wczesny premier Donald Tusk otrzyma\u0142 nagrod\u0119 przyznawan\u0105 przez fundacj\u0119 Walther Rathenau Institut za\u0142o\u017cony w 2008 roku w Berlinie przez bankiera Michaela A. Gotthelfa. W sk\u0142ad zarz\u0105du i rady fundacji wchodz\u0105 przedstawiciele cr\u00c3\u00a8me de cr\u00c3\u00a8me niemieckiej elity &#8211; bankierzy, redaktorzy wielkich medi\u00f3w, dyplomaci, wysocy urz\u0119dnicy ministerialni. Donald Tusk, kt\u00f3remu wr\u0119czono z\u0142oty medal z portretem Rathenaua, znalaz\u0142 si\u0119 w doborowym towarzystwie, gdy\u017c przed nim nagrodzono Hansa-Dietricha Genschera, Szymona Peresa, Hillary Clinton, a po nim Marka Rutte. Wyr\u00f3\u017cnienie przewodnicz\u0105cego Platformy Obywatelskiej wywo\u0142a\u0142o w Polsce kontrowersje &#8211; chodzi\u0142o zw\u0142aszcza o to, \u017ce Rathenau by\u0142 jednym z architekt\u00f3w uk\u0142adu Niemiec z Rosj\u0105 Sowieck\u0105 w Rapallo.<\/p>\r\n<p>W kr\u00f3tkiej biografii patrona nagrody zamieszczonej na stronie instytutu czytamy, \u017ce \u201ena pocz\u0105tku I wojny \u015bwiatowej powierzono mu zadania w pruskim ministerstwie wojny. Jednak jego w\u0142a\u015bciwa polityczna kariera zaczyna si\u0119 dopiero wraz z ko\u0144cem wojny\u201d, kiedy to zostaje ministrem odbudowy a potem ministrem spraw zagranicznych. Pomini\u0119to fakt, \u017ce w okresie I wojny \u015bwiatowej Rathenau okaza\u0142 si\u0119 znakomitym organizatorem niemieckiej gospodarki wojennej i cho\u0107 wed\u0142ug przeciwnik\u00f3w rozdawa\u0142 te\u017c zam\u00f3wienia rz\u0105dowe po znajomo\u015bci a i swojej firmie da\u0142 zarobi\u0107 (takie \u00f3wczesne partnerstwo publiczno-prywatne), to wszystkie swoje umiej\u0119tno\u015bci i talenty organizacyjno-przemys\u0142owe odda\u0142 do dyspozycji ojczyzny, aby zapewni\u0107 jej zwyci\u0119stwo. Po\u0142o\u017cy\u0142 wielkie zas\u0142ugi dla wysi\u0142ku wojennego cesarstwa niemieckiego. Wspiera\u0142 \u017c\u0105dania czo\u0142owych przemys\u0142owc\u00f3w, aby, w obliczu braku si\u0142y roboczej, deportowa\u0107 belgijskich cywil\u00f3w do pracy przymusowej w Niemczech, opowiada\u0142 si\u0119 za surowym traktowaniem ludno\u015bci belgijskie i za &#8211; jak podaje Adam Krzemi\u0144ski- bombardowaniem Londynu ze sterowc\u00f3w (zob. https:\/\/www.polityka.pl\/tygodnikpolityka\/historia\/1526051,1,zabojstwo-walthera-rathenaua.read). Sk\u0142ania\u0142 si\u0119 ku maksymalistycznym celom wojennym Wszechniemc\u00f3w, opowiada\u0142 si\u0119 za wyposa\u017ceniem Hindenburga i Ludendorffa w niemal nieograniczon\u0105 w\u0142adz\u0119. W 1918 roku krytykowa\u0142 zawieszenie broni, domaga\u0142 si\u0119 kontynuowania wojny i rzucenia Volkssturmu do walki przeciwko zewn\u0119trznym i wewn\u0119trznym wrogom, aby uzyska\u0107 lepsz\u0105 pozycj\u0119 wyj\u015bciow\u0105 przy negocjacjach pokojowych.<\/p>\r\n<p>Zgodnie z obowi\u0105zuj\u0105c\u0105 w RFN doktryn\u0105 pa\u0144stwow\u0105 do Rathenaua okresu wojny nawi\u0105zywa\u0107 nie wolno, bo to by\u0142by mocarstwowy nacjonalizm, natomiast polityk (narodowo) liberalny, pochodzenia \u017cydowskiego, kt\u00f3ry zgin\u0105\u0142 w wyniku \u201eprawicowo-radykalnego spisku przeciwko demokratycznej republice&#8221; (RFN to druga \u201eniemiecka republika\u201d, kt\u00f3rej zagra\u017caj\u0105 nacjonali\u015bci), pasuje idealnie do obecnej polityki historycznej. Ponadto jako polityk, uznaj\u0105cy po kl\u0119sce 1918 roku geopolityczne realia i opowiadaj\u0105cy si\u0119 za wsp\u00f3\u0142prac\u0105 ze zwyci\u0119zcami , jest dobrym patronem klasy politycznej RFN, kt\u00f3ra wszak sama powsta\u0142a w procesie \u201ekolaboracji\u201d ze zwyci\u0119skimi mocarstwami, realistycznie akceptuj\u0105c geopolityczne realia powsta\u0142e po kl\u0119sce 1945 roku. Jednak z drugiej strony rozmaite opinie i pogl\u0105dy, jakie prezentowa\u0142 Rathenau w swoich artyku\u0142ach i ksi\u0105\u017ckach mog\u0142yby mu w dzisiejszej RFN przysporzy\u0107 nie lada k\u0142opot\u00f3w. Na przyk\u0142ad w 1897 roku opublikowa\u0142 na \u0142amach pisma \u201eZukunft\u201d artyku\u0142 H\u00f6re, Israel (przedrukowany potem w ksi\u0105\u017cce Impressionen, Leipzig 1902) zawieraj\u0105cy niezwykle ostr\u0105 krytyk\u0119 imigrant\u00f3w \u017cydowskich przybywaj\u0105cych do Niemiec ze wschodu i z po\u0142udniowego-wschodu &#8211; ich nap\u0142yw uwa\u017ca\u0142 za wysoce niekorzystny dla Niemiec. J\u0119zyk artyku\u0142u by\u0142 miejscami wr\u0119cz brutalny: \u201eW samym \u015brodku niemieckiego \u017cycia odr\u0119bny, obcy ludzki szczep. (\u2026) Azjatycka horda na brandenburskich piaskach. (\u2026) W \u015bcis\u0142ych zwi\u0105zkach pomi\u0119dzy sob\u0105, w rygorystycznej izolacji wobec \u015bwiata zewn\u0119trznego &#8211; tak \u017cyj\u0105 w, na po\u0142y dobrowolnym, niewidzialnym getcie, nie \u017cywotny cz\u0142on narodu, lecz obcy organizm w jego ciele\u201d (Impressionen, s.4). Uwa\u017ca\u0142, \u017ce \u201ekto kocha swoj\u0105 ojczyzn\u0119, temu wolno i ten powinien by\u0107 troch\u0119 szowinist\u0105\u201d (Impressionen , s.15) . Stworzy\u0142 te\u017c do dzisiaj powielan\u0105 \u201eteori\u0119 spiskow\u0105\u201d: \u201e300 ludzi, z kt\u00f3rych ka\u017cdy ka\u017cdego zna, kieruje gospodarczymi losami kontynentu i wyszukuje nast\u0119pc\u00f3w ze swojego \u015brodowiska\u201d (Zur Kritik der Zeit, Berlin 1922, s.207; I wyd.1912).<\/p>\r\n<p>Zamach na Rathenaua przeprowadzono 24 czerwca 1922 roku: na berli\u0144skiej K\u00f6nigsallee zamachowcy ostrzelali jad\u0105cy bez policyjnej eskorty otwarty samoch\u00f3d ministra z pistoletu maszynowego (podobna sytuacja powt\u00f3rzy\u0142a si\u0119 dwadzie\u015bcia lat p\u00f3\u017aniej, kiedy w Pradze dokonano zamachu na protektora Czech i Moraw Reinharda Heydricha), a nast\u0119pnie wrzucili do niego granat r\u0119czny. Zamachowcami byli porucznicy cesarskiej marynarki wojennej w stanie spoczynku Erwin Kern (23 lata) i Hermann Fischer (26 lat) oraz by\u0142y kadet marynarki wojennej Ernst Werner Techow (20 lat), kt\u00f3ry prowadzi\u0142 ich samoch\u00f3d. Zabicie ministra mia\u0142o by\u0107 \u201eciosem w serce Systemu\u201d, sygna\u0142em rewolty przeciwko \u201eokupantom\u201d i \u201ekolaborantom\u201d &#8211; co oczywiste, \u017cadnego z tych cel\u00f3w zamachowcy nie osi\u0105gn\u0119li.<\/p>\r\n<p>Nie chcieli instalowa\u0107 narodowej dyktatury, marzy\u0142a im si\u0119 kontrrewolucja, kt\u00f3ra przywr\u00f3ci w Niemczech monarchi\u0119. Byli rozgor\u0105czkowanymi, lecz naiwnymi patriotami, powiedzmy wprost, politycznymi durniami &#8211; ich politycznie bezsensowny, zbrodniczy czyn obr\u00f3ci\u0142 si\u0119 przeciwko prawicy. Prezydent Rzeszy Ebert zaraz w dniu zab\u00f3jstwa Rathenaua wyda\u0142 nadzwyczajne rozporz\u0105dzenie o ochronie republiki, a wkr\u00f3tce potem parlament uchwali\u0142 specustaw\u0119 przewiduj\u0105c\u0105 zakaz wrogich republice organizacji, zgromadze\u0144 i publikacji, powo\u0142anie, zreszt\u0105 niezgodnie z konstytucj\u0105, specjalnego s\u0105du w Lipsku dla os\u0105dzania atak\u00f3w na republik\u0119 i jej reprezentant\u00f3w. Policja b\u0142yskawicznie rozbi\u0142a struktury \u201eOrganisation Consul\u201d, z kt\u00f3rej rekrutowali si\u0119 zamachowcy. Na mocy specustawy zdelegalizowano m.in. Deutschv\u00f6lkische Schutz- und Trutzbund, najbardziej masow\u0105 organizacj\u0119 ultraprawicy licz\u0105c\u0105 podobno 200 000 cz\u0142onk\u00f3w (w ich pisemkach Rathenau wyst\u0119powa\u0142 jako \u201eRathenau-Trocki\u201d). Ponadto uchwalono amnesti\u0119 (tzw.Rathenau-Amnestie) dla dzia\u0142aczy komunistycznych odbywaj\u0105cych kary wi\u0119zienia za udzia\u0142 w akcjach antypa\u0144stwowych (obejmuj\u0105cych zamachy bombowe) w czasie tzw. Mitteldeutscher Aufstand w marcu 1921 roku (zgin\u0119\u0142o w\u00f3wczas 180 os\u00f3b, w tym 35 policjant\u00f3w). We wszystkich wi\u0119kszych miastach organizowane by\u0142y demonstracje i manifestacje poparcia dla rz\u0105du, dochodzi\u0142o do atak\u00f3w na nacjonalistycznych dzia\u0142aczy i na ich biura. Jak wi\u0119kszo\u015b\u0107 zamach\u00f3w terrorystycznych, tak i zamach na Rathenaua jedynie umocni\u0142 system w\u0142adzy i przyczyni\u0142 si\u0119 do zamiany Niemiec w \u201epa\u0144stwo stanu wyj\u0105tkowego\u201d.<\/p>\r\n<p>Niekt\u00f3rzy niezale\u017cni publicy\u015bci niemieccy zastanawiaj\u0105 si\u0119, w jakim stopniu \u201eOrganisation Consul\u201d by\u0142a infiltrowana przez s\u0142u\u017cby specjalne, nie tylko niemieckie. Jako jeden z architekt\u00f3w uk\u0142adu w Rapallo i cz\u0142owiek zaanga\u017cowany w wielkie finansowo-polityczne operacje z pewno\u015bci\u0105 narobi\u0142 sobie pot\u0119\u017cnych wrog\u00f3w. Nie jest wi\u0119c wcale wykluczone, \u017ce m\u0142odzi zapale\u0144cy byli jedynie instrumentem w r\u0119kach si\u0142 o wiele od nich pot\u0119\u017cniejszych. Ich polityczno-duchowy \u015bwiat i postaw\u0119 wobec \u017cycia opisa\u0142, skazany za wsp\u00f3\u0142udzia\u0142 w terrorystycznym zamachu na Rathenaua na pi\u0119\u0107 lat wi\u0119zienia, Ernst von Salomon w ksi\u0105\u017cce Wykl\u0119ci (Die Ge\u00c3\u00a4chteten, 1930), opartej na w\u0105tkach autobiograficznych. Ta bardzo dobra powie\u015b\u0107 polityczna, napisana rozwibrowanym j\u0119zykiem, \u015bwietnie oddaje podwy\u017cszon\u0105 temperatur\u0119 polityczn\u0105 tamtych czas\u00f3w. Jest bardzo udanym literackim portretem narodowo-rewolucyjnych desperados, tytu\u0142owych \u201ewykl\u0119tych\u201d, kt\u00f3rzy zaczynali jako bojownicy freikorps\u00f3w, t\u0142umili komunistyczne rewolty, walczyli z naszymi powsta\u0144cami na \u015al\u0105sku, z bolszewikami na wschodzie, by, \u201ezdradzeni\u201d przez rz\u0105d w Berlinie, w obliczu ko\u0144ca politycznych z\u0142udze\u0144, zej\u015b\u0107 do \u201epodziemia\u201d, skierowa\u0107 bro\u0144 przeciwko \u201ezdrajcom\u201d we w\u0142asnych szeregach i legalnym w\u0142adzom. Na marginesie dodajmy, \u017ce von Salomon nie mia\u0142 najwy\u017cszego mniemania o narodzie niemieckim: \u201eTen nar\u00f3d handlarzy kapust\u0105 nie jest w stanie zrobi\u0107 rewolucji\u201d. Lekcewa\u017c\u0105co wyra\u017ca\u0142 si\u0119 te\u017c o Adolfie Hitlerze: \u201eGdzie by\u0142 Hitler, kiedy my bili\u015bmy si\u0119 z komunistami w 1919?\u201d<\/p>\r\n<p>17 lipca 1922 roku policja otoczy\u0142a zamek Saaleck niedaleko Bad K\u00f6sen ( Saksonia-Anhalt), gdzie schronili si\u0119 zamachowcy; Kern zgin\u0105\u0142 od kul policjant\u00f3w, Fischer sam wymierzy\u0142 sobie sprawiedliwo\u015b\u0107 pope\u0142niaj\u0105c samob\u00f3jstwo. Zostali pochowani na skraju przyko\u015bcielnego cmentarza w wiosce Saaleck. Towarzysze walki z freikorps\u00f3w oraz narodowi socjali\u015bci gloryfikowali zamachowc\u00f3w jako bojownik\u00f3w walki z bolszewizmem i bohater\u00f3w poleg\u0142ych w imi\u0119 niepodleg\u0142o\u015bci i suwerenno\u015bci Rzeszy , w obronie honoru i wolno\u015bci ojczyzny (analogicznie polscy radykalni narodowcy czcili Niewiadomskiego).<\/p>\r\n<p>W 1933 roku postawiono na miejscu ich poch\u00f3wku kamie\u0144 pami\u0105tkowy ufundowany przez wodza z napisem b\u0119d\u0105cym cytatem z Ernsta Moritza Arndta:<\/p>\r\n<blockquote>\r\n<p>Czy\u0144, co musisz,<\/p>\r\n<p>Zwyci\u0119\u017caj lub gi\u0144<\/p>\r\n<p>Bogu pozostaw<\/p>\r\n<p>os\u0105d<\/p>\r\n<\/blockquote>\r\n<p>W 2000 roku z inicjatywy tamtejszego pastora kamie\u0144 zosta\u0142 zdemontowany przez \u017co\u0142nierzy Bundeswehry, za\u015b gr\u00f3b zamachowc\u00f3w zlikwidowano &#8211; przetrwa\u0142 okupacj\u0119 sowieck\u0105 i rz\u0105dy partii komunistycznej, dopiero \u201eliberalni demokraci\u201d z RFN go splantowali &#8211; ci \u015bcigaj\u0105 ideowych wrog\u00f3w a\u017c za gr\u00f3b, nie dadz\u0105 im \u201espocz\u0105\u0107 w pokoju\u201d.<\/p>\r\n<p>*****<\/p>\r\n<p>Front walki z cyfrow\u0105 demencj\u0105 umacnia si\u0119! Brawo dla prezydenta Macrona za zakaz u\u017cywania w szko\u0142ach kom\u00f3rek, smartfon\u00f3w i innych og\u0142upiaczy dzieci i m\u0142odzie\u017cy. Bent Meier S\u00c3\u00b8rensen (Kopenhaska Wy\u017csza Szko\u0142a Biznesu) dowodzi jednoznacznie, \u017ce \u201eprezentacje\u201d w PowerPoint (Prezi, SlideRocket czy Impress s\u0105 jeszcze gorsze) siej\u0105 intelektualn\u0105 nud\u0119 i powoduj\u0105 g\u0142upot\u0119, stanowi\u0105c przekle\u0144stwo dla milion\u00f3w niewinnych s\u0142uchaczy od korporacji do sal uniwersyteckich (http:\/\/krytykapolityczna.pl\/nauka\/zakazac-power-pointa-na-akademii). Apeluj\u0119 o przy\u0142\u0105czenie si\u0119 do kampanii na rzecz pisania pi\u00f3rem (http:\/\/ladnepisanie.pl). Po raz kolejny przypominam o lekturach absolutnie obowi\u0105zkowych: Manfred Spitzer Cyfrowa demencja oraz Cyberchoroby (Wydawnictwo Dobra Literatura).<\/p>\r\n<p><strong><em>Tomasz Gabi\u015b<\/em><\/strong><\/p>\r\n<p>stycze\u0144 2018<\/p>","protected":false},"excerpt":{"rendered":"Prawdziwi lekarze kontroluj\u0105 choroby, a nie osoby, fa\u0142szywi lekarze (psychiatrzy) kontroluj\u0105 osoby, a nie choroby (Thomas Szasz) Jak m\u00f3wi stare powiedzenie psychiatryczne: neurotyk buduje zamki na piasku, psychotyk w nich mieszka a psychiatra pobiera czynsz (Thomas Szasz) ***** Jak wiadomo, ulubion\u0105 postaci\u0105 medialnej propagandy angloameryka\u0144skiej s\u0105 \u201ecrazy dictators\u201d: cesarz Wilhelm II, Adolf Hitler, Saddam Husajn, [&hellip;]","protected":false},"author":1,"featured_media":0,"comment_status":"closed","ping_status":"closed","sticky":false,"template":"","format":"standard","meta":{"_acf_changed":false,"_monsterinsights_skip_tracking":false,"_monsterinsights_sitenote_active":false,"_monsterinsights_sitenote_note":"","_monsterinsights_sitenote_category":0,"ngg_post_thumbnail":0,"footnotes":"","_wp_rev_ctl_limit":""},"categories":[9],"tags":[166,364,116,412,381],"acf":[],"_links":{"self":[{"href":"https:\/\/www.bibula.com\/index.php?rest_route=\/wp\/v2\/posts\/102201"}],"collection":[{"href":"https:\/\/www.bibula.com\/index.php?rest_route=\/wp\/v2\/posts"}],"about":[{"href":"https:\/\/www.bibula.com\/index.php?rest_route=\/wp\/v2\/types\/post"}],"author":[{"embeddable":true,"href":"https:\/\/www.bibula.com\/index.php?rest_route=\/wp\/v2\/users\/1"}],"replies":[{"embeddable":true,"href":"https:\/\/www.bibula.com\/index.php?rest_route=%2Fwp%2Fv2%2Fcomments&post=102201"}],"version-history":[{"count":0,"href":"https:\/\/www.bibula.com\/index.php?rest_route=\/wp\/v2\/posts\/102201\/revisions"}],"wp:attachment":[{"href":"https:\/\/www.bibula.com\/index.php?rest_route=%2Fwp%2Fv2%2Fmedia&parent=102201"}],"wp:term":[{"taxonomy":"category","embeddable":true,"href":"https:\/\/www.bibula.com\/index.php?rest_route=%2Fwp%2Fv2%2Fcategories&post=102201"},{"taxonomy":"post_tag","embeddable":true,"href":"https:\/\/www.bibula.com\/index.php?rest_route=%2Fwp%2Fv2%2Ftags&post=102201"}],"curies":[{"name":"wp","href":"https:\/\/api.w.org\/{rel}","templated":true}]}}