{"id":102104,"date":"2018-06-12T12:59:24","date_gmt":"2018-06-12T16:59:24","guid":{"rendered":"http:\/\/www.bibula.com\/?p=102104"},"modified":"2018-06-26T11:32:48","modified_gmt":"2018-06-26T15:32:48","slug":"gdy-ujawnilem-ze-muzeum-polin-jest-zbudowane-na-szczatkach-ludzkich-starano-sie-zwolnic-mnie-z-pracy","status":"publish","type":"post","link":"https:\/\/www.bibula.com\/?p=102104","title":{"rendered":"&#8222;Gdy ujawni\u0142em, \u017ce Muzeum Polin jest zbudowane na szcz\u0105tkach ludzkich starano si\u0119 zwolni\u0107 mnie z pracy&#8221;"},"content":{"rendered":"<p><strong>Ksi\u0105\u017cka, autorstwa &#8211; w\u00f3wczas &#8211; doktora &#8211;&nbsp;Bogus\u0142awa Kopki o&nbsp;KL&nbsp;Warschau wydana w&nbsp;IPN wywo\u0142a\u0142a wielki szum w&nbsp;\u015brodowisku historycznym, a&nbsp;tak\u017ce w\u015br\u00f3d os\u00f3b wspieraj\u0105cych ide\u0119 budowy pomnika ku&nbsp;czci ofiar tego\u017c obozu, skupionych wok\u00f3\u0142 pani s\u0119dzi Marii&nbsp;Trzci\u0144skiej.<\/strong><\/p>\r\n<p>Genez\u0105 tego szumu by\u0142 stan bada\u0144 nad histori\u0105 obozu. Rada Ochrony Pami\u0119ci Walki i&nbsp;M\u0119cze\u0144stwa, sama nie mog\u0105c podj\u0105\u0107 decyzji co&nbsp;do&nbsp;tre\u015bci upami\u0119tnienia obozu na&nbsp;planowanym pomniku, zg\u0142osi\u0142a bodaj w&nbsp;2006 r. wniosek do&nbsp;IPN z&nbsp;pro\u015bb\u0105 o&nbsp;rozstrzygni\u0119cie sporu do&nbsp;do&nbsp;obszaru obozu, liczby pomordowanych Polak\u00f3w, czasu istnienia oraz istnienia lub nie, kom\u00f3r gazowych na&nbsp;jego terenie (konkretnie w&nbsp;miejscu rozbudowy w\u0119z\u0142a kolejowego przy dworcu Warszawa&nbsp;Zachodnia).<\/p>\r\n<p><strong>Razem z&nbsp;prof. Januszem Kurtyk\u0105 podj\u0119li\u015bmy zatem decyzj\u0119 (by\u0142em w\u00f3wczas dyrektorem BEP IPN), \u017ce&nbsp;zaprosimy pani\u0105 Mari\u0119 Trzci\u0144sk\u0105 by&nbsp;razem z&nbsp;wytypowanym przez nas historykiem z&nbsp;IPN (dr&nbsp;Kopk\u0105) opracowali wsp\u00f3ln\u0105 prac\u0119 na&nbsp;ten&nbsp;temat.<\/strong><\/p>\r\n<ul>\r\n\t<li>CZYTAJ R\u00d3WNIE\u017b: <a href=\"https:\/\/wpolityce.pl\/historia\/398924-nasz-wywiad-prof-kopka-oboz-koncentracyjny-kl-warschau-miescil-sie-m-in-na-terenie-gdzie-stoi-muzeum-polin\">NASZ WYWIAD. Prof. Kopka: Ob\u00f3z koncentracyjny KL&nbsp;Warschau mie\u015bci\u0142 si\u0119 m. in. na&nbsp;terenie, gdzie stoi Muzeum&nbsp;Polin<\/a><\/li>\r\n<\/ul>\r\n<p>Niestety, szybko okaza\u0142o si\u0119, \u017ce&nbsp;nie uda si\u0119 wypracowa\u0107 wsp\u00f3lnego stanowiska, st\u0105d zaproponowali\u015bmy by&nbsp;powsta\u0142a ksi\u0105\u017cka &#8211; dwug\u0142os. I&nbsp;na&nbsp;to&nbsp;nie zgodzi\u0142a si\u0119 pani s\u0119dzia, wycofuj\u0105c sw\u00f3j tekst. \u201eJednostronna\u201d, jak j\u0105&nbsp;w\u00f3wczas nazwano, publikacja dr&nbsp;Kopki stanowi\u0142a zatem doskona\u0142y, cho\u0107 pozamerytoryczny, cel ataku. Pami\u0119tam spotkanie w&nbsp;Muzeum Powstania Warszawskiego, promocj\u0119 ksi\u0105\u017cki, kt\u00f3ra o&nbsp;ma\u0142o nie zako\u0144czy\u0142a si\u0119 wej\u015bciem oddzia\u0142\u00f3w prewencji policji; takie by\u0142y emocje! O&nbsp;pod\u0142o\u017cu tych emocji d\u0142ugo by&nbsp;mo\u017cna by\u0142o m\u00f3wi\u0107. <strong>Niestety, konsekwencj\u0105 szumu wok\u00f3\u0142 ksi\u0105\u017cki by\u0142o zaniechanie przez Rad\u0119 (dzi\u015b ju\u017c nieistniej\u0105c\u0105) budowy pomnika ku&nbsp;czci ofiar KL&nbsp;Warschau.<\/strong> Nie chciano jak rozumiem uzna\u0107 arbitralnie ustale\u0144 Kopki, potem Zygmunta Walkowskiego, i&nbsp;przeci\u0105\u0107 dalsze spekulacje op\u00f3\u017aniaj\u0105ce nale\u017cne uhonorowanie ofiar \u017cydowskich i&nbsp;polskich w&nbsp;tym obozie. To&nbsp;przykre, bo&nbsp;jest to&nbsp;bodaj jedyny ob\u00f3z koncentracyjny, kt\u00f3ry nie ma&nbsp;swego nale\u017cnego uhonorowania w&nbsp;przestrzeni geograficzno-historycznej w&nbsp;Europie.<strong> <a href=\"https:\/\/wpolityce.pl\/historia\/398924-nasz-wywiad-prof-kopka-oboz-koncentracyjny-kl-warschau-miescil-sie-m-in-na-terenie-gdzie-stoi-muzeum-polin\">Wywiad z&nbsp;prof. Kopk\u0105 mo\u017cna potraktowa\u0107, jako impuls dla w\u0142adz (raczej przysz\u0142ych) miasta Warszawy i&nbsp;MKiDN, by&nbsp;wr\u00f3ci\u0107 do&nbsp;zaniechanego tematu upami\u0119tnienia ofiar obozu i&nbsp;sko\u0144czy\u0107 go&nbsp;godnie<\/a>.<\/strong><\/p>\r\n<p>Niew\u0105tpliwie, jednym ze&nbsp;skutk\u00f3w opracowania zadanego przez kierownictwo IPN dr&nbsp;Kopce, by\u0142y jego ustalania dotycz\u0105ce kolejnych los\u00f3w terytorium, na&nbsp;kt\u00f3rym znajdowa\u0142 si\u0119 ob\u00f3z. W&nbsp;tym los\u00f3w powojennych, kiedy to&nbsp;na&nbsp;obszarze obozu i&nbsp;jego ruin grzebano ludzi, w&nbsp;tym wi\u0119zionych po&nbsp;wojnie&nbsp;Niemc\u00f3w.<\/p>\r\n<p><strong>Pami\u0119tam doskonale, a&nbsp;mo\u017cna to&nbsp;sprawdzi\u0107 w&nbsp;internecie i&nbsp;w&nbsp;zasobach telewizji, a&nbsp;tak\u017ce w&nbsp;aktach zak\u0142adowych IPN (w&nbsp;dokumentacji adresowanej do&nbsp;prezesa), jak\u0105 furie wywo\u0142a\u0142em z&nbsp;racji upublicznienia informacji, \u017ce&nbsp;Muzeum Polin budowane jest na&nbsp;szcz\u0105tkach ludzkich.<\/strong><\/p>\r\n<p>Jedni, jak prof. Tomasz Szarota nie negowali fakt\u00f3w, ale argumentowali \u017ce&nbsp;ca\u0142a Warszawa jest cmentarzyskiem (do&nbsp;tego odni\u00f3s\u0142 si\u0119 dzi\u015b w&nbsp;wywiadzie prof. Kopka), inni s\u0142ali na&nbsp;mnie donosy (prezes IPN Janusz Kurtyka pokazywa\u0142 mi&nbsp;co&nbsp;najmniej jeden), \u017ce&nbsp;<strong>zerwa\u0142em niepisan\u0105 umow\u0119 podj\u0119t\u0105 za&nbsp;plecami opinii publicznej (do&nbsp;dzi\u015b nie wiem mi\u0119dzy kim a&nbsp;kim), kt\u00f3rej sednem by\u0142o kontynuowanie planu budowy Muzeum \u201ebez zak\u0142\u00f3ce\u0144\u201d.<\/strong><\/p>\r\n<p>Przypomn\u0119, \u017ce&nbsp;w&nbsp;tym czasie plac nie by\u0142 jeszcze zabudowany i&nbsp;op\u00f3\u017anienie rob\u00f3t nie stanowi\u0142o fundamentalnej przeszkody w&nbsp;budowie tego wa\u017cnego obiektu pami\u0119ci. Prawda, jak wiadomo, i&nbsp;tak, i&nbsp;tak wyp\u0142ynie &#8211; pr\u0119dzej czy p\u00f3\u017aniej (nie s\u0105dz\u0119 by&nbsp;akurat po&nbsp;naszych&nbsp;tekstach).<\/p>\r\n<p><strong>Zobaczymy, czy te&nbsp;same osoby, kt\u00f3re niegdy\u015b zaj\u0119\u0142y si\u0119 donoszeniem by&nbsp;zwolni\u0107 mnie z&nbsp;pracy, b\u0119d\u0105 potrafi\u0142y zniwelowa\u0107 szkody.<\/strong> Pozdrawiam prof. Bogus\u0142awa&nbsp;Kopk\u0119.<\/p>\r\n<p><strong><em>Jan \u0179aryn<\/em><\/strong><br>\r\nHistoryk, profesor UKSW, pracownik IPN, by\u0142y dyrektor BEP IPN, prezes Stowarzyszenia PJN, spo\u0142ecznik, wychowawca.<\/p>\r\n<p>[\u0179r\u00f3d\u0142o:] <a href=\"https:\/\/wpolityce.pl\/historia\/398961-prof-zaryn-dla-wpolitycepl-gdy-ujawnilem-ze-muzeum-polin-jest-zbudowane-na-szczatkach-ludzkich-starano-sie-zwolnic-mnie-z-pracy\">https:\/\/wpolityce.pl\/historia\/398961-prof-zaryn-dla-wpolitycepl-gdy-ujawnilem-ze-muzeum-polin-jest-zbudowane-na-szczatkach-ludzkich-starano-sie-zwolnic-mnie-z-pracy<\/a><\/p>\r\n<p class=\"zrodlo\">Za: <a href=\"http:\/\/dakowski.pl\/index.php?option=com_content&amp;task=view&amp;id=23154&amp;Itemid=100\">Strona prof. Miros\u0142awa Dakowskiego (11.06.2018)<\/a><\/p>\r\n<h4>&nbsp;<\/h4>\r\n<hr style=\"background-color: #000000; border-width: 0; color: #000000; height: 2px; line-height: 0; text-align: center; width: 100%;\">\r\n<h4>&nbsp;<\/h4>\r\n<blockquote>\r\n<p><strong>KOMENTARZ <em>BIBU\u0141Y<\/em><\/strong>: Czy pami\u0119taj\u0105 Pa\u0144stwo wielokrotne pojawianie si\u0119 pani s\u0119dziny Trzci\u0144skiej w Radio Maryja i TV Trwam, gdzie przez wiele, wiele godzin gada\u0142a dos\u0142ownie bzdury o KL Warschau? Czy pami\u0119taj\u0105 Pa\u0144stwo jak nawiedzona pani s\u0119dzina opluwa\u0142a pana dr. Kopk\u0119, bo ten w swojej pracy naukowej nie zgadza\u0142 si\u0119 z jej chorymi teoriami jakoby w tym obozie zgin\u0119\u0142o&#8230; 200 tysi\u0119cy ludzi? (Czyli 10 razy wi\u0119cej ni\u017c przypuszcza si\u0119, \u017ce tam zgin\u0119\u0142o, chocia\u017c i tutaj potrzebne s\u0105 dalsze badania aby t\u0119 liczb\u0119 uwiarygodni\u0107.) Niestety, Radio Maryja, TV Trwam, ojciec Rydzyk, wyst\u0119puj\u0105cy w studiach oraz pisz\u0105cy na \u0142amach Naszego Dziennika redaktorzy &#8211; wszyscy oni kontynuowali optyk\u0119 pani s\u0119dziny i ok\u0142amywali spo\u0142ecze\u0144stwo. Prof. \u0179aryn m\u00f3wi dzisiaj o towarzysz\u0105cych &#8222;emocjach&#8221; w tamtym czasie, ale kto te emocje rozgrzewa\u0142? Ano Radio Maryja i jej ojciec Dyrektor, promuj\u0105c chore teorie pani s\u0119dziny i rozgrzewaj\u0105c spo\u0142eczne nastroje.<\/p>\r\n<p>Prof. \u0179aryn m\u00f3wi: &#8222;<em>Niestety, konsekwencj\u0105 szumu wok\u00f3\u0142 ksi\u0105\u017cki by\u0142o zaniechanie przez Rad\u0119 (dzi\u015b ju\u017c nieistniej\u0105c\u0105) budowy pomnika ku&nbsp;czci ofiar KL&nbsp;Warschau. <strong>Nie chciano jak rozumiem uzna\u0107 arbitralnie ustale\u0144 Kopki, potem Zygmunta Walkowskiego<\/strong>, i&nbsp;przeci\u0105\u0107 dalsze spekulacje op\u00f3\u017aniaj\u0105ce nale\u017cne uhonorowanie ofiar \u017cydowskich i&nbsp;polskich w&nbsp;tym obozie.<\/em>&#8221; Ale kto nie chcia\u0142 przyj\u0105\u0107 ustale\u0144 dr. Kopki, kto to czyni\u0142??<\/p>\r\n<p>Prawda za\u015b jest taka, \u017ce w KL Warschau &#8211; wbrew temu co twierdzi\u0142a p. s\u0119dzina &#8211; nie by\u0142o kom\u00f3r gazowych wykorzystywanych do zag\u0142ady wi\u0119\u017ani\u00f3w i \u017ce liczba ofiar nie mo\u017ce by\u0107 wzi\u0119ta z sufitu aby spe\u0142nia\u0142a z g\u00f3ry przyj\u0119te tezy, za\u015b wszystkie te zagadnienia musz\u0105 by\u0107 rozpatrywane w spos\u00f3b spe\u0142niaj\u0105cy kryteria bada\u0144 naukowych, a nie ideologii.<\/p>\r\n<p>Pora na refleksj\u0119 tych medi\u00f3w, kt\u00f3re absolutnie nie przyjmuj\u0105 \u017cadnych krytyk, ocen, czy sugestii (wystarczy nieco pos\u0142ucha\u0107 Radio Maryja aby przekona\u0107 si\u0119 jak skutecznie ojcowie prowadz\u0105cy wyciszaj\u0105 i roz\u0142\u0105czaj\u0105 s\u0142uchaczy chc\u0105cy powiedzie\u0107 co\u015b co jest sprzeczne z &#8222;lini\u0105 partyjn\u0105&#8221; RM). Pora na refleksj\u0119 nad promowaniem temat\u00f3w, kt\u00f3re niewiele maj\u0105 wsp\u00f3lnego z prawd\u0105 i rzeczywisto\u015bci\u0105.<\/p>\r\n<p>A dla przypomnienia oto nasz KOMENTARZ w sprawie KL Warschau sprzed ponad 8 lat &#8211; <span style=\"text-decoration: underline;\"><strong><a href=\"http:\/\/www.bibula.com\/?p=17201\">tutaj<\/a><\/strong><\/span><\/p>\r\n<p>&nbsp;<\/p>\r\n<p>I jeszcze kilka uwag co do wywiadu z prof. Kopk\u0105 (&#8222;<a href=\"https:\/\/wpolityce.pl\/historia\/398924-nasz-wywiad-prof-kopka-oboz-koncentracyjny-kl-warschau-miescil-sie-m-in-na-terenie-gdzie-stoi-muzeum-polin\">NASZ WYWIAD. Prof. Kopka: Ob\u00f3z koncentracyjny KL Warschau mie\u015bci\u0142 si\u0119 m. in. na terenie, gdzie stoi Muzeum Polin<\/a>&#8222;). Wywiad raz jeszcze pokazuje stan \u015bwiadomo\u015bci historycznej nawet tych wybitnych naukowc\u00f3w, kt\u00f3rzy bez refleksji kontynuuj\u0105 w niekt\u00f3rych kluczowych zagadnieniach niesprawdzone, niezweryfikowane frazesy. Dla przyk\u0142adu:<\/p>\r\n<p style=\"padding-left: 30px;\">&#8222;W&nbsp;lipcu 1942 r. przyby\u0142 z&nbsp;Lublina sztab realizuj\u0105cy akcj\u0119 Reinhardt i&nbsp;zarz\u0105dzi\u0142 Wielk\u0105 Akcj\u0119, tzw. deportacj\u0119 \u017byd\u00f3w na&nbsp;Wsch\u00f3d. W&nbsp;ci\u0105gu dw\u00f3ch miesi\u0119cy wywieziono do&nbsp;Treblinki znaczn\u0105 cz\u0119\u015b\u0107 \u017byd\u00f3w i&nbsp;tam ich zamordowano.&#8221;<\/p>\r\n<p>To, \u017ce z Warszawy wywieziono cz\u0119\u015b\u0107 \u017byd\u00f3w na Wsch\u00f3d, z kt\u00f3rych cz\u0119\u015b\u0107 trafi\u0142a do obozu w Treblince, nie oznacza, \u017ce &#8222;tam ich zamordowano&#8221;. Mo\u017ce prof. Kopka zainteresuje si\u0119 rzekomymi sposobami masowych mord\u00f3w w Treblince (i innych obozach jak Be\u0142\u017cec i Sobib\u00f3r), je\u015bli po dzi\u015b dzie\u0144 trudno o rzeczow\u0105 odpowied\u017a na pytanie w jaki spos\u00f3b zgin\u0119\u0142y ofiary w tych\u017ce obozach. Nawet te najwi\u0119ksze \u017cydowskie encyklopedie i najt\u0119\u017csze g\u0142owy historyk\u00f3w ortodoksyjnych (np. Hilberg) do tej pory twierdz\u0105, \u017ce g\u0142\u00f3wn\u0105 przyczyn\u0105 \u015bmierci w tych obozach by\u0142y\u2026 spaliny silnik\u00f3w dieslowskich (chodzi o tlenek w\u0119gla, kt\u00f3ry jednak w tych\u017ce gazach wyst\u0119puje w znikomych ilo\u015bciach, niemo\u017cliwych do dokonania takich zbrodni). Oczywi\u015bcie nie tylko brak podstawowych bada\u0144 fizykochemicznych mog\u0105cych potwierdzi\u0107 sam\u0105 <em>mo\u017cliwo\u015b\u0107 masowego u\u015bmiercania spalinami dieslowskimi<\/em>, ale nawet we wsp\u00f3\u0142czesnej \u015bwiatowej literaturze medycznej znany i udokumentowany jest jak do tej pory zaledwie <strong>jeden jedyny<\/strong> przypadek \u015bmierci od gaz\u00f3w spalinowych silnik\u00f3w dieslowskich. Podkre\u015blmy: oficjalna propaganda &#8211; zwana oficjaln\u0105 wersj\u0105 tzw. Holokaustu &#8211; opiera si\u0119 na tym, \u017ce a\u017c 2\/3 (<em>sic!<\/em>) wszystkich \u017cydowskich ofiar obozowych zgin\u0119\u0142a nie od Cyklonu-B, lecz od tlenku w\u0119gla!! Czy pan prof. Kopka zdaje sobie spraw\u0119 z bezsensowno\u015bci technicznej dokonania tak astronomicznej zbrodni przy pomocy tego rodzaju \u015brodka?? Oczywi\u015bcie, \u017ce nie zdaje sobie sprawy, bowiem nikt nie bada tych nonsens\u00f3w, lecz przyjmuje bez zastanowienia i zastrze\u017ce\u0144.<\/p>\r\n<p style=\"padding-left: 30px;\">&#8222;Przyjmuje si\u0119, \u017ce&nbsp;w&nbsp;Treblince zgin\u0119\u0142o tyle samo albo nawet wi\u0119cej \u017byd\u00f3w&nbsp;co&nbsp;w&nbsp;Auschwitz.&#8221;<\/p>\r\n<p>Kto przyjmuje, na jakiej podstawie?? No i jak mo\u017cna w og\u00f3le wyra\u017ca\u0107 takie opinie, je\u015bli nawet ortodoksyjni historycy (czyli ci co przyjmuj\u0105 wersj\u0119 holokaustyczn\u0105) dowolnie szacuj\u0105 swoje liczby przez co mamy do czynienia z ogromnym rozrzutem liczby ofiar. Zajrzyjmy do oficjalnych ksi\u0105\u017cek: Tregenza twierdzi\u0142 w roku 2000, \u017ce w Be\u0142\u017ccu zgin\u0119\u0142o milion \u017byd\u00f3w, lecz w tym\u017ce samym roku Jean-Claude Pressac pisa\u0142, \u017ce zgin\u0119\u0142o tam &#8222;poni\u017cej 150 tysi\u0119cy\u201d. W Sobiborze podobnie: Zimmerman m\u00f3wi o &#8222;350 tysi\u0105cach\u201d, Pressac &#8211; &#8222;poni\u017cej 35 tysi\u0119cy\u201d, czyli dziesi\u0119ciokrotnie mniej. W przypadku Treblinki, propaganda sowiecka i powojenna &#8222;oficjalna historiografia\u201d m\u00f3wi\u0105 nawet o &#8222;7 milionach ofiar\u201d, \u017cydowski &#8222;\u015bwiadek\u201d Rajzman wylicza &#8222;3 miliony ofiar\u201d, van Pelt m\u00f3wi o 750 tysi\u0105cach, a Pressac ju\u017c o &#8222;poni\u017cej 250 tysi\u0105cach\u201d. Gdzie zatem le\u017cy prawda przy tak wielkich rozrzutach? Do tego grona do\u0142\u0105cza prof. Kopka ze swoim, \u017ce w Treblince &#8222;zgin\u0119\u0142o nawet wi\u0119cej \u017byd\u00f3w ni\u017c w Auschwitz&#8221;, tylko jak to ma si\u0119 do prawdy historycznej &#8211; kt\u00f3rej przecie\u017c nie wolno bada\u0107 gdy\u017c ka\u017cde odej\u015bcie od oficjalnej wersji holokaustycznej wi\u0105\u017ce si\u0119 z represjami karnymi oraz spo\u0142eczn\u0105 i naukow\u0105 destrukcj\u0105&#8230; CZYTAJ r\u00f3wnie\u017c nasz KOMENTARZ <span style=\"text-decoration: underline;\"><strong><a href=\"http:\/\/www.bibula.com\/?p=48105\">tutaj<\/a><\/strong><\/span><\/p>\r\n<p style=\"padding-left: 30px;\">&#8222;G\u0142\u00f3wnym in\u017cynierem KL&nbsp;Warschau by\u0142 Hans Kammler, ten sam, kt\u00f3ry budowa\u0142 komory gazowe i&nbsp;krematoria&nbsp;w&nbsp;Auschwitz-Birkenau.&#8221;<\/p>\r\n<p>Nie oznacza to automatycznie, \u017ce in\u017cynier Hans Kammler nadzoruj\u0105cy budow\u0119 krematori\u00f3w w KL Auschwitz i komory gazowej (wykorzystywanej z pewno\u015bci\u0105 do cel\u00f3w dezynfekcyjnych, tak jak w innych obozach czy niemieckich koszarach wojskowych), wybudowa\u0142 te\u017c te komory w KL Warschau. A je\u015bli one istnia\u0142y w KL Warschau &#8211; co oczywi\u015bcie musz\u0105 dowie\u015b\u0107 rzetelne badania, cho\u0107 do tej pory nic na to nie wskazuje &#8211; mo\u017ce oznacza\u0107 jedynie to, \u017ce s\u0142u\u017cy\u0142y do tego do czego zosta\u0142y zbudowane w innych obozach &#8211; do dezynfekcji, szczeg\u00f3lnie w czasie epidemii tyfusu i plagi insekt\u00f3w.<\/p>\r\n<p style=\"padding-left: 30px;\">&#8222;W&nbsp;protoko\u0142ach G\u0142\u00f3wnej Komisji Badania Zbrodni Hitlerowskich na&nbsp;Narodzie Polskim znajduj\u0105 si\u0119 \u015bwiadectwa, kt\u00f3re m\u00f3wi\u0105 o&nbsp;dzia\u0142aniu w&nbsp;Warszawie przyby\u0142ego z&nbsp;\u0141odzi samochodu-komory gazowej, przypominaj\u0105cego, takie jakie dzia\u0142a\u0142y w&nbsp;Che\u0142mnie nad&nbsp;Nerem.&#8221;<\/p>\r\n<p>Co do ustale\u0144 r\u00f3\u017cnego rodzaju powojennych &#8222;Komisji&#8221; i ich &#8222;\u015bwiadectw&#8221; mo\u017cna tworzy\u0107 dziesi\u0105tki prac doktorskich wskazuj\u0105cych na rozbie\u017cno\u015bci w zeznaniach ze stanem faktycznym. Mo\u017ce warto zajrze\u0107 do wynik\u00f3w prac jednej z takich wspania\u0142ych Komisji, gdzie &#8222;udowodniono, obliczono i pokazano \u015bwiatu&#8221; jak dzia\u0142a\u0142y &#8222;komory gazowe&#8221;<br>\r\n&nbsp;np. w Kijowie i ile\u017c tam Niemcy mieli wymordowa\u0107 patriot\u00f3w sowieckich? (&#8222;<em>Komunikat Nadzwyczajnej Komisji Pa\u0144stwowej do ustalenia i zbadania zbrodni niemieckich naje\u017ad\u017ac\u00f3w faszystowskich i ich s\u0142ugus\u00f3w oraz szk\u00f3d, wyrz\u0105dzonych przez nich obywatelom, ko\u0142chozom, organizacjom spo\u0142ecznym, przedsi\u0119biorstwom i instytucjom USSR.&#8221; Wydanictwo Literatury w J\u0119zykach Obcych, Moskwa 1944. Podpisano do druku 3-IV-1944<\/em>&#8222;) Ile\u017c tam jest powo\u0142anych \u015bwiadk\u00f3w przez jedn\u0105 z takich Komisji, jak dok\u0142adnie &#8211; ju\u017c w kwietniu 1944 roku &#8211; potrafiono wyliczy\u0107 liczb\u0119 ofiar, no jak precyzyjnie dzia\u0142a\u0142a ta Komisja Specjalna, wszak przewodniczy\u0142 jej sam N. Chruszczew (oryginalna pisownia), a cz\u0142onkami by\u0142o wielu wybitnych akademik\u00f3w i bieg\u0142ych lekarskich. Czy badacze tzw. Holokaustu r\u00f3wnie\u017c posi\u0142kuj\u0105 si\u0119 pracami tych Komisji, czy te\u017c ich obliczenia dzisiaj jako\u015b wysz\u0142y z mody i promuje si\u0119 obecnie co\u015b bardziej wygodnego?<\/p>\r\n<p>A co do &#8222;samochodu-komory gazowej&#8221;, kt\u00f3ry mia\u0142 pojawi\u0107 si\u0119 w Warszawie nie \u015bwiadczy to o niczym ponad to, \u017ce si\u0119 tam pojawi\u0142 i by\u0107 mo\u017ce &#8211; przy braku sta\u0142ej komory gazowej &#8211; dokonywano rutynowych dezynfekcji np. ubra\u0144 niemieckiego personelu nadzoruj\u0105cego ob\u00f3z, czyli to co by\u0142o standardem w innych obozach.<\/p>\r\n<p>Niech powa\u017cni naukowcy nie wysuwaj\u0105 bezpodstawnych wniosk\u00f3w.<\/p>\r\n<\/blockquote>\r\n<h4>&nbsp;<\/h4>\r\n<hr style=\"background-color: #000000; border-width: 0; color: #000000; height: 2px; line-height: 0; text-align: center; width: 100%;\">\r\n<h4>&nbsp;<\/h4>","protected":false},"excerpt":{"rendered":"Ksi\u0105\u017cka, autorstwa &#8211; w\u00f3wczas &#8211; doktora &#8211;&nbsp;Bogus\u0142awa Kopki o&nbsp;KL&nbsp;Warschau wydana w&nbsp;IPN wywo\u0142a\u0142a wielki szum w&nbsp;\u015brodowisku historycznym, a&nbsp;tak\u017ce w\u015br\u00f3d os\u00f3b wspieraj\u0105cych ide\u0119 budowy pomnika ku&nbsp;czci ofiar tego\u017c obozu, skupionych wok\u00f3\u0142 pani s\u0119dzi Marii&nbsp;Trzci\u0144skiej. Genez\u0105 tego szumu by\u0142 stan bada\u0144 nad histori\u0105 obozu. Rada Ochrony Pami\u0119ci Walki i&nbsp;M\u0119cze\u0144stwa, sama nie mog\u0105c podj\u0105\u0107 decyzji co&nbsp;do&nbsp;tre\u015bci upami\u0119tnienia obozu na&nbsp;planowanym [&hellip;]","protected":false},"author":1,"featured_media":0,"comment_status":"closed","ping_status":"closed","sticky":false,"template":"","format":"standard","meta":{"_acf_changed":false,"_monsterinsights_skip_tracking":false,"_monsterinsights_sitenote_active":false,"_monsterinsights_sitenote_note":"","_monsterinsights_sitenote_category":0,"ngg_post_thumbnail":0,"footnotes":"","_wp_rev_ctl_limit":""},"categories":[328,8],"tags":[22,53,83,20,59],"acf":[],"_links":{"self":[{"href":"https:\/\/www.bibula.com\/index.php?rest_route=\/wp\/v2\/posts\/102104"}],"collection":[{"href":"https:\/\/www.bibula.com\/index.php?rest_route=\/wp\/v2\/posts"}],"about":[{"href":"https:\/\/www.bibula.com\/index.php?rest_route=\/wp\/v2\/types\/post"}],"author":[{"embeddable":true,"href":"https:\/\/www.bibula.com\/index.php?rest_route=\/wp\/v2\/users\/1"}],"replies":[{"embeddable":true,"href":"https:\/\/www.bibula.com\/index.php?rest_route=%2Fwp%2Fv2%2Fcomments&post=102104"}],"version-history":[{"count":0,"href":"https:\/\/www.bibula.com\/index.php?rest_route=\/wp\/v2\/posts\/102104\/revisions"}],"wp:attachment":[{"href":"https:\/\/www.bibula.com\/index.php?rest_route=%2Fwp%2Fv2%2Fmedia&parent=102104"}],"wp:term":[{"taxonomy":"category","embeddable":true,"href":"https:\/\/www.bibula.com\/index.php?rest_route=%2Fwp%2Fv2%2Fcategories&post=102104"},{"taxonomy":"post_tag","embeddable":true,"href":"https:\/\/www.bibula.com\/index.php?rest_route=%2Fwp%2Fv2%2Ftags&post=102104"}],"curies":[{"name":"wp","href":"https:\/\/api.w.org\/{rel}","templated":true}]}}